{"id":20787,"date":"2019-08-26T20:57:50","date_gmt":"2019-08-26T23:57:50","guid":{"rendered":"http:\/\/revistavitrineibiuna.com.br\/?p=20787"},"modified":"2019-08-27T09:16:19","modified_gmt":"2019-08-27T12:16:19","slug":"eleicao-de-uma-mulher-para-o-cargo-de-prefeito-poderia-mudar-a-historia-politica-de-ibiuna","status":"publish","type":"post","link":"http:\/\/revistavitrineibiuna.com.br\/?p=20787","title":{"rendered":"ELEI\u00c7\u00c3O DE UMA MULHER PARA O CARGO DE PREFEITO PODERIA MUDAR A HIST\u00d3RIA POL\u00cdTICA DE IBI\u00daNA"},"content":{"rendered":"<p><strong><a href=\"http:\/\/revistavitrineibiuna.com.br\/wp-content\/uploads\/2019\/08\/ruth-1.jpg\"><img loading=\"lazy\" class=\"aligncenter size-full wp-image-20790\" src=\"http:\/\/revistavitrineibiuna.com.br\/wp-content\/uploads\/2019\/08\/ruth-1.jpg\" alt=\"\" width=\"640\" height=\"360\" srcset=\"http:\/\/revistavitrineibiuna.com.br\/wp-content\/uploads\/2019\/08\/ruth-1.jpg 640w, http:\/\/revistavitrineibiuna.com.br\/wp-content\/uploads\/2019\/08\/ruth-1-300x169.jpg 300w\" sizes=\"(max-width: 640px) 100vw, 640px\" \/><\/a><\/strong><\/p>\n<p><strong>A melhor not\u00edcia que poder\u00edamos dar em rela\u00e7\u00e3o \u00e0s elei\u00e7\u00f5es municipais de outubro de 2020, seria a participa\u00e7\u00e3o de uma mulher para o cargo de prefeito. Talvez a presen\u00e7a de uma mulher no Executivo pudesse fazer uma grande diferen\u00e7a, j\u00e1 que nunca tiveram a oportunidade de ocupar esse importante cargo, e as administra\u00e7\u00f5es dos homens deixaram e deixam muito a desejar.<\/strong><\/p>\n<p><strong>A mulher possui qualidades que para os homens ainda faltam no trato humano imprescind\u00edveis para gerir com sensibilidade nosso munic\u00edpio. Os homens conservam estere\u00f3tipos machistas muito arraigados, sobretudo na forma como se relacionam com os mun\u00edcipes e como enfrentam os problemas. Falta-lhes, por exemplo, a delicadeza feminina de encarar a vida, essencial para entender as reais car\u00eancias da popula\u00e7\u00e3o.<\/strong><\/p>\n<p><strong>Em toda a hist\u00f3ria pol\u00edtica ibiunense, registram-se dois momentos em que uma mulher se disp\u00f4s a ocupar essa fun\u00e7\u00e3o. A primeira foi a Dra. Margarida Giancoli, m\u00e9dica ginecologista muito respeitada na cidade, que atua em sua profiss\u00e3o no Posto de Sa\u00fade do Paiol Pequeno. Ela foi candidata a vice-prefeita na chapa do ex-prefeito Zezito Falci, em sua primeira candidatura, mas n\u00e3o foram eleitos.<\/strong><\/p>\n<p><strong>No ano 2000, a\u00ed sim, pela primeira vez, surgiu uma mulher candidata para esse cargo, Dra. Ruth Maria Canto Cury, que atua como advogada na cidade. Seu vice, tamb\u00e9m, advogado, foi o Dr. S\u00e9rgio Leite. Cury obteve pouco mais de 2.000 votos e ficou em terceiro lugar nos resultados eleitorais daquele ano.<\/strong><\/p>\n<p><strong>Cury disse \u00e0 vitrine online que, na ocasi\u00e3o, sofreu muito preconceito pelo fato de ser mulher e, talvez, isso explique a raz\u00e3o de somente as duas terem se candidato e n\u00e3o se ter not\u00edcia at\u00e9 agora de que haja uma mulher como poss\u00edvel pr\u00e9-candidata a 2020.<\/strong><\/p>\n<p><strong>A elei\u00e7\u00e3o de uma mulher ao cargo de prefeito representaria uma importante quebra na tradi\u00e7\u00e3o em que somente homens se candidatam. <\/strong><\/p>\n<p><strong>Cury avaliou que a mulher re\u00fane qualidades importantes que, muitas vezes, n\u00e3o s\u00e3o determinantes na atua\u00e7\u00e3o dos homens. <\/strong><\/p>\n<p><strong>\u201cAs mulheres t<\/strong><strong>\u00eam mais garra, s\u00e3o mais organizadas, v\u00e3o at\u00e9 o fim no trabalho que iniciam, s\u00e3o mais persistentes e, especialmente, mais honestas, e mais dif\u00edceis de serem corrompidas.\u201d (Carlos Rossini \u00e9 editor de vitrine online)<\/strong><\/p>\n<p>&nbsp;<\/p>\n","protected":false},"excerpt":{"rendered":"<p>A melhor not\u00edcia que poder\u00edamos dar em rela\u00e7\u00e3o \u00e0s elei\u00e7\u00f5es municipais de outubro de 2020, seria a participa\u00e7\u00e3o de uma<\/p>\n","protected":false},"author":1,"featured_media":20788,"comment_status":"open","ping_status":"open","sticky":false,"template":"","format":"standard","meta":[],"categories":[3,255],"tags":[],"yoast_head":"<!-- This site is optimized with the Yoast SEO plugin v15.8 - https:\/\/yoast.com\/wordpress\/plugins\/seo\/ -->\n<title>ELEI\u00c7\u00c3O DE UMA MULHER PARA O CARGO DE PREFEITO PODERIA MUDAR A HIST\u00d3RIA POL\u00cdTICA DE IBI\u00daNA - Revista Vitrine Online<\/title>\n<meta name=\"robots\" content=\"index, follow, max-snippet:-1, max-image-preview:large, max-video-preview:-1\" \/>\n<link rel=\"canonical\" href=\"https:\/\/revistavitrineibiuna.com.br\/?p=20787\" \/>\n<meta property=\"og:locale\" content=\"pt_BR\" \/>\n<meta property=\"og:type\" content=\"article\" \/>\n<meta property=\"og:title\" content=\"ELEI\u00c7\u00c3O DE UMA MULHER PARA O CARGO DE PREFEITO PODERIA MUDAR A HIST\u00d3RIA POL\u00cdTICA DE IBI\u00daNA - Revista Vitrine Online\" \/>\n<meta property=\"og:description\" content=\"A melhor not\u00edcia que poder\u00edamos dar em rela\u00e7\u00e3o \u00e0s elei\u00e7\u00f5es municipais de outubro de 2020, seria a participa\u00e7\u00e3o de uma\" \/>\n<meta property=\"og:url\" content=\"https:\/\/revistavitrineibiuna.com.br\/?p=20787\" \/>\n<meta property=\"og:site_name\" content=\"Revista Vitrine Online\" \/>\n<meta property=\"article:published_time\" content=\"2019-08-26T23:57:50+00:00\" \/>\n<meta property=\"article:modified_time\" content=\"2019-08-27T12:16:19+00:00\" \/>\n<meta property=\"og:image\" content=\"http:\/\/revistavitrineibiuna.com.br\/wp-content\/uploads\/2019\/08\/ruth.jpg\" \/>\n\t<meta property=\"og:image:width\" content=\"640\" \/>\n\t<meta property=\"og:image:height\" content=\"360\" \/>\n<meta name=\"twitter:card\" content=\"summary\" \/>\n<meta name=\"twitter:label1\" content=\"Est. reading time\">\n\t<meta name=\"twitter:data1\" content=\"2 minutos\">\n<script type=\"application\/ld+json\" class=\"yoast-schema-graph\">{\"@context\":\"https:\/\/schema.org\",\"@graph\":[{\"@type\":\"WebSite\",\"@id\":\"https:\/\/revistavitrineibiuna.com.br\/#website\",\"url\":\"https:\/\/revistavitrineibiuna.com.br\/\",\"name\":\"Revista Vitrine Ibi\\u00fana\",\"description\":\"A Revista de Ibi\\u00fana e Regi\\u00e3o\",\"publisher\":{\"@id\":\"https:\/\/revistavitrineibiuna.com.br\/#\/schema\/person\/e51ef49d6d88170ea21ceabff3f73deb\"},\"potentialAction\":[{\"@type\":\"SearchAction\",\"target\":\"https:\/\/revistavitrineibiuna.com.br\/?s={search_term_string}\",\"query-input\":\"required name=search_term_string\"}],\"inLanguage\":\"pt-BR\"},{\"@type\":\"ImageObject\",\"@id\":\"https:\/\/revistavitrineibiuna.com.br\/?p=20787#primaryimage\",\"inLanguage\":\"pt-BR\",\"url\":\"http:\/\/revistavitrineibiuna.com.br\/wp-content\/uploads\/2019\/08\/ruth.jpg\",\"width\":640,\"height\":360},{\"@type\":\"WebPage\",\"@id\":\"https:\/\/revistavitrineibiuna.com.br\/?p=20787#webpage\",\"url\":\"https:\/\/revistavitrineibiuna.com.br\/?p=20787\",\"name\":\"ELEI\\u00c7\\u00c3O DE UMA MULHER PARA O CARGO DE PREFEITO PODERIA MUDAR A HIST\\u00d3RIA POL\\u00cdTICA DE IBI\\u00daNA - Revista Vitrine Online\",\"isPartOf\":{\"@id\":\"https:\/\/revistavitrineibiuna.com.br\/#website\"},\"primaryImageOfPage\":{\"@id\":\"https:\/\/revistavitrineibiuna.com.br\/?p=20787#primaryimage\"},\"datePublished\":\"2019-08-26T23:57:50+00:00\",\"dateModified\":\"2019-08-27T12:16:19+00:00\",\"breadcrumb\":{\"@id\":\"https:\/\/revistavitrineibiuna.com.br\/?p=20787#breadcrumb\"},\"inLanguage\":\"pt-BR\",\"potentialAction\":[{\"@type\":\"ReadAction\",\"target\":[\"https:\/\/revistavitrineibiuna.com.br\/?p=20787\"]}]},{\"@type\":\"BreadcrumbList\",\"@id\":\"https:\/\/revistavitrineibiuna.com.br\/?p=20787#breadcrumb\",\"itemListElement\":[{\"@type\":\"ListItem\",\"position\":1,\"item\":{\"@type\":\"WebPage\",\"@id\":\"https:\/\/revistavitrineibiuna.com.br\/\",\"url\":\"https:\/\/revistavitrineibiuna.com.br\/\",\"name\":\"In\\u00edcio\"}},{\"@type\":\"ListItem\",\"position\":2,\"item\":{\"@type\":\"WebPage\",\"@id\":\"https:\/\/revistavitrineibiuna.com.br\/?p=20787\",\"url\":\"https:\/\/revistavitrineibiuna.com.br\/?p=20787\",\"name\":\"ELEI\\u00c7\\u00c3O DE UMA MULHER PARA O CARGO DE PREFEITO PODERIA MUDAR A HIST\\u00d3RIA POL\\u00cdTICA DE IBI\\u00daNA\"}}]},{\"@type\":\"Article\",\"@id\":\"https:\/\/revistavitrineibiuna.com.br\/?p=20787#article\",\"isPartOf\":{\"@id\":\"https:\/\/revistavitrineibiuna.com.br\/?p=20787#webpage\"},\"author\":{\"@id\":\"https:\/\/revistavitrineibiuna.com.br\/#\/schema\/person\/e51ef49d6d88170ea21ceabff3f73deb\"},\"headline\":\"ELEI\\u00c7\\u00c3O DE UMA MULHER PARA O CARGO DE PREFEITO PODERIA MUDAR A HIST\\u00d3RIA POL\\u00cdTICA DE IBI\\u00daNA\",\"datePublished\":\"2019-08-26T23:57:50+00:00\",\"dateModified\":\"2019-08-27T12:16:19+00:00\",\"mainEntityOfPage\":{\"@id\":\"https:\/\/revistavitrineibiuna.com.br\/?p=20787#webpage\"},\"commentCount\":0,\"publisher\":{\"@id\":\"https:\/\/revistavitrineibiuna.com.br\/#\/schema\/person\/e51ef49d6d88170ea21ceabff3f73deb\"},\"image\":{\"@id\":\"https:\/\/revistavitrineibiuna.com.br\/?p=20787#primaryimage\"},\"articleSection\":\"Not\\u00edcias,POL\\u00cdTICA\",\"inLanguage\":\"pt-BR\",\"potentialAction\":[{\"@type\":\"CommentAction\",\"name\":\"Comment\",\"target\":[\"https:\/\/revistavitrineibiuna.com.br\/?p=20787#respond\"]}]},{\"@type\":[\"Person\",\"Organization\"],\"@id\":\"https:\/\/revistavitrineibiuna.com.br\/#\/schema\/person\/e51ef49d6d88170ea21ceabff3f73deb\",\"name\":\"Carlos Rossini\",\"image\":{\"@type\":\"ImageObject\",\"@id\":\"https:\/\/revistavitrineibiuna.com.br\/#personlogo\",\"inLanguage\":\"pt-BR\",\"url\":\"http:\/\/1.gravatar.com\/avatar\/4f2d0f99fac1f85c7d643f21f5c8d900?s=96&d=mm&r=g\",\"caption\":\"Carlos Rossini\"},\"logo\":{\"@id\":\"https:\/\/revistavitrineibiuna.com.br\/#personlogo\"},\"description\":\"Carlos Rossini \\u00e9 jornalista, soci\\u00f3logo, escritor e professor universit\\u00e1rio, tendo sido professor de jornalismo por vinte anos. Trabalhou em ve\\u00edculos de comunica\\u00e7\\u00e3o nas fun\\u00e7\\u00f5es de rep\\u00f3rter, redator, editor, articulista e colaborador, como Folha de S. Paulo, O Estado de S. Paulo, Di\\u00e1rio Popular, entre outros. Ao transferir a revista vitrine, vers\\u00e3o imprensa, de S\\u00e3o Paulo para Ibi\\u00fana h\\u00e1 alguns anos, iniciou uma nova experi\\u00eancia profissional, dedicando-se ao jornalismo regional, depois de cumprir uma trajet\\u00f3ria bem-sucedida na grande imprensa brasileira. Seu primeiro livro A Coragem de Comunicar foi lan\\u00e7ado na Bienal do Livro em S\\u00e3o Paulo no ano 2000, pela editora Madras.\"}]}<\/script>\n<!-- \/ Yoast SEO plugin. -->","_links":{"self":[{"href":"http:\/\/revistavitrineibiuna.com.br\/index.php?rest_route=\/wp\/v2\/posts\/20787"}],"collection":[{"href":"http:\/\/revistavitrineibiuna.com.br\/index.php?rest_route=\/wp\/v2\/posts"}],"about":[{"href":"http:\/\/revistavitrineibiuna.com.br\/index.php?rest_route=\/wp\/v2\/types\/post"}],"author":[{"embeddable":true,"href":"http:\/\/revistavitrineibiuna.com.br\/index.php?rest_route=\/wp\/v2\/users\/1"}],"replies":[{"embeddable":true,"href":"http:\/\/revistavitrineibiuna.com.br\/index.php?rest_route=%2Fwp%2Fv2%2Fcomments&post=20787"}],"version-history":[{"count":8,"href":"http:\/\/revistavitrineibiuna.com.br\/index.php?rest_route=\/wp\/v2\/posts\/20787\/revisions"}],"predecessor-version":[{"id":20797,"href":"http:\/\/revistavitrineibiuna.com.br\/index.php?rest_route=\/wp\/v2\/posts\/20787\/revisions\/20797"}],"wp:featuredmedia":[{"embeddable":true,"href":"http:\/\/revistavitrineibiuna.com.br\/index.php?rest_route=\/wp\/v2\/media\/20788"}],"wp:attachment":[{"href":"http:\/\/revistavitrineibiuna.com.br\/index.php?rest_route=%2Fwp%2Fv2%2Fmedia&parent=20787"}],"wp:term":[{"taxonomy":"category","embeddable":true,"href":"http:\/\/revistavitrineibiuna.com.br\/index.php?rest_route=%2Fwp%2Fv2%2Fcategories&post=20787"},{"taxonomy":"post_tag","embeddable":true,"href":"http:\/\/revistavitrineibiuna.com.br\/index.php?rest_route=%2Fwp%2Fv2%2Ftags&post=20787"}],"curies":[{"name":"wp","href":"https:\/\/api.w.org\/{rel}","templated":true}]}}