{"id":20799,"date":"2019-08-27T21:12:18","date_gmt":"2019-08-28T00:12:18","guid":{"rendered":"http:\/\/revistavitrineibiuna.com.br\/?p=20799"},"modified":"2019-08-27T21:23:38","modified_gmt":"2019-08-28T00:23:38","slug":"em-10-anos-27-milhoes-de-brasileiros-morreram-ou-tiveram-invalidez-permanente-em-acidentes-com-moto","status":"publish","type":"post","link":"http:\/\/revistavitrineibiuna.com.br\/?p=20799","title":{"rendered":"EM 10 ANOS \u2013 2,7 MILH\u00d5ES DE BRASILEIROS MORRERAM OU TIVERAM INVALIDEZ PERMANENTE EM ACIDENTES DE MOTOS"},"content":{"rendered":"<p><strong><a href=\"http:\/\/revistavitrineibiuna.com.br\/wp-content\/uploads\/2019\/08\/acidente-de-moto-1.jpg\"><img loading=\"lazy\" class=\"aligncenter size-full wp-image-20804\" src=\"http:\/\/revistavitrineibiuna.com.br\/wp-content\/uploads\/2019\/08\/acidente-de-moto-1.jpg\" alt=\"\" width=\"640\" height=\"360\" srcset=\"http:\/\/revistavitrineibiuna.com.br\/wp-content\/uploads\/2019\/08\/acidente-de-moto-1.jpg 640w, http:\/\/revistavitrineibiuna.com.br\/wp-content\/uploads\/2019\/08\/acidente-de-moto-1-300x169.jpg 300w\" sizes=\"(max-width: 640px) 100vw, 640px\" \/><\/a><\/strong><\/p>\n<p><strong>No \u00faltimo s\u00e1bado (27), vitrine online publicou not\u00edcia de um acidente de moto na Estrada da Cachoeira que provocou ferimentos graves em quatro meninas, al\u00e9m do pr\u00f3prio condutor da moto, que teve o maxilar e a mand\u00edbula fraturadas.<\/strong><\/p>\n<p><strong>O editor da revista, que apenas fez seu trabalho de noticiar um fato grave viu, em uma p\u00e1gina de um grupo social, ofensas brutais e amea\u00e7as, de um primo do motoqueiro e, mesmo assim, pediu desculpas por ser ofendido, considerando o estado emocional abalado do agressor verbal e pediu a Deus pela recupera\u00e7\u00e3o de todas as v\u00edtimas. <\/strong><\/p>\n<p><strong>DADOS PREOCUPANTES<\/strong><\/p>\n<p><strong>Not\u00edcia publicada hoje (27), pelo UOL, com base em levantamento feito pela Seguradora L\u00edder, respons\u00e1vel pela administra\u00e7\u00e3o do seguro DPVAT (seguro para danos causados por ve\u00edculos), dados preocupantes.<\/strong><\/p>\n<p><strong>Nos \u00faltimos dez anos, mais de 2,7 milh\u00f5es de brasileiros ficaram com invalidez permanente ou morreram, em acidentes envolvendo motos. Se forem inclu\u00eddos os acidentes com motos com menor gravidade, o n\u00famero aumenta para 3,3 milh\u00f5es.<\/strong><\/p>\n<p><strong>Entre os acidentados, 78% s\u00e3o homens e 52% t\u00eam idade entre 18 e 34 anos. Um estudo feito anteriormente considerou que h\u00e1 uma \u201cepidemia de mortes de motocicletas no Pa\u00eds\u201d. <\/strong><\/p>\n<p><strong>H\u00e1 diversos fatores que contribuem para esse resultado desastroso, incluindo condutores sem carteira e habilita\u00e7\u00e3o para dirigir esses ve\u00edculos, velocidade incompat\u00edvel com as normas de tr\u00e2nsito, abusos e manobras perigosas, ingest\u00e3o de bebida alco\u00f3lica, falta de aten\u00e7\u00e3o, distra\u00e7\u00e3o, entre outros.<\/strong><\/p>\n<p><strong>SEGURAN\u00c7A P\u00daBLICA<\/strong><\/p>\n<p><strong>Acidentes com motos s\u00e3o muito frequentes no munic\u00edpio de Ibi\u00fana e esse fato requer que as autoridades ampliem as medidas preventivas, a fim de ao menos reduzir o n\u00famero de casos que vitimam dezenas de pessoas.<\/strong><\/p>\n<p><strong>\u00c9 uma cena corriqueira nas ruas e estradas de Ibi\u00fana jovens motoqueiros fazerem manobras de alto risco, como empinar a roda dianteira do ve\u00edculo, ultrapassagens cuja ousadia desafiam leis elementares da f\u00edsica. Grav\u00edssimos acidentes foram registrados na Rodovia Bunjiro Nakao, na Estrada do Verava, com mortes instant\u00e2neas de jovens, em choque frontais com carros que v\u00eam em dire\u00e7\u00e3o oposta.<\/strong><\/p>\n<p><strong>Sugerimos que a Guarda Civil Municipal, em opera\u00e7\u00f5es conjuntas com a Pol\u00edcia Militar, redobrem as a\u00e7\u00f5es ostensivas, ainda que saibamos do tamanho do desafio, j\u00e1 que Ibi\u00fana tem um vasto territ\u00f3rio com mais de 3.000 km estradas de terra ou com pavimenta\u00e7\u00e3o acidentada. <\/strong><\/p>\n<p><strong>As medidas preventivas devem rigorosas, pois podem reduzir os acidentes, com mortes e v\u00edtimas cujos ferimentos podem torn\u00e1-las portadoras de invalidez permanente ou sujeitas a longos e, \u00e0s vezes, dolorosos tratamentos de reabilita\u00e7\u00e3o. (Carlos Rossini \u00e9 editor de vitrine online)<\/strong><\/p>\n<p><strong>\u00a0<\/strong><\/p>\n<p><strong>\u00a0<\/strong><\/p>\n<p><strong>\u00a0<\/strong><\/p>\n<p><strong>\u00a0<\/strong><\/p>\n<p><strong>\u00a0<\/strong><\/p>\n","protected":false},"excerpt":{"rendered":"<p>No \u00faltimo s\u00e1bado (27), vitrine online publicou not\u00edcia de um acidente de moto na Estrada da Cachoeira que provocou ferimentos<\/p>\n","protected":false},"author":1,"featured_media":20802,"comment_status":"open","ping_status":"open","sticky":false,"template":"","format":"standard","meta":[],"categories":[337,3],"tags":[],"yoast_head":"<!-- This site is optimized with the Yoast SEO plugin v15.8 - https:\/\/yoast.com\/wordpress\/plugins\/seo\/ -->\n<title>EM 10 ANOS \u2013 2,7 MILH\u00d5ES DE BRASILEIROS MORRERAM OU TIVERAM INVALIDEZ PERMANENTE EM ACIDENTES DE MOTOS - Revista Vitrine Online<\/title>\n<meta name=\"robots\" content=\"index, follow, max-snippet:-1, max-image-preview:large, max-video-preview:-1\" \/>\n<link rel=\"canonical\" href=\"http:\/\/revistavitrineibiuna.com.br\/?p=20799\" \/>\n<meta property=\"og:locale\" content=\"pt_BR\" \/>\n<meta property=\"og:type\" content=\"article\" \/>\n<meta property=\"og:title\" content=\"EM 10 ANOS \u2013 2,7 MILH\u00d5ES DE BRASILEIROS MORRERAM OU TIVERAM INVALIDEZ PERMANENTE EM ACIDENTES DE MOTOS - Revista Vitrine Online\" \/>\n<meta property=\"og:description\" content=\"No \u00faltimo s\u00e1bado (27), vitrine online publicou not\u00edcia de um acidente de moto na Estrada da Cachoeira que provocou ferimentos\" \/>\n<meta property=\"og:url\" content=\"http:\/\/revistavitrineibiuna.com.br\/?p=20799\" \/>\n<meta property=\"og:site_name\" content=\"Revista Vitrine Online\" \/>\n<meta property=\"article:published_time\" content=\"2019-08-28T00:12:18+00:00\" \/>\n<meta property=\"article:modified_time\" content=\"2019-08-28T00:23:38+00:00\" \/>\n<meta property=\"og:image\" content=\"http:\/\/revistavitrineibiuna.com.br\/wp-content\/uploads\/2019\/08\/acidente-de-moto.jpg\" \/>\n\t<meta property=\"og:image:width\" content=\"640\" \/>\n\t<meta property=\"og:image:height\" content=\"360\" \/>\n<meta name=\"twitter:card\" content=\"summary\" \/>\n<meta name=\"twitter:label1\" content=\"Est. reading time\">\n\t<meta name=\"twitter:data1\" content=\"2 minutos\">\n<script type=\"application\/ld+json\" class=\"yoast-schema-graph\">{\"@context\":\"https:\/\/schema.org\",\"@graph\":[{\"@type\":\"WebSite\",\"@id\":\"https:\/\/revistavitrineibiuna.com.br\/#website\",\"url\":\"https:\/\/revistavitrineibiuna.com.br\/\",\"name\":\"Revista Vitrine Ibi\\u00fana\",\"description\":\"A Revista de Ibi\\u00fana e Regi\\u00e3o\",\"publisher\":{\"@id\":\"https:\/\/revistavitrineibiuna.com.br\/#\/schema\/person\/e51ef49d6d88170ea21ceabff3f73deb\"},\"potentialAction\":[{\"@type\":\"SearchAction\",\"target\":\"https:\/\/revistavitrineibiuna.com.br\/?s={search_term_string}\",\"query-input\":\"required name=search_term_string\"}],\"inLanguage\":\"pt-BR\"},{\"@type\":\"ImageObject\",\"@id\":\"http:\/\/revistavitrineibiuna.com.br\/?p=20799#primaryimage\",\"inLanguage\":\"pt-BR\",\"url\":\"http:\/\/revistavitrineibiuna.com.br\/wp-content\/uploads\/2019\/08\/acidente-de-moto.jpg\",\"width\":640,\"height\":360},{\"@type\":\"WebPage\",\"@id\":\"http:\/\/revistavitrineibiuna.com.br\/?p=20799#webpage\",\"url\":\"http:\/\/revistavitrineibiuna.com.br\/?p=20799\",\"name\":\"EM 10 ANOS \\u2013 2,7 MILH\\u00d5ES DE BRASILEIROS MORRERAM OU TIVERAM INVALIDEZ PERMANENTE EM ACIDENTES DE MOTOS - Revista Vitrine Online\",\"isPartOf\":{\"@id\":\"https:\/\/revistavitrineibiuna.com.br\/#website\"},\"primaryImageOfPage\":{\"@id\":\"http:\/\/revistavitrineibiuna.com.br\/?p=20799#primaryimage\"},\"datePublished\":\"2019-08-28T00:12:18+00:00\",\"dateModified\":\"2019-08-28T00:23:38+00:00\",\"breadcrumb\":{\"@id\":\"http:\/\/revistavitrineibiuna.com.br\/?p=20799#breadcrumb\"},\"inLanguage\":\"pt-BR\",\"potentialAction\":[{\"@type\":\"ReadAction\",\"target\":[\"http:\/\/revistavitrineibiuna.com.br\/?p=20799\"]}]},{\"@type\":\"BreadcrumbList\",\"@id\":\"http:\/\/revistavitrineibiuna.com.br\/?p=20799#breadcrumb\",\"itemListElement\":[{\"@type\":\"ListItem\",\"position\":1,\"item\":{\"@type\":\"WebPage\",\"@id\":\"https:\/\/revistavitrineibiuna.com.br\/\",\"url\":\"https:\/\/revistavitrineibiuna.com.br\/\",\"name\":\"In\\u00edcio\"}},{\"@type\":\"ListItem\",\"position\":2,\"item\":{\"@type\":\"WebPage\",\"@id\":\"http:\/\/revistavitrineibiuna.com.br\/?p=20799\",\"url\":\"http:\/\/revistavitrineibiuna.com.br\/?p=20799\",\"name\":\"EM 10 ANOS \\u2013 2,7 MILH\\u00d5ES DE BRASILEIROS MORRERAM OU TIVERAM INVALIDEZ PERMANENTE EM ACIDENTES DE MOTOS\"}}]},{\"@type\":\"Article\",\"@id\":\"http:\/\/revistavitrineibiuna.com.br\/?p=20799#article\",\"isPartOf\":{\"@id\":\"http:\/\/revistavitrineibiuna.com.br\/?p=20799#webpage\"},\"author\":{\"@id\":\"https:\/\/revistavitrineibiuna.com.br\/#\/schema\/person\/e51ef49d6d88170ea21ceabff3f73deb\"},\"headline\":\"EM 10 ANOS \\u2013 2,7 MILH\\u00d5ES DE BRASILEIROS MORRERAM OU TIVERAM INVALIDEZ PERMANENTE EM ACIDENTES DE MOTOS\",\"datePublished\":\"2019-08-28T00:12:18+00:00\",\"dateModified\":\"2019-08-28T00:23:38+00:00\",\"mainEntityOfPage\":{\"@id\":\"http:\/\/revistavitrineibiuna.com.br\/?p=20799#webpage\"},\"commentCount\":0,\"publisher\":{\"@id\":\"https:\/\/revistavitrineibiuna.com.br\/#\/schema\/person\/e51ef49d6d88170ea21ceabff3f73deb\"},\"image\":{\"@id\":\"http:\/\/revistavitrineibiuna.com.br\/?p=20799#primaryimage\"},\"articleSection\":\"ACIDENTES DE MOTOS,Not\\u00edcias\",\"inLanguage\":\"pt-BR\",\"potentialAction\":[{\"@type\":\"CommentAction\",\"name\":\"Comment\",\"target\":[\"http:\/\/revistavitrineibiuna.com.br\/?p=20799#respond\"]}]},{\"@type\":[\"Person\",\"Organization\"],\"@id\":\"https:\/\/revistavitrineibiuna.com.br\/#\/schema\/person\/e51ef49d6d88170ea21ceabff3f73deb\",\"name\":\"Carlos Rossini\",\"image\":{\"@type\":\"ImageObject\",\"@id\":\"https:\/\/revistavitrineibiuna.com.br\/#personlogo\",\"inLanguage\":\"pt-BR\",\"url\":\"http:\/\/1.gravatar.com\/avatar\/4f2d0f99fac1f85c7d643f21f5c8d900?s=96&d=mm&r=g\",\"caption\":\"Carlos Rossini\"},\"logo\":{\"@id\":\"https:\/\/revistavitrineibiuna.com.br\/#personlogo\"},\"description\":\"Carlos Rossini \\u00e9 jornalista, soci\\u00f3logo, escritor e professor universit\\u00e1rio, tendo sido professor de jornalismo por vinte anos. Trabalhou em ve\\u00edculos de comunica\\u00e7\\u00e3o nas fun\\u00e7\\u00f5es de rep\\u00f3rter, redator, editor, articulista e colaborador, como Folha de S. Paulo, O Estado de S. Paulo, Di\\u00e1rio Popular, entre outros. Ao transferir a revista vitrine, vers\\u00e3o imprensa, de S\\u00e3o Paulo para Ibi\\u00fana h\\u00e1 alguns anos, iniciou uma nova experi\\u00eancia profissional, dedicando-se ao jornalismo regional, depois de cumprir uma trajet\\u00f3ria bem-sucedida na grande imprensa brasileira. Seu primeiro livro A Coragem de Comunicar foi lan\\u00e7ado na Bienal do Livro em S\\u00e3o Paulo no ano 2000, pela editora Madras.\"}]}<\/script>\n<!-- \/ Yoast SEO plugin. -->","_links":{"self":[{"href":"http:\/\/revistavitrineibiuna.com.br\/index.php?rest_route=\/wp\/v2\/posts\/20799"}],"collection":[{"href":"http:\/\/revistavitrineibiuna.com.br\/index.php?rest_route=\/wp\/v2\/posts"}],"about":[{"href":"http:\/\/revistavitrineibiuna.com.br\/index.php?rest_route=\/wp\/v2\/types\/post"}],"author":[{"embeddable":true,"href":"http:\/\/revistavitrineibiuna.com.br\/index.php?rest_route=\/wp\/v2\/users\/1"}],"replies":[{"embeddable":true,"href":"http:\/\/revistavitrineibiuna.com.br\/index.php?rest_route=%2Fwp%2Fv2%2Fcomments&post=20799"}],"version-history":[{"count":6,"href":"http:\/\/revistavitrineibiuna.com.br\/index.php?rest_route=\/wp\/v2\/posts\/20799\/revisions"}],"predecessor-version":[{"id":20807,"href":"http:\/\/revistavitrineibiuna.com.br\/index.php?rest_route=\/wp\/v2\/posts\/20799\/revisions\/20807"}],"wp:featuredmedia":[{"embeddable":true,"href":"http:\/\/revistavitrineibiuna.com.br\/index.php?rest_route=\/wp\/v2\/media\/20802"}],"wp:attachment":[{"href":"http:\/\/revistavitrineibiuna.com.br\/index.php?rest_route=%2Fwp%2Fv2%2Fmedia&parent=20799"}],"wp:term":[{"taxonomy":"category","embeddable":true,"href":"http:\/\/revistavitrineibiuna.com.br\/index.php?rest_route=%2Fwp%2Fv2%2Fcategories&post=20799"},{"taxonomy":"post_tag","embeddable":true,"href":"http:\/\/revistavitrineibiuna.com.br\/index.php?rest_route=%2Fwp%2Fv2%2Ftags&post=20799"}],"curies":[{"name":"wp","href":"https:\/\/api.w.org\/{rel}","templated":true}]}}