{"id":25218,"date":"2021-07-29T19:16:16","date_gmt":"2021-07-29T22:16:16","guid":{"rendered":"http:\/\/revistavitrineibiuna.com.br\/?p=25218"},"modified":"2021-07-29T19:22:03","modified_gmt":"2021-07-29T22:22:03","slug":"ibiuna-frio-sera-ainda-mais-intenso-nesta-sexta-feira-com-temperaturas-abaixo-de-zero","status":"publish","type":"post","link":"http:\/\/revistavitrineibiuna.com.br\/?p=25218","title":{"rendered":"IBI\u00daNA \u2013 FRIO SER\u00c1 AINDA MAIS INTENSO NESTA SEXTA-FEIRA, COM TEMPERATURAS ABAIXO DE ZERO"},"content":{"rendered":"\n<p class=\"has-drop-cap\"><strong>Veja a foto acima, tirada ao amanhecer pelo rep\u00f3rter de vitrine online no Varj\u00e3o, um vale no entorno da cidade de Ibi\u00fana.<\/strong><\/p>\n\n\n\n<p><strong>Foi assim que Ibi\u00fana amanheceu nesta quinta-feira (29) com n\u00e9voa forte, frio congelante e geada em muitos lugares do munic\u00edpio.<\/strong><\/p>\n\n\n\n<p><strong>No bairro da Cachoeira o term\u00f4metro marcou -3\u00baC de madrugada e no amanhecer e a previs\u00e3o do tempo para esse dia era de 4\u00baC.<\/strong><\/p>\n\n\n\n<p><strong>Para esta sexta-feira (30) a previs\u00e3o para Ibi\u00fana, de acordo com a Climatempo, \u00e9 de -1\u00baC. Ent\u00e3o \u00e9 bom estar preparado para temperaturas negativas e mais geada.<\/strong><\/p>\n\n\n\n<figure class=\"wp-block-image size-large\"><img loading=\"lazy\" width=\"299\" height=\"397\" src=\"http:\/\/revistavitrineibiuna.com.br\/wp-content\/uploads\/2021\/07\/termometro.jpg\" alt=\"\" class=\"wp-image-25222\" srcset=\"http:\/\/revistavitrineibiuna.com.br\/wp-content\/uploads\/2021\/07\/termometro.jpg 299w, http:\/\/revistavitrineibiuna.com.br\/wp-content\/uploads\/2021\/07\/termometro-226x300.jpg 226w\" sizes=\"(max-width: 299px) 100vw, 299px\" \/><figcaption>Term\u00f4metro marca -3\u00baC \u00e0s 6 horas da manh\u00e3 no bairro da Cachoeira<\/figcaption><\/figure>\n\n\n\n<p><strong>CONFIRA AS TEMPERATURAS<\/strong><\/p>\n\n\n\n<p><strong>Sexta-feira (30) \u2013 m\u00ednima -1\u00baC, m\u00e1xima 14\u00baC, com geada ao amanhecer.<\/strong><\/p>\n\n\n\n<p><strong>S\u00e1bado (31) \u2013 m\u00ednima 4\u00baC, m\u00e1xima 17\u00baC.<\/strong><\/p>\n\n\n\n<p><strong>Domingo (1\u00ba) \u2013 m\u00ednima 7\u00baC, m\u00e1xima 19\u00baC.<\/strong><\/p>\n\n\n\n<p><strong>Segunda-feira (2) \u2013 m\u00ednima 8\u00baC, m\u00e1xima 20\u00baC.<\/strong><\/p>\n\n\n\n<p><strong>Ter\u00e7a-feira (3) \u2013 m\u00ednima 10\u00baC, m\u00e1xima 22\u00baC.<\/strong><\/p>\n\n\n\n<p><strong>Quarta-feira (4) \u2013 m\u00ednima 10\u00baC, m\u00e1xima 19\u00baC.<\/strong><\/p>\n\n\n\n<p><strong>Quinta-feira (5) \u2013 m\u00ednima 11\u00baC, m\u00e1xima 22\u00baC.<\/strong><\/p>\n\n\n\n<p><strong>Sexta-feira (6) \u2013 m\u00ednima 13\u00baC, m\u00e1xima 27\u00baC.<\/strong><\/p>\n\n\n\n<p><strong>S\u00e1bado (7) \u2013 m\u00ednima 16\u00baC, m\u00e1xima 29\u00baC.<\/strong><\/p>\n\n\n\n<p><strong>Domingo (8) \u2013 m\u00ednima 16\u00baC, m\u00e1xima 30\u00baC.<\/strong><\/p>\n","protected":false},"excerpt":{"rendered":"<p>Veja a foto acima, tirada ao amanhecer pelo rep\u00f3rter de vitrine online no Varj\u00e3o, um vale no entorno da cidade<\/p>\n","protected":false},"author":1,"featured_media":25220,"comment_status":"open","ping_status":"open","sticky":false,"template":"","format":"standard","meta":[],"categories":[3],"tags":[],"yoast_head":"<!-- This site is optimized with the Yoast SEO plugin v15.8 - https:\/\/yoast.com\/wordpress\/plugins\/seo\/ -->\n<title>IBI\u00daNA \u2013 FRIO SER\u00c1 AINDA MAIS INTENSO NESTA SEXTA-FEIRA, COM TEMPERATURAS ABAIXO DE ZERO - Revista Vitrine Online<\/title>\n<meta name=\"robots\" content=\"index, follow, max-snippet:-1, max-image-preview:large, max-video-preview:-1\" \/>\n<link rel=\"canonical\" href=\"https:\/\/revistavitrineibiuna.com.br\/?p=25218\" \/>\n<meta property=\"og:locale\" content=\"pt_BR\" \/>\n<meta property=\"og:type\" content=\"article\" \/>\n<meta property=\"og:title\" content=\"IBI\u00daNA \u2013 FRIO SER\u00c1 AINDA MAIS INTENSO NESTA SEXTA-FEIRA, COM TEMPERATURAS ABAIXO DE ZERO - Revista Vitrine Online\" \/>\n<meta property=\"og:description\" content=\"Veja a foto acima, tirada ao amanhecer pelo rep\u00f3rter de vitrine online no Varj\u00e3o, um vale no entorno da cidade\" \/>\n<meta property=\"og:url\" content=\"https:\/\/revistavitrineibiuna.com.br\/?p=25218\" \/>\n<meta property=\"og:site_name\" content=\"Revista Vitrine Online\" \/>\n<meta property=\"article:published_time\" content=\"2021-07-29T22:16:16+00:00\" \/>\n<meta property=\"article:modified_time\" content=\"2021-07-29T22:22:03+00:00\" \/>\n<meta property=\"og:image\" content=\"http:\/\/revistavitrineibiuna.com.br\/wp-content\/uploads\/2021\/07\/amanhecer-em-ibiuna.jpg\" \/>\n\t<meta property=\"og:image:width\" content=\"750\" \/>\n\t<meta property=\"og:image:height\" content=\"490\" \/>\n<meta name=\"twitter:card\" content=\"summary\" \/>\n<meta name=\"twitter:label1\" content=\"Est. reading time\">\n\t<meta name=\"twitter:data1\" content=\"1 minuto\">\n<script type=\"application\/ld+json\" class=\"yoast-schema-graph\">{\"@context\":\"https:\/\/schema.org\",\"@graph\":[{\"@type\":\"WebSite\",\"@id\":\"https:\/\/revistavitrineibiuna.com.br\/#website\",\"url\":\"https:\/\/revistavitrineibiuna.com.br\/\",\"name\":\"Revista Vitrine Ibi\\u00fana\",\"description\":\"A Revista de Ibi\\u00fana e Regi\\u00e3o\",\"publisher\":{\"@id\":\"https:\/\/revistavitrineibiuna.com.br\/#\/schema\/person\/e51ef49d6d88170ea21ceabff3f73deb\"},\"potentialAction\":[{\"@type\":\"SearchAction\",\"target\":\"https:\/\/revistavitrineibiuna.com.br\/?s={search_term_string}\",\"query-input\":\"required name=search_term_string\"}],\"inLanguage\":\"pt-BR\"},{\"@type\":\"ImageObject\",\"@id\":\"https:\/\/revistavitrineibiuna.com.br\/?p=25218#primaryimage\",\"inLanguage\":\"pt-BR\",\"url\":\"http:\/\/revistavitrineibiuna.com.br\/wp-content\/uploads\/2021\/07\/amanhecer-em-ibiuna.jpg\",\"width\":750,\"height\":490},{\"@type\":\"WebPage\",\"@id\":\"https:\/\/revistavitrineibiuna.com.br\/?p=25218#webpage\",\"url\":\"https:\/\/revistavitrineibiuna.com.br\/?p=25218\",\"name\":\"IBI\\u00daNA \\u2013 FRIO SER\\u00c1 AINDA MAIS INTENSO NESTA SEXTA-FEIRA, COM TEMPERATURAS ABAIXO DE ZERO - Revista Vitrine Online\",\"isPartOf\":{\"@id\":\"https:\/\/revistavitrineibiuna.com.br\/#website\"},\"primaryImageOfPage\":{\"@id\":\"https:\/\/revistavitrineibiuna.com.br\/?p=25218#primaryimage\"},\"datePublished\":\"2021-07-29T22:16:16+00:00\",\"dateModified\":\"2021-07-29T22:22:03+00:00\",\"breadcrumb\":{\"@id\":\"https:\/\/revistavitrineibiuna.com.br\/?p=25218#breadcrumb\"},\"inLanguage\":\"pt-BR\",\"potentialAction\":[{\"@type\":\"ReadAction\",\"target\":[\"https:\/\/revistavitrineibiuna.com.br\/?p=25218\"]}]},{\"@type\":\"BreadcrumbList\",\"@id\":\"https:\/\/revistavitrineibiuna.com.br\/?p=25218#breadcrumb\",\"itemListElement\":[{\"@type\":\"ListItem\",\"position\":1,\"item\":{\"@type\":\"WebPage\",\"@id\":\"https:\/\/revistavitrineibiuna.com.br\/\",\"url\":\"https:\/\/revistavitrineibiuna.com.br\/\",\"name\":\"In\\u00edcio\"}},{\"@type\":\"ListItem\",\"position\":2,\"item\":{\"@type\":\"WebPage\",\"@id\":\"https:\/\/revistavitrineibiuna.com.br\/?p=25218\",\"url\":\"https:\/\/revistavitrineibiuna.com.br\/?p=25218\",\"name\":\"IBI\\u00daNA \\u2013 FRIO SER\\u00c1 AINDA MAIS INTENSO NESTA SEXTA-FEIRA, COM TEMPERATURAS ABAIXO DE ZERO\"}}]},{\"@type\":\"Article\",\"@id\":\"https:\/\/revistavitrineibiuna.com.br\/?p=25218#article\",\"isPartOf\":{\"@id\":\"https:\/\/revistavitrineibiuna.com.br\/?p=25218#webpage\"},\"author\":{\"@id\":\"https:\/\/revistavitrineibiuna.com.br\/#\/schema\/person\/e51ef49d6d88170ea21ceabff3f73deb\"},\"headline\":\"IBI\\u00daNA \\u2013 FRIO SER\\u00c1 AINDA MAIS INTENSO NESTA SEXTA-FEIRA, COM TEMPERATURAS ABAIXO DE ZERO\",\"datePublished\":\"2021-07-29T22:16:16+00:00\",\"dateModified\":\"2021-07-29T22:22:03+00:00\",\"mainEntityOfPage\":{\"@id\":\"https:\/\/revistavitrineibiuna.com.br\/?p=25218#webpage\"},\"commentCount\":0,\"publisher\":{\"@id\":\"https:\/\/revistavitrineibiuna.com.br\/#\/schema\/person\/e51ef49d6d88170ea21ceabff3f73deb\"},\"image\":{\"@id\":\"https:\/\/revistavitrineibiuna.com.br\/?p=25218#primaryimage\"},\"articleSection\":\"Not\\u00edcias\",\"inLanguage\":\"pt-BR\",\"potentialAction\":[{\"@type\":\"CommentAction\",\"name\":\"Comment\",\"target\":[\"https:\/\/revistavitrineibiuna.com.br\/?p=25218#respond\"]}]},{\"@type\":[\"Person\",\"Organization\"],\"@id\":\"https:\/\/revistavitrineibiuna.com.br\/#\/schema\/person\/e51ef49d6d88170ea21ceabff3f73deb\",\"name\":\"Carlos Rossini\",\"image\":{\"@type\":\"ImageObject\",\"@id\":\"https:\/\/revistavitrineibiuna.com.br\/#personlogo\",\"inLanguage\":\"pt-BR\",\"url\":\"http:\/\/1.gravatar.com\/avatar\/4f2d0f99fac1f85c7d643f21f5c8d900?s=96&d=mm&r=g\",\"caption\":\"Carlos Rossini\"},\"logo\":{\"@id\":\"https:\/\/revistavitrineibiuna.com.br\/#personlogo\"},\"description\":\"Carlos Rossini \\u00e9 jornalista, soci\\u00f3logo, escritor e professor universit\\u00e1rio, tendo sido professor de jornalismo por vinte anos. Trabalhou em ve\\u00edculos de comunica\\u00e7\\u00e3o nas fun\\u00e7\\u00f5es de rep\\u00f3rter, redator, editor, articulista e colaborador, como Folha de S. Paulo, O Estado de S. Paulo, Di\\u00e1rio Popular, entre outros. Ao transferir a revista vitrine, vers\\u00e3o imprensa, de S\\u00e3o Paulo para Ibi\\u00fana h\\u00e1 alguns anos, iniciou uma nova experi\\u00eancia profissional, dedicando-se ao jornalismo regional, depois de cumprir uma trajet\\u00f3ria bem-sucedida na grande imprensa brasileira. Seu primeiro livro A Coragem de Comunicar foi lan\\u00e7ado na Bienal do Livro em S\\u00e3o Paulo no ano 2000, pela editora Madras.\"}]}<\/script>\n<!-- \/ Yoast SEO plugin. -->","_links":{"self":[{"href":"http:\/\/revistavitrineibiuna.com.br\/index.php?rest_route=\/wp\/v2\/posts\/25218"}],"collection":[{"href":"http:\/\/revistavitrineibiuna.com.br\/index.php?rest_route=\/wp\/v2\/posts"}],"about":[{"href":"http:\/\/revistavitrineibiuna.com.br\/index.php?rest_route=\/wp\/v2\/types\/post"}],"author":[{"embeddable":true,"href":"http:\/\/revistavitrineibiuna.com.br\/index.php?rest_route=\/wp\/v2\/users\/1"}],"replies":[{"embeddable":true,"href":"http:\/\/revistavitrineibiuna.com.br\/index.php?rest_route=%2Fwp%2Fv2%2Fcomments&post=25218"}],"version-history":[{"count":2,"href":"http:\/\/revistavitrineibiuna.com.br\/index.php?rest_route=\/wp\/v2\/posts\/25218\/revisions"}],"predecessor-version":[{"id":25224,"href":"http:\/\/revistavitrineibiuna.com.br\/index.php?rest_route=\/wp\/v2\/posts\/25218\/revisions\/25224"}],"wp:featuredmedia":[{"embeddable":true,"href":"http:\/\/revistavitrineibiuna.com.br\/index.php?rest_route=\/wp\/v2\/media\/25220"}],"wp:attachment":[{"href":"http:\/\/revistavitrineibiuna.com.br\/index.php?rest_route=%2Fwp%2Fv2%2Fmedia&parent=25218"}],"wp:term":[{"taxonomy":"category","embeddable":true,"href":"http:\/\/revistavitrineibiuna.com.br\/index.php?rest_route=%2Fwp%2Fv2%2Fcategories&post=25218"},{"taxonomy":"post_tag","embeddable":true,"href":"http:\/\/revistavitrineibiuna.com.br\/index.php?rest_route=%2Fwp%2Fv2%2Ftags&post=25218"}],"curies":[{"name":"wp","href":"https:\/\/api.w.org\/{rel}","templated":true}]}}