{"id":25225,"date":"2021-07-30T18:20:33","date_gmt":"2021-07-30T21:20:33","guid":{"rendered":"http:\/\/revistavitrineibiuna.com.br\/?p=25225"},"modified":"2021-07-30T18:20:34","modified_gmt":"2021-07-30T21:20:34","slug":"boa-noticia-pela-primeira-vez-desde-fevereiro-nao-ha-pessoas-internadas-por-covid-19-no-hospital-de-ibiuna","status":"publish","type":"post","link":"http:\/\/revistavitrineibiuna.com.br\/?p=25225","title":{"rendered":"BOA NOT\u00cdCIA \u2013 PELA PRIMEIRA VEZ DESDE FEVEREIRO N\u00c3O H\u00c1 PESSOAS INTERNADAS POR COVID-19 NO HOSPITAL DE IBI\u00daNA"},"content":{"rendered":"\n<p class=\"has-drop-cap\"><strong>Pela primeira vez, desde 22 de fevereiro deste ano, Ibi\u00fana n\u00e3o registrou pessoas internadas por Covid-19, no Hospital Municipal \u2013 HMI.<\/strong><\/p>\n\n\n\n<p><strong>O momento, considerado marcante e hist\u00f3rico, aconteceu nessa sexta-feira (30) e se d\u00e1, principalmente, pelo avan\u00e7o da vacina\u00e7\u00e3o no munic\u00edpio, o trabalho das equipes da Secretaria de Sa\u00fade e pelas medidas adotadas no munic\u00edpio para combater a pandemia.<\/strong><\/p>\n\n\n\n<p><strong>De acordo com os n\u00fameros do Hospital Municipal, no momento mais cr\u00edtico da pandemia, no dia 28 de maio, o munic\u00edpio registrou mais de 40 pessoas internadas na ala Covid-19, recorde para um dia, desde o in\u00edcio da pandemia.<\/strong><\/p>\n\n\n\n<p><strong>Por meio de nota, a Prefeitura informa que, desde que assumiu o cargo, \u201co prefeito Paulinho Sasaki realizou melhorias no Hospital: aumentou o n\u00famero de leitos cl\u00ednicos e de UTI, instalou novo aparelho de raio-x digital, reativou a usina de oxig\u00eanio, que estava h\u00e1 mais de 2 anos sem funcionar, instalou 16 aparelhos de ar-condicionado nos quartos, contratou mais profissionais para a Sa\u00fade Municipal, al\u00e9m de cinco ventiladores, cinco bombas de infus\u00e3o e tr\u00eas monitores\u201d.<\/strong><\/p>\n\n\n\n<p><strong>A nota da municipalidade adverte, no entanto que, \u201capesar da boa not\u00edcia e da queda no n\u00famero de casos e \u00f3bitos e interna\u00e7\u00f5es zeradas, a pandemia n\u00e3o acabou e os cuidados devem continuar, respeitando o decreto municipal\u201d.<\/strong><\/p>\n","protected":false},"excerpt":{"rendered":"<p>Pela primeira vez, desde 22 de fevereiro deste ano, Ibi\u00fana n\u00e3o registrou pessoas internadas por Covid-19, no Hospital Municipal \u2013<\/p>\n","protected":false},"author":1,"featured_media":25226,"comment_status":"open","ping_status":"open","sticky":false,"template":"","format":"standard","meta":[],"categories":[3],"tags":[],"yoast_head":"<!-- This site is optimized with the Yoast SEO plugin v15.8 - https:\/\/yoast.com\/wordpress\/plugins\/seo\/ -->\n<title>BOA NOT\u00cdCIA \u2013 PELA PRIMEIRA VEZ DESDE FEVEREIRO N\u00c3O H\u00c1 PESSOAS INTERNADAS POR COVID-19 NO HOSPITAL DE IBI\u00daNA - Revista Vitrine Online<\/title>\n<meta name=\"robots\" content=\"index, follow, max-snippet:-1, max-image-preview:large, max-video-preview:-1\" \/>\n<link rel=\"canonical\" href=\"http:\/\/revistavitrineibiuna.com.br\/?p=25225\" \/>\n<meta property=\"og:locale\" content=\"pt_BR\" \/>\n<meta property=\"og:type\" content=\"article\" \/>\n<meta property=\"og:title\" content=\"BOA NOT\u00cdCIA \u2013 PELA PRIMEIRA VEZ DESDE FEVEREIRO N\u00c3O H\u00c1 PESSOAS INTERNADAS POR COVID-19 NO HOSPITAL DE IBI\u00daNA - Revista Vitrine Online\" \/>\n<meta property=\"og:description\" content=\"Pela primeira vez, desde 22 de fevereiro deste ano, Ibi\u00fana n\u00e3o registrou pessoas internadas por Covid-19, no Hospital Municipal \u2013\" \/>\n<meta property=\"og:url\" content=\"http:\/\/revistavitrineibiuna.com.br\/?p=25225\" \/>\n<meta property=\"og:site_name\" content=\"Revista Vitrine Online\" \/>\n<meta property=\"article:published_time\" content=\"2021-07-30T21:20:33+00:00\" \/>\n<meta property=\"article:modified_time\" content=\"2021-07-30T21:20:34+00:00\" \/>\n<meta property=\"og:image\" content=\"http:\/\/revistavitrineibiuna.com.br\/wp-content\/uploads\/2021\/07\/sem-internacao.jpg\" \/>\n\t<meta property=\"og:image:width\" content=\"740\" \/>\n\t<meta property=\"og:image:height\" content=\"493\" \/>\n<meta name=\"twitter:card\" content=\"summary\" \/>\n<meta name=\"twitter:label1\" content=\"Est. reading time\">\n\t<meta name=\"twitter:data1\" content=\"1 minuto\">\n<script type=\"application\/ld+json\" class=\"yoast-schema-graph\">{\"@context\":\"https:\/\/schema.org\",\"@graph\":[{\"@type\":\"WebSite\",\"@id\":\"https:\/\/revistavitrineibiuna.com.br\/#website\",\"url\":\"https:\/\/revistavitrineibiuna.com.br\/\",\"name\":\"Revista Vitrine Ibi\\u00fana\",\"description\":\"A Revista de Ibi\\u00fana e Regi\\u00e3o\",\"publisher\":{\"@id\":\"https:\/\/revistavitrineibiuna.com.br\/#\/schema\/person\/e51ef49d6d88170ea21ceabff3f73deb\"},\"potentialAction\":[{\"@type\":\"SearchAction\",\"target\":\"https:\/\/revistavitrineibiuna.com.br\/?s={search_term_string}\",\"query-input\":\"required name=search_term_string\"}],\"inLanguage\":\"pt-BR\"},{\"@type\":\"ImageObject\",\"@id\":\"http:\/\/revistavitrineibiuna.com.br\/?p=25225#primaryimage\",\"inLanguage\":\"pt-BR\",\"url\":\"http:\/\/revistavitrineibiuna.com.br\/wp-content\/uploads\/2021\/07\/sem-internacao.jpg\",\"width\":740,\"height\":493},{\"@type\":\"WebPage\",\"@id\":\"http:\/\/revistavitrineibiuna.com.br\/?p=25225#webpage\",\"url\":\"http:\/\/revistavitrineibiuna.com.br\/?p=25225\",\"name\":\"BOA NOT\\u00cdCIA \\u2013 PELA PRIMEIRA VEZ DESDE FEVEREIRO N\\u00c3O H\\u00c1 PESSOAS INTERNADAS POR COVID-19 NO HOSPITAL DE IBI\\u00daNA - Revista Vitrine Online\",\"isPartOf\":{\"@id\":\"https:\/\/revistavitrineibiuna.com.br\/#website\"},\"primaryImageOfPage\":{\"@id\":\"http:\/\/revistavitrineibiuna.com.br\/?p=25225#primaryimage\"},\"datePublished\":\"2021-07-30T21:20:33+00:00\",\"dateModified\":\"2021-07-30T21:20:34+00:00\",\"breadcrumb\":{\"@id\":\"http:\/\/revistavitrineibiuna.com.br\/?p=25225#breadcrumb\"},\"inLanguage\":\"pt-BR\",\"potentialAction\":[{\"@type\":\"ReadAction\",\"target\":[\"http:\/\/revistavitrineibiuna.com.br\/?p=25225\"]}]},{\"@type\":\"BreadcrumbList\",\"@id\":\"http:\/\/revistavitrineibiuna.com.br\/?p=25225#breadcrumb\",\"itemListElement\":[{\"@type\":\"ListItem\",\"position\":1,\"item\":{\"@type\":\"WebPage\",\"@id\":\"https:\/\/revistavitrineibiuna.com.br\/\",\"url\":\"https:\/\/revistavitrineibiuna.com.br\/\",\"name\":\"In\\u00edcio\"}},{\"@type\":\"ListItem\",\"position\":2,\"item\":{\"@type\":\"WebPage\",\"@id\":\"http:\/\/revistavitrineibiuna.com.br\/?p=25225\",\"url\":\"http:\/\/revistavitrineibiuna.com.br\/?p=25225\",\"name\":\"BOA NOT\\u00cdCIA \\u2013 PELA PRIMEIRA VEZ DESDE FEVEREIRO N\\u00c3O H\\u00c1 PESSOAS INTERNADAS POR COVID-19 NO HOSPITAL DE IBI\\u00daNA\"}}]},{\"@type\":\"Article\",\"@id\":\"http:\/\/revistavitrineibiuna.com.br\/?p=25225#article\",\"isPartOf\":{\"@id\":\"http:\/\/revistavitrineibiuna.com.br\/?p=25225#webpage\"},\"author\":{\"@id\":\"https:\/\/revistavitrineibiuna.com.br\/#\/schema\/person\/e51ef49d6d88170ea21ceabff3f73deb\"},\"headline\":\"BOA NOT\\u00cdCIA \\u2013 PELA PRIMEIRA VEZ DESDE FEVEREIRO N\\u00c3O H\\u00c1 PESSOAS INTERNADAS POR COVID-19 NO HOSPITAL DE IBI\\u00daNA\",\"datePublished\":\"2021-07-30T21:20:33+00:00\",\"dateModified\":\"2021-07-30T21:20:34+00:00\",\"mainEntityOfPage\":{\"@id\":\"http:\/\/revistavitrineibiuna.com.br\/?p=25225#webpage\"},\"commentCount\":0,\"publisher\":{\"@id\":\"https:\/\/revistavitrineibiuna.com.br\/#\/schema\/person\/e51ef49d6d88170ea21ceabff3f73deb\"},\"image\":{\"@id\":\"http:\/\/revistavitrineibiuna.com.br\/?p=25225#primaryimage\"},\"articleSection\":\"Not\\u00edcias\",\"inLanguage\":\"pt-BR\",\"potentialAction\":[{\"@type\":\"CommentAction\",\"name\":\"Comment\",\"target\":[\"http:\/\/revistavitrineibiuna.com.br\/?p=25225#respond\"]}]},{\"@type\":[\"Person\",\"Organization\"],\"@id\":\"https:\/\/revistavitrineibiuna.com.br\/#\/schema\/person\/e51ef49d6d88170ea21ceabff3f73deb\",\"name\":\"Carlos Rossini\",\"image\":{\"@type\":\"ImageObject\",\"@id\":\"https:\/\/revistavitrineibiuna.com.br\/#personlogo\",\"inLanguage\":\"pt-BR\",\"url\":\"http:\/\/1.gravatar.com\/avatar\/4f2d0f99fac1f85c7d643f21f5c8d900?s=96&d=mm&r=g\",\"caption\":\"Carlos Rossini\"},\"logo\":{\"@id\":\"https:\/\/revistavitrineibiuna.com.br\/#personlogo\"},\"description\":\"Carlos Rossini \\u00e9 jornalista, soci\\u00f3logo, escritor e professor universit\\u00e1rio, tendo sido professor de jornalismo por vinte anos. Trabalhou em ve\\u00edculos de comunica\\u00e7\\u00e3o nas fun\\u00e7\\u00f5es de rep\\u00f3rter, redator, editor, articulista e colaborador, como Folha de S. Paulo, O Estado de S. Paulo, Di\\u00e1rio Popular, entre outros. Ao transferir a revista vitrine, vers\\u00e3o imprensa, de S\\u00e3o Paulo para Ibi\\u00fana h\\u00e1 alguns anos, iniciou uma nova experi\\u00eancia profissional, dedicando-se ao jornalismo regional, depois de cumprir uma trajet\\u00f3ria bem-sucedida na grande imprensa brasileira. Seu primeiro livro A Coragem de Comunicar foi lan\\u00e7ado na Bienal do Livro em S\\u00e3o Paulo no ano 2000, pela editora Madras.\"}]}<\/script>\n<!-- \/ Yoast SEO plugin. -->","_links":{"self":[{"href":"http:\/\/revistavitrineibiuna.com.br\/index.php?rest_route=\/wp\/v2\/posts\/25225"}],"collection":[{"href":"http:\/\/revistavitrineibiuna.com.br\/index.php?rest_route=\/wp\/v2\/posts"}],"about":[{"href":"http:\/\/revistavitrineibiuna.com.br\/index.php?rest_route=\/wp\/v2\/types\/post"}],"author":[{"embeddable":true,"href":"http:\/\/revistavitrineibiuna.com.br\/index.php?rest_route=\/wp\/v2\/users\/1"}],"replies":[{"embeddable":true,"href":"http:\/\/revistavitrineibiuna.com.br\/index.php?rest_route=%2Fwp%2Fv2%2Fcomments&post=25225"}],"version-history":[{"count":1,"href":"http:\/\/revistavitrineibiuna.com.br\/index.php?rest_route=\/wp\/v2\/posts\/25225\/revisions"}],"predecessor-version":[{"id":25227,"href":"http:\/\/revistavitrineibiuna.com.br\/index.php?rest_route=\/wp\/v2\/posts\/25225\/revisions\/25227"}],"wp:featuredmedia":[{"embeddable":true,"href":"http:\/\/revistavitrineibiuna.com.br\/index.php?rest_route=\/wp\/v2\/media\/25226"}],"wp:attachment":[{"href":"http:\/\/revistavitrineibiuna.com.br\/index.php?rest_route=%2Fwp%2Fv2%2Fmedia&parent=25225"}],"wp:term":[{"taxonomy":"category","embeddable":true,"href":"http:\/\/revistavitrineibiuna.com.br\/index.php?rest_route=%2Fwp%2Fv2%2Fcategories&post=25225"},{"taxonomy":"post_tag","embeddable":true,"href":"http:\/\/revistavitrineibiuna.com.br\/index.php?rest_route=%2Fwp%2Fv2%2Ftags&post=25225"}],"curies":[{"name":"wp","href":"https:\/\/api.w.org\/{rel}","templated":true}]}}