{"id":25229,"date":"2021-08-02T19:44:56","date_gmt":"2021-08-02T22:44:56","guid":{"rendered":"http:\/\/revistavitrineibiuna.com.br\/?p=25229"},"modified":"2021-08-02T19:44:57","modified_gmt":"2021-08-02T22:44:57","slug":"o-sumico-da-pitty","status":"publish","type":"post","link":"http:\/\/revistavitrineibiuna.com.br\/?p=25229","title":{"rendered":"O SUMI\u00c7O DA PITTY"},"content":{"rendered":"\n<p class=\"has-drop-cap\"><strong>Essas tr\u00eas fofas, acreditem, cuidam da nossa casa vinte e quatro horas. Guardi\u00e3s incans\u00e1veis, est\u00e3o sempre atentas e, ao menor, barulho, sobretudo de cavalos passando na estrada, saem em correria para observar em loco o que est\u00e1 acontecendo e chamar nossa aten\u00e7\u00e3o.<\/strong><\/p>\n\n\n\n<p><strong>Outro dia as tr\u00eas sa\u00edram para passear na margem da represa. Sem coleira. Foi uma alegria s\u00f3. Uma corria para um lado, outra atolava na lama, atentas a tudo, como, por exemplo, quatro gavi\u00f5es que estavam bem pr\u00f3ximos uns dos outros.<\/strong><\/p>\n\n\n\n<p><strong>Quando elas chegaram, sa\u00edram em revoada.<\/strong><\/p>\n\n\n\n<p><strong>\u00c9 verdade que nunca haviam ido t\u00e3o longe, pois hoje em dia a represa Itupararanga est\u00e1 com seu n\u00edvel de \u00e1gua muito baixo, como poucas vezes se viu.<\/strong><\/p>\n\n\n\n<p><strong>Num piscar de olho e pronto. Onde est\u00e1 a Pitty? Sumiu!<\/strong><\/p>\n\n\n\n<p><strong>Come\u00e7ou um corre-corre atr\u00e1s dela que se esfumou. Ela n\u00e3o \u00e9 de fugir, n\u00e3o! Da\u00ed ser maior a nossa preocupa\u00e7\u00e3o.<\/strong><\/p>\n\n\n\n<p><strong>Procuramos em toda a parte e nada da Pitty aparecer. Somente a Mary e a Athena, uma vira-lata que n\u00e3o corre, voa, t\u00e3o \u00e9 sua ligeireza, que adotamos h\u00e1 um ano. &nbsp;Ela, sim, \u00e9 de fugir. Basta abrir o port\u00e3o, especialmente quando aparecem visitas, e l\u00e1 vai ela, se embrenha na mata e desaparece. Horas mais tarde aparece se posta diante da porteira e fica latindo. \u201cEi, venham abrir, quero entrar\u201d.<\/strong><\/p>\n\n\n\n<p><strong>Mas e a Pitty que n\u00e3o aparece? Todos ficamos cada vez mais preocupados. O tempo foi passando, escureceu e nada do animalzinho dar o dar de sua gra\u00e7a.<\/strong><\/p>\n\n\n\n<p><strong>Ainda mais apreensivos, come\u00e7amos a disparar a not\u00edcia da desapari\u00e7\u00e3o, com foto para ser identificada, num grupo fechado e depois no Facebook. Parece que de alguma forma isso poderia ajudar.<\/strong><\/p>\n\n\n\n<p><strong>Estava muito frio e s\u00f3 de imaginar que ela estava fora do seu abrigo j\u00e1 nos deixava ainda mais ansiosos. Pessoalmente, sa\u00ed v\u00e1rias vezes no quintal e olhava no port\u00e3o iluminado. Nada. Que fazer?<\/strong><\/p>\n\n\n\n<p><strong>Algu\u00e9m deu uma ideia, por volta das 23h50, quem sabe vai ver mais uma vez. Ent\u00e3o, com f\u00e9 redobrada, sa\u00ed mais uma vez. N\u00e3o \u00e9 que vi um bichinho branquinho do lado de fora do port\u00e3o! Seria ela? Apressei o passo para chegar mais perto e eis que a vi. Era ela. Gritei para todos que estavam em casa. \u201c\u00c9 ela, \u00e9 ela!\u201d<\/strong><\/p>\n\n\n\n<p><strong>Foi uma alegria e tanto, um tremendo al\u00edvio geral! \u201c\u00c9 ela mesma, algu\u00e9m perguntou?\u201d Sim, era ela!<\/strong><\/p>\n\n\n\n<p><strong>De volta ao lar.<\/strong><\/p>\n\n\n\n<p><strong>Um mist\u00e9rio ficou no ar. Onde esteve durante tantas horas? (C.R.)<\/strong><\/p>\n","protected":false},"excerpt":{"rendered":"<p>Essas tr\u00eas fofas, acreditem, cuidam da nossa casa vinte e quatro horas. Guardi\u00e3s incans\u00e1veis, est\u00e3o sempre atentas e, ao menor,<\/p>\n","protected":false},"author":1,"featured_media":25230,"comment_status":"open","ping_status":"open","sticky":false,"template":"","format":"standard","meta":[],"categories":[3],"tags":[],"yoast_head":"<!-- This site is optimized with the Yoast SEO plugin v15.8 - https:\/\/yoast.com\/wordpress\/plugins\/seo\/ -->\n<title>O SUMI\u00c7O DA PITTY - Revista Vitrine Online<\/title>\n<meta name=\"robots\" content=\"index, follow, max-snippet:-1, max-image-preview:large, max-video-preview:-1\" \/>\n<link rel=\"canonical\" href=\"http:\/\/revistavitrineibiuna.com.br\/?p=25229\" \/>\n<meta property=\"og:locale\" content=\"pt_BR\" \/>\n<meta property=\"og:type\" content=\"article\" \/>\n<meta property=\"og:title\" content=\"O SUMI\u00c7O DA PITTY - Revista Vitrine Online\" \/>\n<meta property=\"og:description\" content=\"Essas tr\u00eas fofas, acreditem, cuidam da nossa casa vinte e quatro horas. Guardi\u00e3s incans\u00e1veis, est\u00e3o sempre atentas e, ao menor,\" \/>\n<meta property=\"og:url\" content=\"http:\/\/revistavitrineibiuna.com.br\/?p=25229\" \/>\n<meta property=\"og:site_name\" content=\"Revista Vitrine Online\" \/>\n<meta property=\"article:published_time\" content=\"2021-08-02T22:44:56+00:00\" \/>\n<meta property=\"article:modified_time\" content=\"2021-08-02T22:44:57+00:00\" \/>\n<meta property=\"og:image\" content=\"http:\/\/revistavitrineibiuna.com.br\/wp-content\/uploads\/2021\/08\/pitty-mary-e-athena.jpg\" \/>\n\t<meta property=\"og:image:width\" content=\"739\" \/>\n\t<meta property=\"og:image:height\" content=\"473\" \/>\n<meta name=\"twitter:card\" content=\"summary\" \/>\n<meta name=\"twitter:label1\" content=\"Est. reading time\">\n\t<meta name=\"twitter:data1\" content=\"2 minutos\">\n<script type=\"application\/ld+json\" class=\"yoast-schema-graph\">{\"@context\":\"https:\/\/schema.org\",\"@graph\":[{\"@type\":\"WebSite\",\"@id\":\"https:\/\/revistavitrineibiuna.com.br\/#website\",\"url\":\"https:\/\/revistavitrineibiuna.com.br\/\",\"name\":\"Revista Vitrine Ibi\\u00fana\",\"description\":\"A Revista de Ibi\\u00fana e Regi\\u00e3o\",\"publisher\":{\"@id\":\"https:\/\/revistavitrineibiuna.com.br\/#\/schema\/person\/e51ef49d6d88170ea21ceabff3f73deb\"},\"potentialAction\":[{\"@type\":\"SearchAction\",\"target\":\"https:\/\/revistavitrineibiuna.com.br\/?s={search_term_string}\",\"query-input\":\"required name=search_term_string\"}],\"inLanguage\":\"pt-BR\"},{\"@type\":\"ImageObject\",\"@id\":\"http:\/\/revistavitrineibiuna.com.br\/?p=25229#primaryimage\",\"inLanguage\":\"pt-BR\",\"url\":\"http:\/\/revistavitrineibiuna.com.br\/wp-content\/uploads\/2021\/08\/pitty-mary-e-athena.jpg\",\"width\":739,\"height\":473},{\"@type\":\"WebPage\",\"@id\":\"http:\/\/revistavitrineibiuna.com.br\/?p=25229#webpage\",\"url\":\"http:\/\/revistavitrineibiuna.com.br\/?p=25229\",\"name\":\"O SUMI\\u00c7O DA PITTY - Revista Vitrine Online\",\"isPartOf\":{\"@id\":\"https:\/\/revistavitrineibiuna.com.br\/#website\"},\"primaryImageOfPage\":{\"@id\":\"http:\/\/revistavitrineibiuna.com.br\/?p=25229#primaryimage\"},\"datePublished\":\"2021-08-02T22:44:56+00:00\",\"dateModified\":\"2021-08-02T22:44:57+00:00\",\"breadcrumb\":{\"@id\":\"http:\/\/revistavitrineibiuna.com.br\/?p=25229#breadcrumb\"},\"inLanguage\":\"pt-BR\",\"potentialAction\":[{\"@type\":\"ReadAction\",\"target\":[\"http:\/\/revistavitrineibiuna.com.br\/?p=25229\"]}]},{\"@type\":\"BreadcrumbList\",\"@id\":\"http:\/\/revistavitrineibiuna.com.br\/?p=25229#breadcrumb\",\"itemListElement\":[{\"@type\":\"ListItem\",\"position\":1,\"item\":{\"@type\":\"WebPage\",\"@id\":\"https:\/\/revistavitrineibiuna.com.br\/\",\"url\":\"https:\/\/revistavitrineibiuna.com.br\/\",\"name\":\"In\\u00edcio\"}},{\"@type\":\"ListItem\",\"position\":2,\"item\":{\"@type\":\"WebPage\",\"@id\":\"http:\/\/revistavitrineibiuna.com.br\/?p=25229\",\"url\":\"http:\/\/revistavitrineibiuna.com.br\/?p=25229\",\"name\":\"O SUMI\\u00c7O DA PITTY\"}}]},{\"@type\":\"Article\",\"@id\":\"http:\/\/revistavitrineibiuna.com.br\/?p=25229#article\",\"isPartOf\":{\"@id\":\"http:\/\/revistavitrineibiuna.com.br\/?p=25229#webpage\"},\"author\":{\"@id\":\"https:\/\/revistavitrineibiuna.com.br\/#\/schema\/person\/e51ef49d6d88170ea21ceabff3f73deb\"},\"headline\":\"O SUMI\\u00c7O DA PITTY\",\"datePublished\":\"2021-08-02T22:44:56+00:00\",\"dateModified\":\"2021-08-02T22:44:57+00:00\",\"mainEntityOfPage\":{\"@id\":\"http:\/\/revistavitrineibiuna.com.br\/?p=25229#webpage\"},\"commentCount\":0,\"publisher\":{\"@id\":\"https:\/\/revistavitrineibiuna.com.br\/#\/schema\/person\/e51ef49d6d88170ea21ceabff3f73deb\"},\"image\":{\"@id\":\"http:\/\/revistavitrineibiuna.com.br\/?p=25229#primaryimage\"},\"articleSection\":\"Not\\u00edcias\",\"inLanguage\":\"pt-BR\",\"potentialAction\":[{\"@type\":\"CommentAction\",\"name\":\"Comment\",\"target\":[\"http:\/\/revistavitrineibiuna.com.br\/?p=25229#respond\"]}]},{\"@type\":[\"Person\",\"Organization\"],\"@id\":\"https:\/\/revistavitrineibiuna.com.br\/#\/schema\/person\/e51ef49d6d88170ea21ceabff3f73deb\",\"name\":\"Carlos Rossini\",\"image\":{\"@type\":\"ImageObject\",\"@id\":\"https:\/\/revistavitrineibiuna.com.br\/#personlogo\",\"inLanguage\":\"pt-BR\",\"url\":\"http:\/\/1.gravatar.com\/avatar\/4f2d0f99fac1f85c7d643f21f5c8d900?s=96&d=mm&r=g\",\"caption\":\"Carlos Rossini\"},\"logo\":{\"@id\":\"https:\/\/revistavitrineibiuna.com.br\/#personlogo\"},\"description\":\"Carlos Rossini \\u00e9 jornalista, soci\\u00f3logo, escritor e professor universit\\u00e1rio, tendo sido professor de jornalismo por vinte anos. Trabalhou em ve\\u00edculos de comunica\\u00e7\\u00e3o nas fun\\u00e7\\u00f5es de rep\\u00f3rter, redator, editor, articulista e colaborador, como Folha de S. Paulo, O Estado de S. Paulo, Di\\u00e1rio Popular, entre outros. Ao transferir a revista vitrine, vers\\u00e3o imprensa, de S\\u00e3o Paulo para Ibi\\u00fana h\\u00e1 alguns anos, iniciou uma nova experi\\u00eancia profissional, dedicando-se ao jornalismo regional, depois de cumprir uma trajet\\u00f3ria bem-sucedida na grande imprensa brasileira. Seu primeiro livro A Coragem de Comunicar foi lan\\u00e7ado na Bienal do Livro em S\\u00e3o Paulo no ano 2000, pela editora Madras.\"}]}<\/script>\n<!-- \/ Yoast SEO plugin. -->","_links":{"self":[{"href":"http:\/\/revistavitrineibiuna.com.br\/index.php?rest_route=\/wp\/v2\/posts\/25229"}],"collection":[{"href":"http:\/\/revistavitrineibiuna.com.br\/index.php?rest_route=\/wp\/v2\/posts"}],"about":[{"href":"http:\/\/revistavitrineibiuna.com.br\/index.php?rest_route=\/wp\/v2\/types\/post"}],"author":[{"embeddable":true,"href":"http:\/\/revistavitrineibiuna.com.br\/index.php?rest_route=\/wp\/v2\/users\/1"}],"replies":[{"embeddable":true,"href":"http:\/\/revistavitrineibiuna.com.br\/index.php?rest_route=%2Fwp%2Fv2%2Fcomments&post=25229"}],"version-history":[{"count":1,"href":"http:\/\/revistavitrineibiuna.com.br\/index.php?rest_route=\/wp\/v2\/posts\/25229\/revisions"}],"predecessor-version":[{"id":25231,"href":"http:\/\/revistavitrineibiuna.com.br\/index.php?rest_route=\/wp\/v2\/posts\/25229\/revisions\/25231"}],"wp:featuredmedia":[{"embeddable":true,"href":"http:\/\/revistavitrineibiuna.com.br\/index.php?rest_route=\/wp\/v2\/media\/25230"}],"wp:attachment":[{"href":"http:\/\/revistavitrineibiuna.com.br\/index.php?rest_route=%2Fwp%2Fv2%2Fmedia&parent=25229"}],"wp:term":[{"taxonomy":"category","embeddable":true,"href":"http:\/\/revistavitrineibiuna.com.br\/index.php?rest_route=%2Fwp%2Fv2%2Fcategories&post=25229"},{"taxonomy":"post_tag","embeddable":true,"href":"http:\/\/revistavitrineibiuna.com.br\/index.php?rest_route=%2Fwp%2Fv2%2Ftags&post=25229"}],"curies":[{"name":"wp","href":"https:\/\/api.w.org\/{rel}","templated":true}]}}