{"id":25232,"date":"2021-08-03T18:12:14","date_gmt":"2021-08-03T21:12:14","guid":{"rendered":"http:\/\/revistavitrineibiuna.com.br\/?p=25232"},"modified":"2021-08-03T18:22:36","modified_gmt":"2021-08-03T21:22:36","slug":"inverno-mais-seco-em-2021-favorece-aumento-de-incendios-em-matas-e-florestas","status":"publish","type":"post","link":"http:\/\/revistavitrineibiuna.com.br\/?p=25232","title":{"rendered":"INVERNO MAIS SECO EM 2021 FAVORECE AUMENTO DE INC\u00caNDIOS EM MATAS E FLORESTAS"},"content":{"rendered":"\n<p class=\"has-drop-cap\"><strong>A Opera\u00e7\u00e3o Corta-Fogo, a\u00e7\u00e3o do governo de S\u00e3o Paulo para prevenir e combater inc\u00eandios florestais, alerta para possibilidade do aumento das queimadas em S\u00e3o Paulo em raz\u00e3o do clima mais seco deste inverno. &nbsp;<\/strong><\/p>\n\n\n\n<p><strong>Dados do progn\u00f3stico clim\u00e1tico de inverno do Instituto Nacional de Meteorologia, o INMET, mostram que o volume pluviom\u00e9trico para a regi\u00e3o sudeste continua abaixo da m\u00e9dia para o per\u00edodo.<br><br>As temperaturas baixas e a falta de chuva registradas nos \u00faltimos dias no estado est\u00e3o entre os fatores que podem aumentar a ocorr\u00eancia de inc\u00eandios florestais: o clima seco resseca as folhas e favorece a propaga\u00e7\u00e3o de queimadas destruindo a vegeta\u00e7\u00e3o e matando animais.<br><br>E para prevenir os inc\u00eandios, a Corta-Fogo promove at\u00e9 outubro uma campanha de conscientiza\u00e7\u00e3o com objetivo de alertar a popula\u00e7\u00e3o: mensagens sobre os riscos, por exemplo, de fazer fogueiras, jogar bitucas de cigarro na mata e soltar bal\u00f5es est\u00e3o sendo divulgadas em diversos meios e tamb\u00e9m dispon\u00edveis ao p\u00fablico.<br><br>Para acessar, basta entrar no link, baixar o conte\u00fado digital e fazer a divulga\u00e7\u00e3o:&nbsp;<a href=\"http:\/\/bit.ly\/materialcortafogo\" target=\"_blank\" rel=\"noreferrer noopener\">http:\/\/bit.ly\/materialcortafogo<\/a><\/strong><\/p>\n\n\n\n<p><strong>FOGUEIRAS E BITUCAS DE CIGARROS<br><br>Em 2020 ocorreram 269 focos com a queima de mais de 21 mil hectares de mata. Entre as causas identificadas, por exemplo, est\u00e3o a\u00e7\u00f5es humanas como uma simples fogueira ou at\u00e9 bitucas de cigarros jogadas pr\u00f3ximas \u00e0s matas.<br>\u00a0<br>Em 2010, o Estado de S\u00e3o Paulo instituiu o Sistema Estadual de Preven\u00e7\u00e3o e Combate a Inc\u00eandios Florestais, que visa, dentre outras a\u00e7\u00f5es, a diminuir os focos de inc\u00eandio no estado e estimular o desenvolvimento de alternativas ao uso do fogo para o manejo agr\u00edcola, pastoril e florestal.<br><br>Esse sistema, chamado de Opera\u00e7\u00e3o Corta-Fogo, \u00e9 composto por diversos \u00f3rg\u00e3os e desenvolve uma s\u00e9rie de atividades de forma permanente, de acordo com as necessidades e prioriza\u00e7\u00f5es que cada per\u00edodo exige, dentro de um cronograma ao longo do ano.<br>Elas s\u00e3o as chamadas fases verde, amarela e vermelha:<br><br><br>\u00a0\u00a0\u00a0\u00a0\u00a0\u00a0\u00a0\u00a0\u00a0\u00a0\u00a0 Fase verde (janeiro a mar\u00e7o, novembro e dezembro). Essa fase \u00e9 dividida em duas etapas. A primeira delas, de janeiro a mar\u00e7o, \u00e9 dedicada a atividades de planejamento e in\u00edcio das medidas de preven\u00e7\u00e3o e prepara\u00e7\u00e3o. No final do ano, \u00e9 realizada uma avalia\u00e7\u00e3o da temporada de inc\u00eandios e s\u00e3o iniciados os preparativos para o ano seguinte.<br><br>\u00a0\u00a0\u00a0\u00a0\u00a0\u00a0\u00a0\u00a0\u00a0\u00a0\u00a0 Fase amarela (abril e maio). A fase amarela requer foco nas a\u00e7\u00f5es preventivas e de prepara\u00e7\u00e3o para enfrentar os inc\u00eandios florestais. Nessa fase, as atividades de treinamento, capacita\u00e7\u00e3o, elabora\u00e7\u00e3o e revis\u00e3o de planos preventivos e de conting\u00eancia ganham prioridade.<br><br>\u00a0\u00a0\u00a0\u00a0\u00a0\u00a0\u00a0\u00a0\u00a0\u00a0\u00a0 Fase vermelha (de junho a outubro). Nessa fase, as a\u00e7\u00f5es de combate ao fogo e de fiscaliza\u00e7\u00e3o repressiva s\u00e3o priorizadas e as estrat\u00e9gias de comunica\u00e7\u00e3o e campanhas preventivas ganham refor\u00e7o.<br><br>\u00a0<br>\u00d3rg\u00e3os participantes:<br><br>Coordenadoria Estadual de Prote\u00e7\u00e3o e Defesa Civil (CEPDEC)<br>Corpo de Bombeiros da Pol\u00edcia Militar do Estado de S\u00e3o Paulo (CBPMESP)<br>Pol\u00edcia Militar Ambiental<br>Companhia Ambiental do Estado de S\u00e3o Paulo (Cetesb)<br>Funda\u00e7\u00e3o Florestal.<br><br>A coordena\u00e7\u00e3o do sistema \u00e9 feita pela CFB \u2013 Coordenadoria de Fiscaliza\u00e7\u00e3o e Biodiversidade, da Secretaria de Infraestrutura e Meio Ambiente.<\/strong><\/p>\n","protected":false},"excerpt":{"rendered":"<p>A Opera\u00e7\u00e3o Corta-Fogo, a\u00e7\u00e3o do governo de S\u00e3o Paulo para prevenir e combater inc\u00eandios florestais, alerta para possibilidade do aumento<\/p>\n","protected":false},"author":1,"featured_media":25233,"comment_status":"open","ping_status":"open","sticky":false,"template":"","format":"standard","meta":[],"categories":[3],"tags":[],"yoast_head":"<!-- This site is optimized with the Yoast SEO plugin v15.8 - https:\/\/yoast.com\/wordpress\/plugins\/seo\/ -->\n<title>INVERNO MAIS SECO EM 2021 FAVORECE AUMENTO DE INC\u00caNDIOS EM MATAS E FLORESTAS - Revista Vitrine Online<\/title>\n<meta name=\"robots\" content=\"index, follow, max-snippet:-1, max-image-preview:large, max-video-preview:-1\" \/>\n<link rel=\"canonical\" href=\"http:\/\/revistavitrineibiuna.com.br\/?p=25232\" \/>\n<meta property=\"og:locale\" content=\"pt_BR\" \/>\n<meta property=\"og:type\" content=\"article\" \/>\n<meta property=\"og:title\" content=\"INVERNO MAIS SECO EM 2021 FAVORECE AUMENTO DE INC\u00caNDIOS EM MATAS E FLORESTAS - Revista Vitrine Online\" \/>\n<meta property=\"og:description\" content=\"A Opera\u00e7\u00e3o Corta-Fogo, a\u00e7\u00e3o do governo de S\u00e3o Paulo para prevenir e combater inc\u00eandios florestais, alerta para possibilidade do aumento\" \/>\n<meta property=\"og:url\" content=\"http:\/\/revistavitrineibiuna.com.br\/?p=25232\" \/>\n<meta property=\"og:site_name\" content=\"Revista Vitrine Online\" \/>\n<meta property=\"article:published_time\" content=\"2021-08-03T21:12:14+00:00\" \/>\n<meta property=\"article:modified_time\" content=\"2021-08-03T21:22:36+00:00\" \/>\n<meta property=\"og:image\" content=\"http:\/\/revistavitrineibiuna.com.br\/wp-content\/uploads\/2021\/08\/incendio.jpg\" \/>\n\t<meta property=\"og:image:width\" content=\"740\" \/>\n\t<meta property=\"og:image:height\" content=\"490\" \/>\n<meta name=\"twitter:card\" content=\"summary\" \/>\n<meta name=\"twitter:label1\" content=\"Est. reading time\">\n\t<meta name=\"twitter:data1\" content=\"3 minutos\">\n<script type=\"application\/ld+json\" class=\"yoast-schema-graph\">{\"@context\":\"https:\/\/schema.org\",\"@graph\":[{\"@type\":\"WebSite\",\"@id\":\"https:\/\/revistavitrineibiuna.com.br\/#website\",\"url\":\"https:\/\/revistavitrineibiuna.com.br\/\",\"name\":\"Revista Vitrine Ibi\\u00fana\",\"description\":\"A Revista de Ibi\\u00fana e Regi\\u00e3o\",\"publisher\":{\"@id\":\"https:\/\/revistavitrineibiuna.com.br\/#\/schema\/person\/e51ef49d6d88170ea21ceabff3f73deb\"},\"potentialAction\":[{\"@type\":\"SearchAction\",\"target\":\"https:\/\/revistavitrineibiuna.com.br\/?s={search_term_string}\",\"query-input\":\"required name=search_term_string\"}],\"inLanguage\":\"pt-BR\"},{\"@type\":\"ImageObject\",\"@id\":\"http:\/\/revistavitrineibiuna.com.br\/?p=25232#primaryimage\",\"inLanguage\":\"pt-BR\",\"url\":\"http:\/\/revistavitrineibiuna.com.br\/wp-content\/uploads\/2021\/08\/incendio.jpg\",\"width\":740,\"height\":490},{\"@type\":\"WebPage\",\"@id\":\"http:\/\/revistavitrineibiuna.com.br\/?p=25232#webpage\",\"url\":\"http:\/\/revistavitrineibiuna.com.br\/?p=25232\",\"name\":\"INVERNO MAIS SECO EM 2021 FAVORECE AUMENTO DE INC\\u00caNDIOS EM MATAS E FLORESTAS - Revista Vitrine Online\",\"isPartOf\":{\"@id\":\"https:\/\/revistavitrineibiuna.com.br\/#website\"},\"primaryImageOfPage\":{\"@id\":\"http:\/\/revistavitrineibiuna.com.br\/?p=25232#primaryimage\"},\"datePublished\":\"2021-08-03T21:12:14+00:00\",\"dateModified\":\"2021-08-03T21:22:36+00:00\",\"breadcrumb\":{\"@id\":\"http:\/\/revistavitrineibiuna.com.br\/?p=25232#breadcrumb\"},\"inLanguage\":\"pt-BR\",\"potentialAction\":[{\"@type\":\"ReadAction\",\"target\":[\"http:\/\/revistavitrineibiuna.com.br\/?p=25232\"]}]},{\"@type\":\"BreadcrumbList\",\"@id\":\"http:\/\/revistavitrineibiuna.com.br\/?p=25232#breadcrumb\",\"itemListElement\":[{\"@type\":\"ListItem\",\"position\":1,\"item\":{\"@type\":\"WebPage\",\"@id\":\"https:\/\/revistavitrineibiuna.com.br\/\",\"url\":\"https:\/\/revistavitrineibiuna.com.br\/\",\"name\":\"In\\u00edcio\"}},{\"@type\":\"ListItem\",\"position\":2,\"item\":{\"@type\":\"WebPage\",\"@id\":\"http:\/\/revistavitrineibiuna.com.br\/?p=25232\",\"url\":\"http:\/\/revistavitrineibiuna.com.br\/?p=25232\",\"name\":\"INVERNO MAIS SECO EM 2021 FAVORECE AUMENTO DE INC\\u00caNDIOS EM MATAS E FLORESTAS\"}}]},{\"@type\":\"Article\",\"@id\":\"http:\/\/revistavitrineibiuna.com.br\/?p=25232#article\",\"isPartOf\":{\"@id\":\"http:\/\/revistavitrineibiuna.com.br\/?p=25232#webpage\"},\"author\":{\"@id\":\"https:\/\/revistavitrineibiuna.com.br\/#\/schema\/person\/e51ef49d6d88170ea21ceabff3f73deb\"},\"headline\":\"INVERNO MAIS SECO EM 2021 FAVORECE AUMENTO DE INC\\u00caNDIOS EM MATAS E FLORESTAS\",\"datePublished\":\"2021-08-03T21:12:14+00:00\",\"dateModified\":\"2021-08-03T21:22:36+00:00\",\"mainEntityOfPage\":{\"@id\":\"http:\/\/revistavitrineibiuna.com.br\/?p=25232#webpage\"},\"commentCount\":0,\"publisher\":{\"@id\":\"https:\/\/revistavitrineibiuna.com.br\/#\/schema\/person\/e51ef49d6d88170ea21ceabff3f73deb\"},\"image\":{\"@id\":\"http:\/\/revistavitrineibiuna.com.br\/?p=25232#primaryimage\"},\"articleSection\":\"Not\\u00edcias\",\"inLanguage\":\"pt-BR\",\"potentialAction\":[{\"@type\":\"CommentAction\",\"name\":\"Comment\",\"target\":[\"http:\/\/revistavitrineibiuna.com.br\/?p=25232#respond\"]}]},{\"@type\":[\"Person\",\"Organization\"],\"@id\":\"https:\/\/revistavitrineibiuna.com.br\/#\/schema\/person\/e51ef49d6d88170ea21ceabff3f73deb\",\"name\":\"Carlos Rossini\",\"image\":{\"@type\":\"ImageObject\",\"@id\":\"https:\/\/revistavitrineibiuna.com.br\/#personlogo\",\"inLanguage\":\"pt-BR\",\"url\":\"http:\/\/1.gravatar.com\/avatar\/4f2d0f99fac1f85c7d643f21f5c8d900?s=96&d=mm&r=g\",\"caption\":\"Carlos Rossini\"},\"logo\":{\"@id\":\"https:\/\/revistavitrineibiuna.com.br\/#personlogo\"},\"description\":\"Carlos Rossini \\u00e9 jornalista, soci\\u00f3logo, escritor e professor universit\\u00e1rio, tendo sido professor de jornalismo por vinte anos. Trabalhou em ve\\u00edculos de comunica\\u00e7\\u00e3o nas fun\\u00e7\\u00f5es de rep\\u00f3rter, redator, editor, articulista e colaborador, como Folha de S. Paulo, O Estado de S. Paulo, Di\\u00e1rio Popular, entre outros. Ao transferir a revista vitrine, vers\\u00e3o imprensa, de S\\u00e3o Paulo para Ibi\\u00fana h\\u00e1 alguns anos, iniciou uma nova experi\\u00eancia profissional, dedicando-se ao jornalismo regional, depois de cumprir uma trajet\\u00f3ria bem-sucedida na grande imprensa brasileira. Seu primeiro livro A Coragem de Comunicar foi lan\\u00e7ado na Bienal do Livro em S\\u00e3o Paulo no ano 2000, pela editora Madras.\"}]}<\/script>\n<!-- \/ Yoast SEO plugin. -->","_links":{"self":[{"href":"http:\/\/revistavitrineibiuna.com.br\/index.php?rest_route=\/wp\/v2\/posts\/25232"}],"collection":[{"href":"http:\/\/revistavitrineibiuna.com.br\/index.php?rest_route=\/wp\/v2\/posts"}],"about":[{"href":"http:\/\/revistavitrineibiuna.com.br\/index.php?rest_route=\/wp\/v2\/types\/post"}],"author":[{"embeddable":true,"href":"http:\/\/revistavitrineibiuna.com.br\/index.php?rest_route=\/wp\/v2\/users\/1"}],"replies":[{"embeddable":true,"href":"http:\/\/revistavitrineibiuna.com.br\/index.php?rest_route=%2Fwp%2Fv2%2Fcomments&post=25232"}],"version-history":[{"count":3,"href":"http:\/\/revistavitrineibiuna.com.br\/index.php?rest_route=\/wp\/v2\/posts\/25232\/revisions"}],"predecessor-version":[{"id":25236,"href":"http:\/\/revistavitrineibiuna.com.br\/index.php?rest_route=\/wp\/v2\/posts\/25232\/revisions\/25236"}],"wp:featuredmedia":[{"embeddable":true,"href":"http:\/\/revistavitrineibiuna.com.br\/index.php?rest_route=\/wp\/v2\/media\/25233"}],"wp:attachment":[{"href":"http:\/\/revistavitrineibiuna.com.br\/index.php?rest_route=%2Fwp%2Fv2%2Fmedia&parent=25232"}],"wp:term":[{"taxonomy":"category","embeddable":true,"href":"http:\/\/revistavitrineibiuna.com.br\/index.php?rest_route=%2Fwp%2Fv2%2Fcategories&post=25232"},{"taxonomy":"post_tag","embeddable":true,"href":"http:\/\/revistavitrineibiuna.com.br\/index.php?rest_route=%2Fwp%2Fv2%2Ftags&post=25232"}],"curies":[{"name":"wp","href":"https:\/\/api.w.org\/{rel}","templated":true}]}}