{"id":25237,"date":"2021-08-05T07:10:31","date_gmt":"2021-08-05T10:10:31","guid":{"rendered":"http:\/\/revistavitrineibiuna.com.br\/?p=25237"},"modified":"2021-08-05T17:06:38","modified_gmt":"2021-08-05T20:06:38","slug":"ibiuna-j-watanabe-e-o-mais-completo-fornecedor-de-verduras-legumes-e-frutas-do-brasil","status":"publish","type":"post","link":"http:\/\/revistavitrineibiuna.com.br\/?p=25237","title":{"rendered":"IBI\u00daNA &#8211; J.WATANABE \u00c9 O MAIS COMPLETO FORNECEDOR DE VERDURAS, LEGUMES E FRUTAS DO BRASIL"},"content":{"rendered":"\n<p class=\"has-drop-cap\"><strong>A base econ\u00f4mica de Ibi\u00fana \u00e9 a agricultura. Isso j\u00e1 \u00e9 sabido h\u00e1 tempos, especialmente verduras, legumes e temperos. Uma vista a\u00e9rea do vasto territ\u00f3rio do munic\u00edpio apresenta uma not\u00e1vel diversidade de variados tons verde em mosaicos que sobem e descem uma topografia vari\u00e1vel formada por encostas.<\/strong><\/p>\n\n\n\n<p><strong>O que poucos sabem, no entanto, \u00e9 que Ibi\u00fana ocupa o primeiro lugar no Brasil no fornecimento completo de verduras, legumes e frutas para o mercado consumidor.<\/strong><\/p>\n\n\n\n<p><strong>Essa proeza \u00e9 realizada pela J. Watanabe, um produtor gigante localizado no bairro Sorocamirim, na altura do km 7 da Estrada Vicinal Vereador Ernesto Pires de Oliveira, conhecida popularmente como Estrada do Verava. Trata-se do maior produtor\/fornecedor de hortifruti de Ibi\u00fana&nbsp;.<\/strong><\/p>\n\n\n\n<p><strong>A J.Watanabe existe h\u00e1 60 anos e \u00e9 fruto de muito esfor\u00e7o, trabalho e supera\u00e7\u00e3o de obst\u00e1culos que n\u00e3o foram poucos. A hist\u00f3ria come\u00e7ou com a vinda ao Brasil de Teruo Watanabe, que morava na prov\u00edncia de Fukuoka, e de seu filho Eizo. No come\u00e7o Teruo colhia hortali\u00e7as e Eizo, ainda menino, ajudava lavando os produtos. Aos 14 anos, Eizo, hoje com 72 anos e ainda no batente di\u00e1rio, come\u00e7ou a produzir hortali\u00e7as. Da\u00ed, pouco a pouco n\u00e3o parou de aumentar e diversificar os produtos.<\/strong><\/p>\n\n\n\n<p><strong>50 TONELADAS\/DIA<\/strong><\/p>\n\n\n\n<figure class=\"wp-block-image size-large\"><img loading=\"lazy\" width=\"740\" height=\"433\" src=\"http:\/\/revistavitrineibiuna.com.br\/wp-content\/uploads\/2021\/08\/40-alqueires.jpg\" alt=\"\" class=\"wp-image-25240\" srcset=\"http:\/\/revistavitrineibiuna.com.br\/wp-content\/uploads\/2021\/08\/40-alqueires.jpg 740w, http:\/\/revistavitrineibiuna.com.br\/wp-content\/uploads\/2021\/08\/40-alqueires-300x176.jpg 300w\" sizes=\"(max-width: 740px) 100vw, 740px\" \/><\/figure>\n\n\n\n<p><strong>A J.Watanabe, uma empresa familiar, fornece por dia 50 toneladas\/dia de produtos em 73 cidades do Estado de S\u00e3o Paulo, Paran\u00e1 e Rio de Janeiro. Ao todo abastece mais de 400 supermercados, com uma frota de 70 caminh\u00f5es. Monta pontos de venda que s\u00e3o mantidos por seus pr\u00f3prios promotores.<\/strong><\/p>\n\n\n\n<p><strong>Do total da produ\u00e7\u00e3o, 80% s\u00e3o folhosas de plantio convencional e 20% pelo sistema hidrop\u00f4nico.<\/strong><\/p>\n\n\n\n<p><strong>Ao todo conta com 840 funcion\u00e1rios, o que demonstra sua relev\u00e2ncia socioecon\u00f4mica para Ibi\u00fana.<\/strong><\/p>\n\n\n\n<p><strong>\u201cPara vencer, para ter alguma coisa, tem que lutar pelos seus objetivos\u201d, comentou Eizo ao contar a sua hist\u00f3ria, mencionando que repassou este ensinamento aos filhos.<\/strong><\/p>\n\n\n\n<p><strong>Essa li\u00e7\u00e3o parece ter sido assimilada por todos os filhos de Eizo. Hoje (4) \u00e0 tarde quando o jornalista Carlos Rossini, editor de vitrine online, visitava a J.Watanabe, viu uma de suas filhas trabalhando como um empregado comum na se\u00e7\u00e3o de higieniza\u00e7\u00e3o e embalagem de verduras. Seu pai foi visto no caminho pilotando um trator. Aos 72 anos mant\u00e9m o vigor e a disciplina para produzir alimentos como foi o prop\u00f3sito de seu pai, Teruo, que ele abra\u00e7ou com dedica\u00e7\u00e3o amorosa e respeito \u00e0 terra.<\/strong><\/p>\n\n\n\n<figure class=\"wp-block-image size-large\"><img loading=\"lazy\" width=\"740\" height=\"451\" src=\"http:\/\/revistavitrineibiuna.com.br\/wp-content\/uploads\/2021\/08\/hidroponicos.jpg\" alt=\"\" class=\"wp-image-25242\" srcset=\"http:\/\/revistavitrineibiuna.com.br\/wp-content\/uploads\/2021\/08\/hidroponicos.jpg 740w, http:\/\/revistavitrineibiuna.com.br\/wp-content\/uploads\/2021\/08\/hidroponicos-300x183.jpg 300w\" sizes=\"(max-width: 740px) 100vw, 740px\" \/><\/figure>\n\n\n\n<p><strong>GEST\u00c3O PROFISSIONAL<\/strong><\/p>\n\n\n\n<p><strong>Um dos filhos de Eizo, Joiji Yoshio Watanabe, 32 anos, se preparou para assumir seu papel de continuador da tradi\u00e7\u00e3o familiar. Formou-se em administra\u00e7\u00e3o de empresas, trabalhou dois anos na Caisp \u2013 Cooperativa Agropecu\u00e1ria de Ibi\u00fana para aprender a lidar com verduras. Ah!, aos catorze anos j\u00e1 estava lidando na ro\u00e7a, como o pai.<\/strong><\/p>\n\n\n\n<p><strong>Joiji comporta-se como um executivo atento a tudo que acontece.<\/strong><\/p>\n\n\n\n<p><strong>Com dois celulares mant\u00e9m contatos seguidos com clientes, funcion\u00e1rios e fornecedores com uma naturalidade impressionante. Seu dia a dia \u00e9 longo e pode chegar at\u00e9 meia noite. Al\u00e9m disso se relaciona pessoalmente com os funcion\u00e1rios para acompanhar o andamento das atividades, enquanto embalam mercadorias num imenso barrac\u00e3o, com caixas e mais caixas cheias de verduras e legumes.<\/strong><\/p>\n\n\n\n<p><strong>FOCO<\/strong><\/p>\n\n\n\n<p><strong>Joiji dirige a empresa com uma simplicidade e objetividade impressionantes. \u00c9 capaz de fazer c\u00e1lculos mentais com uma rapidez not\u00e1vel, assim como manter os contatos sem perder o foco das quest\u00f5es relevantes. Nota-se que procura estar a par de tudo que est\u00e1 em andamento para proteger os neg\u00f3cios da fam\u00edlia, como os elevados custos dolarizados de insumos para a hidroponia que s\u00e3o importados da Holanda, o peso do aumento da energia el\u00e9trica e os efeitos da pandemia no comportamento dos consumidores.<\/strong><\/p>\n\n\n\n<p><strong>O jovem empres\u00e1rio conta com o suporte de profissionais especializados e consultores a fim de superar as varia\u00e7\u00f5es t\u00edpicas do mundo dos neg\u00f3cios. Ele comenta:<\/strong><\/p>\n\n\n\n<p><strong>\u201cSe as pessoas tivessem conhecimento do trabalho que realizamos para fornecer alimentos de qualidade para a popula\u00e7\u00e3o, certamente valorizariam mais o esfor\u00e7o que \u00e9 feito e que tamb\u00e9m depende dos ciclos da natureza.\u201d Nestes casos ocorr\u00eancias de geadas, como aconteceu recentemente, que destruiu cerca de 700 mil produtos e a estiagem que se verifica atualmente com a falta de chuvas.<\/strong><\/p>\n\n\n\n<p><strong>TEMPO \u00c9 DECISIVO<\/strong><\/p>\n\n\n\n<figure class=\"wp-block-image size-large\"><img loading=\"lazy\" width=\"688\" height=\"415\" src=\"http:\/\/revistavitrineibiuna.com.br\/wp-content\/uploads\/2021\/08\/barracao.jpg\" alt=\"\" class=\"wp-image-25244\" srcset=\"http:\/\/revistavitrineibiuna.com.br\/wp-content\/uploads\/2021\/08\/barracao.jpg 688w, http:\/\/revistavitrineibiuna.com.br\/wp-content\/uploads\/2021\/08\/barracao-300x181.jpg 300w\" sizes=\"(max-width: 688px) 100vw, 688px\" \/><\/figure>\n\n\n\n<p><strong>H\u00e1 uma peculiaridade decisiva com os produtos da J.Watanabe: o tempo. Colheita, lavagem, higieniza\u00e7\u00e3o, embalagem, transporte e entrega exigem muita agilidade, pois os produtos s\u00e3o altamente perec\u00edveis e, por isso, requerem cuidados especiais todo o tempo.<br>Para chegarem frescos a um supermercado de Presidente Prudente, por exemplo, precisam ser colhidos, embalados, embarcados e transportados de madrugada. Tudo no tempo certo. <em>Just in time<\/em>, como diz a cartilha da filosofia da Qualidade Total, que foi um dos instrumentos utilizados na recupera\u00e7\u00e3o econ\u00f4mica do Jap\u00e3o.<\/strong><\/p>\n\n\n\n<p><strong>Quando uma dona de casa prepara uma salada para o almo\u00e7o, talvez n\u00e3o imagine todo o processo que tornou o alface uma realidade sobre a mesa.<\/strong><\/p>\n\n\n\n<p><strong>Ao apresentar e explicar o setor de insumos para verduras hidrop\u00f4nicas, Joiji afirma: \u201cEsses alimentos s\u00e3o vivos como a gente, precisam de nutrientes para se desenvolverem, assim como acontece com a gente.\u201d (Carlos Rossini \u00e9 editor de vitrine online)<\/strong><\/p>\n\n\n\n<figure class=\"wp-block-image size-large\"><img loading=\"lazy\" width=\"700\" height=\"413\" src=\"http:\/\/revistavitrineibiuna.com.br\/wp-content\/uploads\/2021\/08\/caminhoes.jpg\" alt=\"\" class=\"wp-image-25246\" srcset=\"http:\/\/revistavitrineibiuna.com.br\/wp-content\/uploads\/2021\/08\/caminhoes.jpg 700w, http:\/\/revistavitrineibiuna.com.br\/wp-content\/uploads\/2021\/08\/caminhoes-300x177.jpg 300w\" sizes=\"(max-width: 700px) 100vw, 700px\" \/><\/figure>\n\n\n\n<hr class=\"wp-block-separator\"\/>\n\n\n\n<p>&nbsp;<a href=\"#_msoanchor_1\">[C1]<\/a><\/p>\n","protected":false},"excerpt":{"rendered":"<p>A base econ\u00f4mica de Ibi\u00fana \u00e9 a agricultura. Isso j\u00e1 \u00e9 sabido h\u00e1 tempos, especialmente verduras, legumes e temperos. Uma<\/p>\n","protected":false},"author":1,"featured_media":25238,"comment_status":"open","ping_status":"open","sticky":false,"template":"","format":"standard","meta":[],"categories":[3],"tags":[],"yoast_head":"<!-- This site is optimized with the Yoast SEO plugin v15.8 - https:\/\/yoast.com\/wordpress\/plugins\/seo\/ -->\n<title>IBI\u00daNA - J.WATANABE \u00c9 O MAIS COMPLETO FORNECEDOR DE VERDURAS, LEGUMES E FRUTAS DO BRASIL - Revista Vitrine Online<\/title>\n<meta name=\"robots\" content=\"index, follow, max-snippet:-1, max-image-preview:large, max-video-preview:-1\" \/>\n<link rel=\"canonical\" href=\"http:\/\/revistavitrineibiuna.com.br\/?p=25237\" \/>\n<meta property=\"og:locale\" content=\"pt_BR\" \/>\n<meta property=\"og:type\" content=\"article\" \/>\n<meta property=\"og:title\" content=\"IBI\u00daNA - J.WATANABE \u00c9 O MAIS COMPLETO FORNECEDOR DE VERDURAS, LEGUMES E FRUTAS DO BRASIL - Revista Vitrine Online\" \/>\n<meta property=\"og:description\" content=\"A base econ\u00f4mica de Ibi\u00fana \u00e9 a agricultura. Isso j\u00e1 \u00e9 sabido h\u00e1 tempos, especialmente verduras, legumes e temperos. Uma\" \/>\n<meta property=\"og:url\" content=\"http:\/\/revistavitrineibiuna.com.br\/?p=25237\" \/>\n<meta property=\"og:site_name\" content=\"Revista Vitrine Online\" \/>\n<meta property=\"article:published_time\" content=\"2021-08-05T10:10:31+00:00\" \/>\n<meta property=\"article:modified_time\" content=\"2021-08-05T20:06:38+00:00\" \/>\n<meta property=\"og:image\" content=\"http:\/\/revistavitrineibiuna.com.br\/wp-content\/uploads\/2021\/08\/joiji.jpg\" \/>\n\t<meta property=\"og:image:width\" content=\"740\" \/>\n\t<meta property=\"og:image:height\" content=\"480\" \/>\n<meta name=\"twitter:card\" content=\"summary\" \/>\n<meta name=\"twitter:label1\" content=\"Est. reading time\">\n\t<meta name=\"twitter:data1\" content=\"5 minutos\">\n<script type=\"application\/ld+json\" class=\"yoast-schema-graph\">{\"@context\":\"https:\/\/schema.org\",\"@graph\":[{\"@type\":\"WebSite\",\"@id\":\"https:\/\/revistavitrineibiuna.com.br\/#website\",\"url\":\"https:\/\/revistavitrineibiuna.com.br\/\",\"name\":\"Revista Vitrine Ibi\\u00fana\",\"description\":\"A Revista de Ibi\\u00fana e Regi\\u00e3o\",\"publisher\":{\"@id\":\"https:\/\/revistavitrineibiuna.com.br\/#\/schema\/person\/e51ef49d6d88170ea21ceabff3f73deb\"},\"potentialAction\":[{\"@type\":\"SearchAction\",\"target\":\"https:\/\/revistavitrineibiuna.com.br\/?s={search_term_string}\",\"query-input\":\"required name=search_term_string\"}],\"inLanguage\":\"pt-BR\"},{\"@type\":\"ImageObject\",\"@id\":\"http:\/\/revistavitrineibiuna.com.br\/?p=25237#primaryimage\",\"inLanguage\":\"pt-BR\",\"url\":\"http:\/\/revistavitrineibiuna.com.br\/wp-content\/uploads\/2021\/08\/joiji.jpg\",\"width\":740,\"height\":480},{\"@type\":\"WebPage\",\"@id\":\"http:\/\/revistavitrineibiuna.com.br\/?p=25237#webpage\",\"url\":\"http:\/\/revistavitrineibiuna.com.br\/?p=25237\",\"name\":\"IBI\\u00daNA - J.WATANABE \\u00c9 O MAIS COMPLETO FORNECEDOR DE VERDURAS, LEGUMES E FRUTAS DO BRASIL - Revista Vitrine Online\",\"isPartOf\":{\"@id\":\"https:\/\/revistavitrineibiuna.com.br\/#website\"},\"primaryImageOfPage\":{\"@id\":\"http:\/\/revistavitrineibiuna.com.br\/?p=25237#primaryimage\"},\"datePublished\":\"2021-08-05T10:10:31+00:00\",\"dateModified\":\"2021-08-05T20:06:38+00:00\",\"breadcrumb\":{\"@id\":\"http:\/\/revistavitrineibiuna.com.br\/?p=25237#breadcrumb\"},\"inLanguage\":\"pt-BR\",\"potentialAction\":[{\"@type\":\"ReadAction\",\"target\":[\"http:\/\/revistavitrineibiuna.com.br\/?p=25237\"]}]},{\"@type\":\"BreadcrumbList\",\"@id\":\"http:\/\/revistavitrineibiuna.com.br\/?p=25237#breadcrumb\",\"itemListElement\":[{\"@type\":\"ListItem\",\"position\":1,\"item\":{\"@type\":\"WebPage\",\"@id\":\"https:\/\/revistavitrineibiuna.com.br\/\",\"url\":\"https:\/\/revistavitrineibiuna.com.br\/\",\"name\":\"In\\u00edcio\"}},{\"@type\":\"ListItem\",\"position\":2,\"item\":{\"@type\":\"WebPage\",\"@id\":\"http:\/\/revistavitrineibiuna.com.br\/?p=25237\",\"url\":\"http:\/\/revistavitrineibiuna.com.br\/?p=25237\",\"name\":\"IBI\\u00daNA &#8211; J.WATANABE \\u00c9 O MAIS COMPLETO FORNECEDOR DE VERDURAS, LEGUMES E FRUTAS DO BRASIL\"}}]},{\"@type\":\"Article\",\"@id\":\"http:\/\/revistavitrineibiuna.com.br\/?p=25237#article\",\"isPartOf\":{\"@id\":\"http:\/\/revistavitrineibiuna.com.br\/?p=25237#webpage\"},\"author\":{\"@id\":\"https:\/\/revistavitrineibiuna.com.br\/#\/schema\/person\/e51ef49d6d88170ea21ceabff3f73deb\"},\"headline\":\"IBI\\u00daNA &#8211; J.WATANABE \\u00c9 O MAIS COMPLETO FORNECEDOR DE VERDURAS, LEGUMES E FRUTAS DO BRASIL\",\"datePublished\":\"2021-08-05T10:10:31+00:00\",\"dateModified\":\"2021-08-05T20:06:38+00:00\",\"mainEntityOfPage\":{\"@id\":\"http:\/\/revistavitrineibiuna.com.br\/?p=25237#webpage\"},\"commentCount\":0,\"publisher\":{\"@id\":\"https:\/\/revistavitrineibiuna.com.br\/#\/schema\/person\/e51ef49d6d88170ea21ceabff3f73deb\"},\"image\":{\"@id\":\"http:\/\/revistavitrineibiuna.com.br\/?p=25237#primaryimage\"},\"articleSection\":\"Not\\u00edcias\",\"inLanguage\":\"pt-BR\",\"potentialAction\":[{\"@type\":\"CommentAction\",\"name\":\"Comment\",\"target\":[\"http:\/\/revistavitrineibiuna.com.br\/?p=25237#respond\"]}]},{\"@type\":[\"Person\",\"Organization\"],\"@id\":\"https:\/\/revistavitrineibiuna.com.br\/#\/schema\/person\/e51ef49d6d88170ea21ceabff3f73deb\",\"name\":\"Carlos Rossini\",\"image\":{\"@type\":\"ImageObject\",\"@id\":\"https:\/\/revistavitrineibiuna.com.br\/#personlogo\",\"inLanguage\":\"pt-BR\",\"url\":\"http:\/\/1.gravatar.com\/avatar\/4f2d0f99fac1f85c7d643f21f5c8d900?s=96&d=mm&r=g\",\"caption\":\"Carlos Rossini\"},\"logo\":{\"@id\":\"https:\/\/revistavitrineibiuna.com.br\/#personlogo\"},\"description\":\"Carlos Rossini \\u00e9 jornalista, soci\\u00f3logo, escritor e professor universit\\u00e1rio, tendo sido professor de jornalismo por vinte anos. Trabalhou em ve\\u00edculos de comunica\\u00e7\\u00e3o nas fun\\u00e7\\u00f5es de rep\\u00f3rter, redator, editor, articulista e colaborador, como Folha de S. Paulo, O Estado de S. Paulo, Di\\u00e1rio Popular, entre outros. Ao transferir a revista vitrine, vers\\u00e3o imprensa, de S\\u00e3o Paulo para Ibi\\u00fana h\\u00e1 alguns anos, iniciou uma nova experi\\u00eancia profissional, dedicando-se ao jornalismo regional, depois de cumprir uma trajet\\u00f3ria bem-sucedida na grande imprensa brasileira. Seu primeiro livro A Coragem de Comunicar foi lan\\u00e7ado na Bienal do Livro em S\\u00e3o Paulo no ano 2000, pela editora Madras.\"}]}<\/script>\n<!-- \/ Yoast SEO plugin. -->","_links":{"self":[{"href":"http:\/\/revistavitrineibiuna.com.br\/index.php?rest_route=\/wp\/v2\/posts\/25237"}],"collection":[{"href":"http:\/\/revistavitrineibiuna.com.br\/index.php?rest_route=\/wp\/v2\/posts"}],"about":[{"href":"http:\/\/revistavitrineibiuna.com.br\/index.php?rest_route=\/wp\/v2\/types\/post"}],"author":[{"embeddable":true,"href":"http:\/\/revistavitrineibiuna.com.br\/index.php?rest_route=\/wp\/v2\/users\/1"}],"replies":[{"embeddable":true,"href":"http:\/\/revistavitrineibiuna.com.br\/index.php?rest_route=%2Fwp%2Fv2%2Fcomments&post=25237"}],"version-history":[{"count":13,"href":"http:\/\/revistavitrineibiuna.com.br\/index.php?rest_route=\/wp\/v2\/posts\/25237\/revisions"}],"predecessor-version":[{"id":25270,"href":"http:\/\/revistavitrineibiuna.com.br\/index.php?rest_route=\/wp\/v2\/posts\/25237\/revisions\/25270"}],"wp:featuredmedia":[{"embeddable":true,"href":"http:\/\/revistavitrineibiuna.com.br\/index.php?rest_route=\/wp\/v2\/media\/25238"}],"wp:attachment":[{"href":"http:\/\/revistavitrineibiuna.com.br\/index.php?rest_route=%2Fwp%2Fv2%2Fmedia&parent=25237"}],"wp:term":[{"taxonomy":"category","embeddable":true,"href":"http:\/\/revistavitrineibiuna.com.br\/index.php?rest_route=%2Fwp%2Fv2%2Fcategories&post=25237"},{"taxonomy":"post_tag","embeddable":true,"href":"http:\/\/revistavitrineibiuna.com.br\/index.php?rest_route=%2Fwp%2Fv2%2Ftags&post=25237"}],"curies":[{"name":"wp","href":"https:\/\/api.w.org\/{rel}","templated":true}]}}