{"id":25257,"date":"2021-08-05T16:10:46","date_gmt":"2021-08-05T19:10:46","guid":{"rendered":"http:\/\/revistavitrineibiuna.com.br\/?p=25257"},"modified":"2021-08-05T16:32:30","modified_gmt":"2021-08-05T19:32:30","slug":"situacao-da-represa-itupararanga-e-gravissima-apontam-prefeituras-e-empresas-de-abastacimento","status":"publish","type":"post","link":"http:\/\/revistavitrineibiuna.com.br\/?p=25257","title":{"rendered":"SITUA\u00c7\u00c3O DA REPRESA ITUPARARANGA \u00c9 \u201cGRAV\u00cdSSIMA\u201d, APONTAM PREFEITURAS E EMPRESAS DE ABASTECIMENTO"},"content":{"rendered":"\n<p class=\"has-drop-cap\"><strong>Em reuni\u00e3o remota do Comit\u00ea de Crise H\u00eddrica do CBH-SMT na tarde de ontem (04\/08) com as prefeituras e concession\u00e1rias das cidades que fazem capta\u00e7\u00e3o de \u00e1gua do reservat\u00f3rio de Itupararanga e no Rio Sorocaba, houve um consenso: as previs\u00f5es at\u00e9 o momento mostram que a situa\u00e7\u00e3o da represa \u00e9 \u201cgrav\u00edssima\u201d, segundo relato feito pela SOS Itupararanga.<\/strong><\/p>\n\n\n\n<p><strong>Participaram representantes de Ibi\u00fana, Alum\u00ednio, Sorocaba, Votorantim, Mairinque, Cerquilho, S\u00e3o Roque, Cetesb, DAEE, Sabesp e a Funda\u00e7\u00e3o Florestal.<\/strong><\/p>\n\n\n\n<p><strong>A reuni\u00e3o teve como objetivo discutir as possibilidades de redu\u00e7\u00e3o da vaz\u00e3o da represa e os impactos sobre o abastecimento p\u00fablico.<\/strong><\/p>\n\n\n\n<p><strong>A discuss\u00e3o seguir\u00e1 nesta sexta-feira (6) na reuni\u00e3o conjunta das C\u00e2maras T\u00e9cnicas de Planejamento, de Saneamento e de Prote\u00e7\u00e3o das \u00c1guas, esta \u00faltima coordenada pela SOS Itupararanga.<\/strong><\/p>\n\n\n\n<p><strong>Agora, os munic\u00edpios que comp\u00f5em a APA de Itupararanga, que s\u00e3o Ibi\u00fana, Alum\u00ednio, Votorantim, S\u00e3o Roque, Mairinque, Piedade, Cotia e Vargem Grande Paulista est\u00e3o preocupados com a redu\u00e7\u00e3o do n\u00edvel da represa, pois o ecossistema est\u00e1 sendo impactado, a qualidade da \u00e1gua da represa piorou com essa redu\u00e7\u00e3o, e as capta\u00e7\u00f5es feitas na represa est\u00e3o em risco<\/strong><\/p>\n\n\n\n<p><strong>RACIONAMENTO \u00c0 VISTA?<\/strong><\/p>\n\n\n\n<p><strong>A SOS Itupararanga prop\u00f4s \u00e0s empresas respons\u00e1veis pelo abastecimento dessas cidade que fa\u00e7am planos de conting\u00eancia, um conjunto de medidas visando reduzir o consumo de \u00e1gua nesse per\u00edodo cr\u00edtico.<\/strong><\/p>\n\n\n\n<p>COMPARE AS FOTOS<\/p>\n\n\n\n<p>Ambas foram feitas por vitrine online. A primeira mostra a situa\u00e7\u00e3o da represa no dia 27 de agosto de 2014; a segunda, foi tirada hoje, 5 de agosto de 2021. Entre a primeira e a segunda se passaram 7 anos. Ambas as fotos foram tiradas do mesmo lugar, no bairro da Cachoeira.<\/p>\n\n\n\n<figure class=\"wp-block-image size-large\"><img loading=\"lazy\" width=\"700\" height=\"482\" src=\"http:\/\/revistavitrineibiuna.com.br\/wp-content\/uploads\/2021\/08\/ita-2.jpg\" alt=\"\" class=\"wp-image-25263\" srcset=\"http:\/\/revistavitrineibiuna.com.br\/wp-content\/uploads\/2021\/08\/ita-2.jpg 700w, http:\/\/revistavitrineibiuna.com.br\/wp-content\/uploads\/2021\/08\/ita-2-300x207.jpg 300w, http:\/\/revistavitrineibiuna.com.br\/wp-content\/uploads\/2021\/08\/ita-2-130x90.jpg 130w\" sizes=\"(max-width: 700px) 100vw, 700px\" \/><\/figure>\n\n\n\n<figure class=\"wp-block-image size-large\"><img loading=\"lazy\" width=\"700\" height=\"482\" src=\"http:\/\/revistavitrineibiuna.com.br\/wp-content\/uploads\/2021\/08\/itu-3.jpg\" alt=\"\" class=\"wp-image-25265\" srcset=\"http:\/\/revistavitrineibiuna.com.br\/wp-content\/uploads\/2021\/08\/itu-3.jpg 700w, http:\/\/revistavitrineibiuna.com.br\/wp-content\/uploads\/2021\/08\/itu-3-300x207.jpg 300w, http:\/\/revistavitrineibiuna.com.br\/wp-content\/uploads\/2021\/08\/itu-3-130x90.jpg 130w\" sizes=\"(max-width: 700px) 100vw, 700px\" \/><\/figure>\n","protected":false},"excerpt":{"rendered":"<p>Em reuni\u00e3o remota do Comit\u00ea de Crise H\u00eddrica do CBH-SMT na tarde de ontem (04\/08) com as prefeituras e concession\u00e1rias<\/p>\n","protected":false},"author":1,"featured_media":25258,"comment_status":"open","ping_status":"open","sticky":false,"template":"","format":"standard","meta":[],"categories":[3],"tags":[],"yoast_head":"<!-- This site is optimized with the Yoast SEO plugin v15.8 - https:\/\/yoast.com\/wordpress\/plugins\/seo\/ -->\n<title>SITUA\u00c7\u00c3O DA REPRESA ITUPARARANGA \u00c9 \u201cGRAV\u00cdSSIMA\u201d, APONTAM PREFEITURAS E EMPRESAS DE ABASTECIMENTO - Revista Vitrine Online<\/title>\n<meta name=\"robots\" content=\"index, follow, max-snippet:-1, max-image-preview:large, max-video-preview:-1\" \/>\n<link rel=\"canonical\" href=\"http:\/\/revistavitrineibiuna.com.br\/?p=25257\" \/>\n<meta property=\"og:locale\" content=\"pt_BR\" \/>\n<meta property=\"og:type\" content=\"article\" \/>\n<meta property=\"og:title\" content=\"SITUA\u00c7\u00c3O DA REPRESA ITUPARARANGA \u00c9 \u201cGRAV\u00cdSSIMA\u201d, APONTAM PREFEITURAS E EMPRESAS DE ABASTECIMENTO - Revista Vitrine Online\" \/>\n<meta property=\"og:description\" content=\"Em reuni\u00e3o remota do Comit\u00ea de Crise H\u00eddrica do CBH-SMT na tarde de ontem (04\/08) com as prefeituras e concession\u00e1rias\" \/>\n<meta property=\"og:url\" content=\"http:\/\/revistavitrineibiuna.com.br\/?p=25257\" \/>\n<meta property=\"og:site_name\" content=\"Revista Vitrine Online\" \/>\n<meta property=\"article:published_time\" content=\"2021-08-05T19:10:46+00:00\" \/>\n<meta property=\"article:modified_time\" content=\"2021-08-05T19:32:30+00:00\" \/>\n<meta property=\"og:image\" content=\"http:\/\/revistavitrineibiuna.com.br\/wp-content\/uploads\/2021\/08\/ita-1.jpg\" \/>\n\t<meta property=\"og:image:width\" content=\"740\" \/>\n\t<meta property=\"og:image:height\" content=\"490\" \/>\n<meta name=\"twitter:card\" content=\"summary\" \/>\n<meta name=\"twitter:label1\" content=\"Est. reading time\">\n\t<meta name=\"twitter:data1\" content=\"2 minutos\">\n<script type=\"application\/ld+json\" class=\"yoast-schema-graph\">{\"@context\":\"https:\/\/schema.org\",\"@graph\":[{\"@type\":\"WebSite\",\"@id\":\"https:\/\/revistavitrineibiuna.com.br\/#website\",\"url\":\"https:\/\/revistavitrineibiuna.com.br\/\",\"name\":\"Revista Vitrine Ibi\\u00fana\",\"description\":\"A Revista de Ibi\\u00fana e Regi\\u00e3o\",\"publisher\":{\"@id\":\"https:\/\/revistavitrineibiuna.com.br\/#\/schema\/person\/e51ef49d6d88170ea21ceabff3f73deb\"},\"potentialAction\":[{\"@type\":\"SearchAction\",\"target\":\"https:\/\/revistavitrineibiuna.com.br\/?s={search_term_string}\",\"query-input\":\"required name=search_term_string\"}],\"inLanguage\":\"pt-BR\"},{\"@type\":\"ImageObject\",\"@id\":\"http:\/\/revistavitrineibiuna.com.br\/?p=25257#primaryimage\",\"inLanguage\":\"pt-BR\",\"url\":\"http:\/\/revistavitrineibiuna.com.br\/wp-content\/uploads\/2021\/08\/ita-1.jpg\",\"width\":740,\"height\":490},{\"@type\":\"WebPage\",\"@id\":\"http:\/\/revistavitrineibiuna.com.br\/?p=25257#webpage\",\"url\":\"http:\/\/revistavitrineibiuna.com.br\/?p=25257\",\"name\":\"SITUA\\u00c7\\u00c3O DA REPRESA ITUPARARANGA \\u00c9 \\u201cGRAV\\u00cdSSIMA\\u201d, APONTAM PREFEITURAS E EMPRESAS DE ABASTECIMENTO - Revista Vitrine Online\",\"isPartOf\":{\"@id\":\"https:\/\/revistavitrineibiuna.com.br\/#website\"},\"primaryImageOfPage\":{\"@id\":\"http:\/\/revistavitrineibiuna.com.br\/?p=25257#primaryimage\"},\"datePublished\":\"2021-08-05T19:10:46+00:00\",\"dateModified\":\"2021-08-05T19:32:30+00:00\",\"breadcrumb\":{\"@id\":\"http:\/\/revistavitrineibiuna.com.br\/?p=25257#breadcrumb\"},\"inLanguage\":\"pt-BR\",\"potentialAction\":[{\"@type\":\"ReadAction\",\"target\":[\"http:\/\/revistavitrineibiuna.com.br\/?p=25257\"]}]},{\"@type\":\"BreadcrumbList\",\"@id\":\"http:\/\/revistavitrineibiuna.com.br\/?p=25257#breadcrumb\",\"itemListElement\":[{\"@type\":\"ListItem\",\"position\":1,\"item\":{\"@type\":\"WebPage\",\"@id\":\"https:\/\/revistavitrineibiuna.com.br\/\",\"url\":\"https:\/\/revistavitrineibiuna.com.br\/\",\"name\":\"In\\u00edcio\"}},{\"@type\":\"ListItem\",\"position\":2,\"item\":{\"@type\":\"WebPage\",\"@id\":\"http:\/\/revistavitrineibiuna.com.br\/?p=25257\",\"url\":\"http:\/\/revistavitrineibiuna.com.br\/?p=25257\",\"name\":\"SITUA\\u00c7\\u00c3O DA REPRESA ITUPARARANGA \\u00c9 \\u201cGRAV\\u00cdSSIMA\\u201d, APONTAM PREFEITURAS E EMPRESAS DE ABASTECIMENTO\"}}]},{\"@type\":\"Article\",\"@id\":\"http:\/\/revistavitrineibiuna.com.br\/?p=25257#article\",\"isPartOf\":{\"@id\":\"http:\/\/revistavitrineibiuna.com.br\/?p=25257#webpage\"},\"author\":{\"@id\":\"https:\/\/revistavitrineibiuna.com.br\/#\/schema\/person\/e51ef49d6d88170ea21ceabff3f73deb\"},\"headline\":\"SITUA\\u00c7\\u00c3O DA REPRESA ITUPARARANGA \\u00c9 \\u201cGRAV\\u00cdSSIMA\\u201d, APONTAM PREFEITURAS E EMPRESAS DE ABASTECIMENTO\",\"datePublished\":\"2021-08-05T19:10:46+00:00\",\"dateModified\":\"2021-08-05T19:32:30+00:00\",\"mainEntityOfPage\":{\"@id\":\"http:\/\/revistavitrineibiuna.com.br\/?p=25257#webpage\"},\"commentCount\":0,\"publisher\":{\"@id\":\"https:\/\/revistavitrineibiuna.com.br\/#\/schema\/person\/e51ef49d6d88170ea21ceabff3f73deb\"},\"image\":{\"@id\":\"http:\/\/revistavitrineibiuna.com.br\/?p=25257#primaryimage\"},\"articleSection\":\"Not\\u00edcias\",\"inLanguage\":\"pt-BR\",\"potentialAction\":[{\"@type\":\"CommentAction\",\"name\":\"Comment\",\"target\":[\"http:\/\/revistavitrineibiuna.com.br\/?p=25257#respond\"]}]},{\"@type\":[\"Person\",\"Organization\"],\"@id\":\"https:\/\/revistavitrineibiuna.com.br\/#\/schema\/person\/e51ef49d6d88170ea21ceabff3f73deb\",\"name\":\"Carlos Rossini\",\"image\":{\"@type\":\"ImageObject\",\"@id\":\"https:\/\/revistavitrineibiuna.com.br\/#personlogo\",\"inLanguage\":\"pt-BR\",\"url\":\"http:\/\/1.gravatar.com\/avatar\/4f2d0f99fac1f85c7d643f21f5c8d900?s=96&d=mm&r=g\",\"caption\":\"Carlos Rossini\"},\"logo\":{\"@id\":\"https:\/\/revistavitrineibiuna.com.br\/#personlogo\"},\"description\":\"Carlos Rossini \\u00e9 jornalista, soci\\u00f3logo, escritor e professor universit\\u00e1rio, tendo sido professor de jornalismo por vinte anos. Trabalhou em ve\\u00edculos de comunica\\u00e7\\u00e3o nas fun\\u00e7\\u00f5es de rep\\u00f3rter, redator, editor, articulista e colaborador, como Folha de S. Paulo, O Estado de S. Paulo, Di\\u00e1rio Popular, entre outros. Ao transferir a revista vitrine, vers\\u00e3o imprensa, de S\\u00e3o Paulo para Ibi\\u00fana h\\u00e1 alguns anos, iniciou uma nova experi\\u00eancia profissional, dedicando-se ao jornalismo regional, depois de cumprir uma trajet\\u00f3ria bem-sucedida na grande imprensa brasileira. Seu primeiro livro A Coragem de Comunicar foi lan\\u00e7ado na Bienal do Livro em S\\u00e3o Paulo no ano 2000, pela editora Madras.\"}]}<\/script>\n<!-- \/ Yoast SEO plugin. -->","_links":{"self":[{"href":"http:\/\/revistavitrineibiuna.com.br\/index.php?rest_route=\/wp\/v2\/posts\/25257"}],"collection":[{"href":"http:\/\/revistavitrineibiuna.com.br\/index.php?rest_route=\/wp\/v2\/posts"}],"about":[{"href":"http:\/\/revistavitrineibiuna.com.br\/index.php?rest_route=\/wp\/v2\/types\/post"}],"author":[{"embeddable":true,"href":"http:\/\/revistavitrineibiuna.com.br\/index.php?rest_route=\/wp\/v2\/users\/1"}],"replies":[{"embeddable":true,"href":"http:\/\/revistavitrineibiuna.com.br\/index.php?rest_route=%2Fwp%2Fv2%2Fcomments&post=25257"}],"version-history":[{"count":6,"href":"http:\/\/revistavitrineibiuna.com.br\/index.php?rest_route=\/wp\/v2\/posts\/25257\/revisions"}],"predecessor-version":[{"id":25269,"href":"http:\/\/revistavitrineibiuna.com.br\/index.php?rest_route=\/wp\/v2\/posts\/25257\/revisions\/25269"}],"wp:featuredmedia":[{"embeddable":true,"href":"http:\/\/revistavitrineibiuna.com.br\/index.php?rest_route=\/wp\/v2\/media\/25258"}],"wp:attachment":[{"href":"http:\/\/revistavitrineibiuna.com.br\/index.php?rest_route=%2Fwp%2Fv2%2Fmedia&parent=25257"}],"wp:term":[{"taxonomy":"category","embeddable":true,"href":"http:\/\/revistavitrineibiuna.com.br\/index.php?rest_route=%2Fwp%2Fv2%2Fcategories&post=25257"},{"taxonomy":"post_tag","embeddable":true,"href":"http:\/\/revistavitrineibiuna.com.br\/index.php?rest_route=%2Fwp%2Fv2%2Ftags&post=25257"}],"curies":[{"name":"wp","href":"https:\/\/api.w.org\/{rel}","templated":true}]}}