{"id":25271,"date":"2021-08-06T18:30:16","date_gmt":"2021-08-06T21:30:16","guid":{"rendered":"http:\/\/revistavitrineibiuna.com.br\/?p=25271"},"modified":"2021-08-06T21:29:51","modified_gmt":"2021-08-07T00:29:51","slug":"crise-hidrica-comite-aprova-medidas-emergenciais-e-reducao-imediata-da-vazao-da-represa-itupararanga","status":"publish","type":"post","link":"http:\/\/revistavitrineibiuna.com.br\/?p=25271","title":{"rendered":"CRISE H\u00cdDRICA &#8211; COMIT\u00ca APROVA MEDIDAS EMERGENCIAIS E REDU\u00c7\u00c3O IMEDIATA DA VAZ\u00c3O DA REPRESA ITUPARARANGA"},"content":{"rendered":"\n<p class=\"has-drop-cap\"><strong>Em reuni\u00e3o remota realizada na manh\u00e3 de hoje (6), o Comit\u00ea de Bacia Hidrogr\u00e1fica Sorocaba e M\u00e9dio Tiet\u00ea aprovou um conjunto de medidas emergenciais e que come\u00e7am a valer na pr\u00f3xima segunda-feira, devido \u00e0 &nbsp;\u201cgrav\u00edssima\u201d situa\u00e7\u00e3o da represa Itupararanga cujo n\u00edvel de \u00e1gua se aproxima do volume morto comprometendo o abastecimento de \u00e1gua para mais de um milh\u00e3o de pessoas na regi\u00e3o.<\/strong><\/p>\n\n\n\n<p><strong>Na verdade, em termos simples, a sa\u00fade da Itupararanga est\u00e1 gravemente afetada e precisa de um tratamento de UTI. Se nada substantivo for feito, continuar\u00e1 seguindo para a morte. O volume de \u00e1gua que entra na represa (mesmo contaminada por esgoto n\u00e3o tratado e malcheirosa, portanto com elevado grau de polui\u00e7\u00e3o, inclusive por nutrientes e agrot\u00f3xicos) \u00e9 muito inferior ao que sai para gera\u00e7\u00e3o de energia e consumo dom\u00e9stico.<\/strong><\/p>\n\n\n\n<p><strong>PREFEITURAS V\u00c3O CONTROLAR ABASTECIMENTO<\/strong><\/p>\n\n\n\n<p><strong>A reuni\u00e3o de hoje foi a terceira e mais importante de uma s\u00e9rie que deve prosseguir nas pr\u00f3ximas semanas e contou com a participa\u00e7\u00e3o de cerca de cem pessoas via Youtube entre prefeitos, representantes de concession\u00e1rias, entidades como a SOS Itupararanga, sediada em Ibi\u00fana, e de \u00f3rg\u00e3os p\u00fablicos.<\/strong><\/p>\n\n\n\n<p><strong>Houve unanimidade nas decis\u00f5es uma vez que todos compreenderam a gravidade do problema e at\u00e9 mesmo a necessidade de as prefeituras implantarem contingenciamento em suas cidades visando reduzir o consumo de \u00e1gua por parte da popula\u00e7\u00e3o.<\/strong><\/p>\n\n\n\n<p><strong>O encontro foi coordenado pelo vice-presidente do Comit\u00ea de Bacia Hidrogr\u00e1fica Sorocaba e M\u00e9dio Tiet\u00ea (CBH-SMT) e coordenador da C\u00e2mara T\u00e9cnica de Planejamento e Gerenciamento de Recursos H\u00eddricos (CT-PLAGRHI), bi\u00f3logo e professor Andr\u00e9 Cordeiro dos Santos, que estuda as \u00e1guas da represa h\u00e1 cerca de doze anos.<\/strong><\/p>\n\n\n\n<p><strong>REDU\u00c7\u00c3O DE VAZ\u00c3O E PLANO EMERGENCIAL<\/strong><\/p>\n\n\n\n<p><strong>As decis\u00f5es aprovadas hoje giram em torno da redu\u00e7\u00e3o da vaz\u00e3o das \u00e1guas da Itupararanga por parte da Votorantim Energia, que no \u00faltimo ver\u00e3o produziu grande quantidade de \u00e1gua para gera\u00e7\u00e3o de energia apostando na nova temporada de chuvas que n\u00e3o aconteceu.<\/strong> Devido \u00e0 gravidade da crise, at\u00e9 mesmo as rela\u00e7\u00f5es entre os integrantes do Comit\u00ea e a Votorantim Energia parecem ter melhorado. Antes, segundo um dos seus integrantes, afirmou: &#8220;N\u00e3o \u00e9ramos ouvidos&#8221;.<\/p>\n\n\n\n<p><strong>Assim, a partir de segunda-feira, a Votorantim Energia deve reduzir a vaz\u00e3o de 6 m3\/segundo para 4,5 m3\/segundo e na outra semana de 4,5 m3\/s para 3 m3\/segundo. Essa medida n\u00e3o significa que o problema ser\u00e1 resolvido, mas \u00e9 um come\u00e7o de uma a\u00e7\u00e3o que ser\u00e1 monitorada diariamente.<\/strong><\/p>\n\n\n\n<p><strong>Ao abrir sua explana\u00e7\u00e3o, o professor Andr\u00e9 Cordeiro dos Santos, apresentou quatro princ\u00edpios orientadores das medidas a serem tomadas, entre os quais assinalou a \u201c\u00e1gua como direito humano fundamental com acesso a todos\u201d.<\/strong><\/p>\n\n\n\n<p><strong>Considerou que \u201cna atual situa\u00e7\u00e3o de escassez priorizar o uso da \u00e1gua para abastecimento p\u00fablicos residencial e dessedanta\u00e7\u00e3o de animais\u201d.<\/strong><\/p>\n\n\n\n<p><strong>A\u00c7\u00d5ES EMERGENCIAIS APROVADAS<\/strong><\/p>\n\n\n\n<figure class=\"wp-block-image size-large\"><img loading=\"lazy\" width=\"700\" height=\"393\" src=\"http:\/\/revistavitrineibiuna.com.br\/wp-content\/uploads\/2021\/08\/Andre.jpg\" alt=\"\" class=\"wp-image-25275\" srcset=\"http:\/\/revistavitrineibiuna.com.br\/wp-content\/uploads\/2021\/08\/Andre.jpg 700w, http:\/\/revistavitrineibiuna.com.br\/wp-content\/uploads\/2021\/08\/Andre-300x168.jpg 300w\" sizes=\"(max-width: 700px) 100vw, 700px\" \/><\/figure>\n\n\n\n<p><strong>Entre as medidas aprovadas pelo Comit\u00ea se incluem:<\/strong><\/p>\n\n\n\n<p><strong>. Redu\u00e7\u00e3o imediata da vaz\u00e3o defluente (\u00e1gua que sai da represa) para gera\u00e7\u00e3o de energia a cargo da operadora da barragem [Votorantim Energia] dos atuais 6metros c\u00fabicos por segundo para 3metros c\u00fabicos por segundo, enquanto o volume do reservat\u00f3rio estiver a 50% do volume \u00fatil.<\/strong><\/p>\n\n\n\n<p><strong>. Reuni\u00e3o emergencial (entre os dias 9 e 13 de agosto) do CBHSMT com o DAEE e demais usu\u00e1rios de \u00e1gua outorgados na bacia para rever e acordar a redu\u00e7\u00e3o do volume di\u00e1rio captado, conforme a finalidade do uso.<\/strong><\/p>\n\n\n\n<p><strong>. Forma\u00e7\u00e3o de um grupo de trabalho para definir at\u00e9 o dia 17.8 um plano de utiliza\u00e7\u00e3o emergencial, analisando o volume captado e a distribui\u00e7\u00e3o de usos de \u00e1gua de abastecimento, cujos membros dever\u00e3o apresentar seus planos de conting\u00eancia e as medidas j\u00e1 adotadas, incluindo os indicadores alcan\u00e7ados na redu\u00e7\u00e3o do consumo.<\/strong><\/p>\n\n\n\n<p><strong>. Morat\u00f3ria de novos licenciamentos e outorgas e capta\u00e7\u00e3o e lan\u00e7amento de empreendimentos na bacia do Rio Sorocaba.<\/strong><\/p>\n\n\n\n<p><strong>. Monitoramento di\u00e1rio pela Funda\u00e7\u00e3o Ag\u00eancia das condi\u00e7\u00f5es de volume do reservat\u00f3rio e da quantidade e qualidade da \u00e1gua nos pontos de capta\u00e7\u00e3o com boletins peri\u00f3dicos como subs\u00eddios para reuni\u00f5es quinzenais do CBHSMT para avalia\u00e7\u00e3o e tomada de decis\u00e3o de novas medidas de controle.<\/strong><\/p>\n\n\n\n<p><strong>. Defini\u00e7\u00e3o de cota m\u00ednima do reservat\u00f3rio de 817,5 metros, em fun\u00e7\u00e3o das capta\u00e7\u00f5es a montante e a necessidade de preserva\u00e7\u00e3o do ecossistema. Se atingida a cota m\u00ednima a vaz\u00e3o defluente do reservat\u00f3rio dever\u00e1 ser no m\u00e1ximo a m\u00e9dia da vaz\u00e3o afluente de 15 dias anteriores.<\/strong><\/p>\n\n\n\n<p><strong>. Definir em conjunto com a Votorantim Energia uma nova regra operacional para a barragem de Itupararanga para evitar problemas futuros dentro da perspectiva de mudan\u00e7as clim\u00e1ticas.<\/strong><\/p>\n\n\n\n<p><strong>. Aumentar e aperfei\u00e7oar os mecanismos de controle e fiscaliza\u00e7\u00e3o do DAEE sobre as capa\u00e7\u00f5es na bacia com o apoio do CBHSMT e dos munic\u00edpios para aperfei\u00e7oar o balan\u00e7o h\u00eddrico do Rio Sorocaba.<\/strong><\/p>\n\n\n\n<p><strong>. Elaborar em conjunto com as concession\u00e1rias dos servi\u00e7os de \u00e1gua e esgoto da bacia um plano de m\u00e9dio e longo prazo, com metas e prazos para a redu\u00e7\u00e3o das perdas nas redes de abastecimento, redu\u00e7\u00e3o da carga org\u00e2nica despejada nos cursos de \u00e1gua e reuso de \u00e1gua.<\/strong><\/p>\n\n\n\n<p>OUTORGA<\/p>\n\n\n\n<p>A representante da SOS Itupararanga, Viviane Rodrigues, diretora executiva da entidade, lembrou a todos a import\u00e2ncia de se acompanhar de perto as negocia\u00e7\u00f5es entre a ANEEL &#8211; Ag\u00eancia Nacional de Energia El\u00e9trica visando a renova\u00e7\u00e3o da outorga com a Votorantim Energia em 2024.<\/p>\n","protected":false},"excerpt":{"rendered":"<p>Em reuni\u00e3o remota realizada na manh\u00e3 de hoje (6), o Comit\u00ea de Bacia Hidrogr\u00e1fica Sorocaba e M\u00e9dio Tiet\u00ea aprovou um<\/p>\n","protected":false},"author":1,"featured_media":25272,"comment_status":"open","ping_status":"open","sticky":false,"template":"","format":"standard","meta":[],"categories":[3],"tags":[],"yoast_head":"<!-- This site is optimized with the Yoast SEO plugin v15.8 - https:\/\/yoast.com\/wordpress\/plugins\/seo\/ -->\n<title>CRISE H\u00cdDRICA - COMIT\u00ca APROVA MEDIDAS EMERGENCIAIS E REDU\u00c7\u00c3O IMEDIATA DA VAZ\u00c3O DA REPRESA ITUPARARANGA - Revista Vitrine Online<\/title>\n<meta name=\"robots\" content=\"index, follow, max-snippet:-1, max-image-preview:large, max-video-preview:-1\" \/>\n<link rel=\"canonical\" href=\"http:\/\/revistavitrineibiuna.com.br\/?p=25271\" \/>\n<meta property=\"og:locale\" content=\"pt_BR\" \/>\n<meta property=\"og:type\" content=\"article\" \/>\n<meta property=\"og:title\" content=\"CRISE H\u00cdDRICA - COMIT\u00ca APROVA MEDIDAS EMERGENCIAIS E REDU\u00c7\u00c3O IMEDIATA DA VAZ\u00c3O DA REPRESA ITUPARARANGA - Revista Vitrine Online\" \/>\n<meta property=\"og:description\" content=\"Em reuni\u00e3o remota realizada na manh\u00e3 de hoje (6), o Comit\u00ea de Bacia Hidrogr\u00e1fica Sorocaba e M\u00e9dio Tiet\u00ea aprovou um\" \/>\n<meta property=\"og:url\" content=\"http:\/\/revistavitrineibiuna.com.br\/?p=25271\" \/>\n<meta property=\"og:site_name\" content=\"Revista Vitrine Online\" \/>\n<meta property=\"article:published_time\" content=\"2021-08-06T21:30:16+00:00\" \/>\n<meta property=\"article:modified_time\" content=\"2021-08-07T00:29:51+00:00\" \/>\n<meta property=\"og:image\" content=\"http:\/\/revistavitrineibiuna.com.br\/wp-content\/uploads\/2021\/08\/represa-hoje.jpg\" \/>\n\t<meta property=\"og:image:width\" content=\"740\" \/>\n\t<meta property=\"og:image:height\" content=\"490\" \/>\n<meta name=\"twitter:card\" content=\"summary\" \/>\n<meta name=\"twitter:label1\" content=\"Est. reading time\">\n\t<meta name=\"twitter:data1\" content=\"4 minutos\">\n<script type=\"application\/ld+json\" class=\"yoast-schema-graph\">{\"@context\":\"https:\/\/schema.org\",\"@graph\":[{\"@type\":\"WebSite\",\"@id\":\"https:\/\/revistavitrineibiuna.com.br\/#website\",\"url\":\"https:\/\/revistavitrineibiuna.com.br\/\",\"name\":\"Revista Vitrine Ibi\\u00fana\",\"description\":\"A Revista de Ibi\\u00fana e Regi\\u00e3o\",\"publisher\":{\"@id\":\"https:\/\/revistavitrineibiuna.com.br\/#\/schema\/person\/e51ef49d6d88170ea21ceabff3f73deb\"},\"potentialAction\":[{\"@type\":\"SearchAction\",\"target\":\"https:\/\/revistavitrineibiuna.com.br\/?s={search_term_string}\",\"query-input\":\"required name=search_term_string\"}],\"inLanguage\":\"pt-BR\"},{\"@type\":\"ImageObject\",\"@id\":\"http:\/\/revistavitrineibiuna.com.br\/?p=25271#primaryimage\",\"inLanguage\":\"pt-BR\",\"url\":\"http:\/\/revistavitrineibiuna.com.br\/wp-content\/uploads\/2021\/08\/represa-hoje.jpg\",\"width\":740,\"height\":490},{\"@type\":\"WebPage\",\"@id\":\"http:\/\/revistavitrineibiuna.com.br\/?p=25271#webpage\",\"url\":\"http:\/\/revistavitrineibiuna.com.br\/?p=25271\",\"name\":\"CRISE H\\u00cdDRICA - COMIT\\u00ca APROVA MEDIDAS EMERGENCIAIS E REDU\\u00c7\\u00c3O IMEDIATA DA VAZ\\u00c3O DA REPRESA ITUPARARANGA - Revista Vitrine Online\",\"isPartOf\":{\"@id\":\"https:\/\/revistavitrineibiuna.com.br\/#website\"},\"primaryImageOfPage\":{\"@id\":\"http:\/\/revistavitrineibiuna.com.br\/?p=25271#primaryimage\"},\"datePublished\":\"2021-08-06T21:30:16+00:00\",\"dateModified\":\"2021-08-07T00:29:51+00:00\",\"breadcrumb\":{\"@id\":\"http:\/\/revistavitrineibiuna.com.br\/?p=25271#breadcrumb\"},\"inLanguage\":\"pt-BR\",\"potentialAction\":[{\"@type\":\"ReadAction\",\"target\":[\"http:\/\/revistavitrineibiuna.com.br\/?p=25271\"]}]},{\"@type\":\"BreadcrumbList\",\"@id\":\"http:\/\/revistavitrineibiuna.com.br\/?p=25271#breadcrumb\",\"itemListElement\":[{\"@type\":\"ListItem\",\"position\":1,\"item\":{\"@type\":\"WebPage\",\"@id\":\"https:\/\/revistavitrineibiuna.com.br\/\",\"url\":\"https:\/\/revistavitrineibiuna.com.br\/\",\"name\":\"In\\u00edcio\"}},{\"@type\":\"ListItem\",\"position\":2,\"item\":{\"@type\":\"WebPage\",\"@id\":\"http:\/\/revistavitrineibiuna.com.br\/?p=25271\",\"url\":\"http:\/\/revistavitrineibiuna.com.br\/?p=25271\",\"name\":\"CRISE H\\u00cdDRICA &#8211; COMIT\\u00ca APROVA MEDIDAS EMERGENCIAIS E REDU\\u00c7\\u00c3O IMEDIATA DA VAZ\\u00c3O DA REPRESA ITUPARARANGA\"}}]},{\"@type\":\"Article\",\"@id\":\"http:\/\/revistavitrineibiuna.com.br\/?p=25271#article\",\"isPartOf\":{\"@id\":\"http:\/\/revistavitrineibiuna.com.br\/?p=25271#webpage\"},\"author\":{\"@id\":\"https:\/\/revistavitrineibiuna.com.br\/#\/schema\/person\/e51ef49d6d88170ea21ceabff3f73deb\"},\"headline\":\"CRISE H\\u00cdDRICA &#8211; COMIT\\u00ca APROVA MEDIDAS EMERGENCIAIS E REDU\\u00c7\\u00c3O IMEDIATA DA VAZ\\u00c3O DA REPRESA ITUPARARANGA\",\"datePublished\":\"2021-08-06T21:30:16+00:00\",\"dateModified\":\"2021-08-07T00:29:51+00:00\",\"mainEntityOfPage\":{\"@id\":\"http:\/\/revistavitrineibiuna.com.br\/?p=25271#webpage\"},\"commentCount\":0,\"publisher\":{\"@id\":\"https:\/\/revistavitrineibiuna.com.br\/#\/schema\/person\/e51ef49d6d88170ea21ceabff3f73deb\"},\"image\":{\"@id\":\"http:\/\/revistavitrineibiuna.com.br\/?p=25271#primaryimage\"},\"articleSection\":\"Not\\u00edcias\",\"inLanguage\":\"pt-BR\",\"potentialAction\":[{\"@type\":\"CommentAction\",\"name\":\"Comment\",\"target\":[\"http:\/\/revistavitrineibiuna.com.br\/?p=25271#respond\"]}]},{\"@type\":[\"Person\",\"Organization\"],\"@id\":\"https:\/\/revistavitrineibiuna.com.br\/#\/schema\/person\/e51ef49d6d88170ea21ceabff3f73deb\",\"name\":\"Carlos Rossini\",\"image\":{\"@type\":\"ImageObject\",\"@id\":\"https:\/\/revistavitrineibiuna.com.br\/#personlogo\",\"inLanguage\":\"pt-BR\",\"url\":\"http:\/\/1.gravatar.com\/avatar\/4f2d0f99fac1f85c7d643f21f5c8d900?s=96&d=mm&r=g\",\"caption\":\"Carlos Rossini\"},\"logo\":{\"@id\":\"https:\/\/revistavitrineibiuna.com.br\/#personlogo\"},\"description\":\"Carlos Rossini \\u00e9 jornalista, soci\\u00f3logo, escritor e professor universit\\u00e1rio, tendo sido professor de jornalismo por vinte anos. Trabalhou em ve\\u00edculos de comunica\\u00e7\\u00e3o nas fun\\u00e7\\u00f5es de rep\\u00f3rter, redator, editor, articulista e colaborador, como Folha de S. Paulo, O Estado de S. Paulo, Di\\u00e1rio Popular, entre outros. Ao transferir a revista vitrine, vers\\u00e3o imprensa, de S\\u00e3o Paulo para Ibi\\u00fana h\\u00e1 alguns anos, iniciou uma nova experi\\u00eancia profissional, dedicando-se ao jornalismo regional, depois de cumprir uma trajet\\u00f3ria bem-sucedida na grande imprensa brasileira. Seu primeiro livro A Coragem de Comunicar foi lan\\u00e7ado na Bienal do Livro em S\\u00e3o Paulo no ano 2000, pela editora Madras.\"}]}<\/script>\n<!-- \/ Yoast SEO plugin. -->","_links":{"self":[{"href":"http:\/\/revistavitrineibiuna.com.br\/index.php?rest_route=\/wp\/v2\/posts\/25271"}],"collection":[{"href":"http:\/\/revistavitrineibiuna.com.br\/index.php?rest_route=\/wp\/v2\/posts"}],"about":[{"href":"http:\/\/revistavitrineibiuna.com.br\/index.php?rest_route=\/wp\/v2\/types\/post"}],"author":[{"embeddable":true,"href":"http:\/\/revistavitrineibiuna.com.br\/index.php?rest_route=\/wp\/v2\/users\/1"}],"replies":[{"embeddable":true,"href":"http:\/\/revistavitrineibiuna.com.br\/index.php?rest_route=%2Fwp%2Fv2%2Fcomments&post=25271"}],"version-history":[{"count":8,"href":"http:\/\/revistavitrineibiuna.com.br\/index.php?rest_route=\/wp\/v2\/posts\/25271\/revisions"}],"predecessor-version":[{"id":25301,"href":"http:\/\/revistavitrineibiuna.com.br\/index.php?rest_route=\/wp\/v2\/posts\/25271\/revisions\/25301"}],"wp:featuredmedia":[{"embeddable":true,"href":"http:\/\/revistavitrineibiuna.com.br\/index.php?rest_route=\/wp\/v2\/media\/25272"}],"wp:attachment":[{"href":"http:\/\/revistavitrineibiuna.com.br\/index.php?rest_route=%2Fwp%2Fv2%2Fmedia&parent=25271"}],"wp:term":[{"taxonomy":"category","embeddable":true,"href":"http:\/\/revistavitrineibiuna.com.br\/index.php?rest_route=%2Fwp%2Fv2%2Fcategories&post=25271"},{"taxonomy":"post_tag","embeddable":true,"href":"http:\/\/revistavitrineibiuna.com.br\/index.php?rest_route=%2Fwp%2Fv2%2Ftags&post=25271"}],"curies":[{"name":"wp","href":"https:\/\/api.w.org\/{rel}","templated":true}]}}