{"id":31789,"date":"2024-06-15T13:50:45","date_gmt":"2024-06-15T16:50:45","guid":{"rendered":"http:\/\/revistavitrineibiuna.com.br\/?p=31789"},"modified":"2024-06-15T13:52:25","modified_gmt":"2024-06-15T16:52:25","slug":"ibiuna-camara-municipal-abre-concurso-publico-para-7-cargos","status":"publish","type":"post","link":"http:\/\/revistavitrineibiuna.com.br\/?p=31789","title":{"rendered":"IBI\u00daNA \u2013 C\u00c2MARA MUNICIPAL ABRE CONCURSO P\u00daBLICO PARA 7 CARGOS"},"content":{"rendered":"\n<p class=\"has-drop-cap\"><strong>A C\u00e2mara Municipal de Ibi\u00fana abriu nesta sexta-feira (14) para preenchimento de 7 vagas. A sele\u00e7\u00e3o ser\u00e1 para zelador, recepcionista, assessor da Secretaria Administrativa, assessor legislativo, assessor de TI e assessor cont\u00e1bil.<\/strong><\/p>\n\n\n\n<p><strong>As inscri\u00e7\u00f5es ser\u00e3o aceitas at\u00e9 6 de agosto.<\/strong><\/p>\n\n\n\n<p><strong>Ser\u00e3o 7 vagas e outras 7 para cadastro de reserva, do n\u00edvel fundamental ao superior.<br>Ser\u00e3o oferecidas vagas para os n\u00edvel fundamental (cargos de zelador e recepcionista), m\u00e9dio (assessor da Secretaria Administrativa e assessor legislativo) e superior (assessor de TI \u2013 Tecnologia da Informa\u00e7\u00e3o e assessor cont\u00e1bil).<\/strong><\/p>\n\n\n\n<p><strong>INSCRI\u00c7\u00d5ES<\/strong><\/p>\n\n\n\n<p><strong>As inscri\u00e7\u00f5es poder\u00e3o ser realizadas a partir do dia 14\/06\/2024 at\u00e9 \u00e0s 23h59 do dia 06\/08\/2024.<\/strong><\/p>\n\n\n\n<p><strong>Para realiza\u00e7\u00e3o da inscri\u00e7\u00e3o o candidato dever\u00e1 acessar o site <u><a href=\"http:\/\/www.abconcursospublicos.org\">www.abconcursospublicos.org<\/a> <\/u>no per\u00edodo de inscri\u00e7\u00e3o, gerar e imprimir boleto banc\u00e1rio referente \u00e0 inscri\u00e7\u00e3o e efetuar o pagamento at\u00e9 o dia 07\/08\/2024.<\/strong><\/p>\n\n\n\n<p><strong>O pagamento correspondente ao valor da taxa de inscri\u00e7\u00e3o poder\u00e1 ser efetuado em qualquer ag\u00eancia banc\u00e1ria, internet banking ou casas lot\u00e9ricas, at\u00e9 a data de vencimento estipulada no boleto banc\u00e1rio.<\/strong><\/p>\n\n\n\n<p><strong>A taxa de inscri\u00e7\u00e3o para as fun\u00e7\u00f5es de n\u00edvel fundamental \u00e9 de R$ 50,00; n\u00edvel m\u00e9dio, R$ 65,00; e, superior, R$ 85,00.<\/strong><\/p>\n\n\n\n<p><strong>Para acessar o Edital de Abertura completo com seus anexos e as demais publica\u00e7\u00f5es acesse <u><a href=\"http:\/\/www.abconcursospublicos.org.\/\">www.abconcursospublicos.org.\/<\/a><\/u><\/strong><\/p>\n","protected":false},"excerpt":{"rendered":"<p>A C\u00e2mara Municipal de Ibi\u00fana abriu nesta sexta-feira (14) para preenchimento de 7 vagas. A sele\u00e7\u00e3o ser\u00e1 para zelador, recepcionista,<\/p>\n","protected":false},"author":1,"featured_media":31790,"comment_status":"open","ping_status":"open","sticky":false,"template":"","format":"standard","meta":[],"categories":[70],"tags":[],"yoast_head":"<!-- This site is optimized with the Yoast SEO plugin v15.8 - https:\/\/yoast.com\/wordpress\/plugins\/seo\/ -->\n<title>IBI\u00daNA \u2013 C\u00c2MARA MUNICIPAL ABRE CONCURSO P\u00daBLICO PARA 7 CARGOS - Revista Vitrine Online<\/title>\n<meta name=\"robots\" content=\"index, follow, max-snippet:-1, max-image-preview:large, max-video-preview:-1\" \/>\n<link rel=\"canonical\" href=\"https:\/\/revistavitrineibiuna.com.br\/?p=31789\" \/>\n<meta property=\"og:locale\" content=\"pt_BR\" \/>\n<meta property=\"og:type\" content=\"article\" \/>\n<meta property=\"og:title\" content=\"IBI\u00daNA \u2013 C\u00c2MARA MUNICIPAL ABRE CONCURSO P\u00daBLICO PARA 7 CARGOS - Revista Vitrine Online\" \/>\n<meta property=\"og:description\" content=\"A C\u00e2mara Municipal de Ibi\u00fana abriu nesta sexta-feira (14) para preenchimento de 7 vagas. A sele\u00e7\u00e3o ser\u00e1 para zelador, recepcionista,\" \/>\n<meta property=\"og:url\" content=\"https:\/\/revistavitrineibiuna.com.br\/?p=31789\" \/>\n<meta property=\"og:site_name\" content=\"Revista Vitrine Online\" \/>\n<meta property=\"article:published_time\" content=\"2024-06-15T16:50:45+00:00\" \/>\n<meta property=\"article:modified_time\" content=\"2024-06-15T16:52:25+00:00\" \/>\n<meta property=\"og:image\" content=\"http:\/\/revistavitrineibiuna.com.br\/wp-content\/uploads\/2024\/06\/camara-piu.jpg\" \/>\n\t<meta property=\"og:image:width\" content=\"740\" \/>\n\t<meta property=\"og:image:height\" content=\"416\" \/>\n<meta name=\"twitter:card\" content=\"summary\" \/>\n<meta name=\"twitter:label1\" content=\"Est. reading time\">\n\t<meta name=\"twitter:data1\" content=\"1 minuto\">\n<script type=\"application\/ld+json\" class=\"yoast-schema-graph\">{\"@context\":\"https:\/\/schema.org\",\"@graph\":[{\"@type\":\"WebSite\",\"@id\":\"https:\/\/revistavitrineibiuna.com.br\/#website\",\"url\":\"https:\/\/revistavitrineibiuna.com.br\/\",\"name\":\"Revista Vitrine Ibi\\u00fana\",\"description\":\"A Revista de Ibi\\u00fana e Regi\\u00e3o\",\"publisher\":{\"@id\":\"https:\/\/revistavitrineibiuna.com.br\/#\/schema\/person\/e51ef49d6d88170ea21ceabff3f73deb\"},\"potentialAction\":[{\"@type\":\"SearchAction\",\"target\":\"https:\/\/revistavitrineibiuna.com.br\/?s={search_term_string}\",\"query-input\":\"required name=search_term_string\"}],\"inLanguage\":\"pt-BR\"},{\"@type\":\"ImageObject\",\"@id\":\"https:\/\/revistavitrineibiuna.com.br\/?p=31789#primaryimage\",\"inLanguage\":\"pt-BR\",\"url\":\"http:\/\/revistavitrineibiuna.com.br\/wp-content\/uploads\/2024\/06\/camara-piu.jpg\",\"width\":740,\"height\":416},{\"@type\":\"WebPage\",\"@id\":\"https:\/\/revistavitrineibiuna.com.br\/?p=31789#webpage\",\"url\":\"https:\/\/revistavitrineibiuna.com.br\/?p=31789\",\"name\":\"IBI\\u00daNA \\u2013 C\\u00c2MARA MUNICIPAL ABRE CONCURSO P\\u00daBLICO PARA 7 CARGOS - Revista Vitrine Online\",\"isPartOf\":{\"@id\":\"https:\/\/revistavitrineibiuna.com.br\/#website\"},\"primaryImageOfPage\":{\"@id\":\"https:\/\/revistavitrineibiuna.com.br\/?p=31789#primaryimage\"},\"datePublished\":\"2024-06-15T16:50:45+00:00\",\"dateModified\":\"2024-06-15T16:52:25+00:00\",\"breadcrumb\":{\"@id\":\"https:\/\/revistavitrineibiuna.com.br\/?p=31789#breadcrumb\"},\"inLanguage\":\"pt-BR\",\"potentialAction\":[{\"@type\":\"ReadAction\",\"target\":[\"https:\/\/revistavitrineibiuna.com.br\/?p=31789\"]}]},{\"@type\":\"BreadcrumbList\",\"@id\":\"https:\/\/revistavitrineibiuna.com.br\/?p=31789#breadcrumb\",\"itemListElement\":[{\"@type\":\"ListItem\",\"position\":1,\"item\":{\"@type\":\"WebPage\",\"@id\":\"https:\/\/revistavitrineibiuna.com.br\/\",\"url\":\"https:\/\/revistavitrineibiuna.com.br\/\",\"name\":\"In\\u00edcio\"}},{\"@type\":\"ListItem\",\"position\":2,\"item\":{\"@type\":\"WebPage\",\"@id\":\"https:\/\/revistavitrineibiuna.com.br\/?p=31789\",\"url\":\"https:\/\/revistavitrineibiuna.com.br\/?p=31789\",\"name\":\"IBI\\u00daNA \\u2013 C\\u00c2MARA MUNICIPAL ABRE CONCURSO P\\u00daBLICO PARA 7 CARGOS\"}}]},{\"@type\":\"Article\",\"@id\":\"https:\/\/revistavitrineibiuna.com.br\/?p=31789#article\",\"isPartOf\":{\"@id\":\"https:\/\/revistavitrineibiuna.com.br\/?p=31789#webpage\"},\"author\":{\"@id\":\"https:\/\/revistavitrineibiuna.com.br\/#\/schema\/person\/e51ef49d6d88170ea21ceabff3f73deb\"},\"headline\":\"IBI\\u00daNA \\u2013 C\\u00c2MARA MUNICIPAL ABRE CONCURSO P\\u00daBLICO PARA 7 CARGOS\",\"datePublished\":\"2024-06-15T16:50:45+00:00\",\"dateModified\":\"2024-06-15T16:52:25+00:00\",\"mainEntityOfPage\":{\"@id\":\"https:\/\/revistavitrineibiuna.com.br\/?p=31789#webpage\"},\"commentCount\":0,\"publisher\":{\"@id\":\"https:\/\/revistavitrineibiuna.com.br\/#\/schema\/person\/e51ef49d6d88170ea21ceabff3f73deb\"},\"image\":{\"@id\":\"https:\/\/revistavitrineibiuna.com.br\/?p=31789#primaryimage\"},\"articleSection\":\"Rapidinhas\",\"inLanguage\":\"pt-BR\",\"potentialAction\":[{\"@type\":\"CommentAction\",\"name\":\"Comment\",\"target\":[\"https:\/\/revistavitrineibiuna.com.br\/?p=31789#respond\"]}]},{\"@type\":[\"Person\",\"Organization\"],\"@id\":\"https:\/\/revistavitrineibiuna.com.br\/#\/schema\/person\/e51ef49d6d88170ea21ceabff3f73deb\",\"name\":\"Carlos Rossini\",\"image\":{\"@type\":\"ImageObject\",\"@id\":\"https:\/\/revistavitrineibiuna.com.br\/#personlogo\",\"inLanguage\":\"pt-BR\",\"url\":\"http:\/\/1.gravatar.com\/avatar\/4f2d0f99fac1f85c7d643f21f5c8d900?s=96&d=mm&r=g\",\"caption\":\"Carlos Rossini\"},\"logo\":{\"@id\":\"https:\/\/revistavitrineibiuna.com.br\/#personlogo\"},\"description\":\"Carlos Rossini \\u00e9 jornalista, soci\\u00f3logo, escritor e professor universit\\u00e1rio, tendo sido professor de jornalismo por vinte anos. Trabalhou em ve\\u00edculos de comunica\\u00e7\\u00e3o nas fun\\u00e7\\u00f5es de rep\\u00f3rter, redator, editor, articulista e colaborador, como Folha de S. Paulo, O Estado de S. Paulo, Di\\u00e1rio Popular, entre outros. Ao transferir a revista vitrine, vers\\u00e3o imprensa, de S\\u00e3o Paulo para Ibi\\u00fana h\\u00e1 alguns anos, iniciou uma nova experi\\u00eancia profissional, dedicando-se ao jornalismo regional, depois de cumprir uma trajet\\u00f3ria bem-sucedida na grande imprensa brasileira. Seu primeiro livro A Coragem de Comunicar foi lan\\u00e7ado na Bienal do Livro em S\\u00e3o Paulo no ano 2000, pela editora Madras.\"}]}<\/script>\n<!-- \/ Yoast SEO plugin. -->","_links":{"self":[{"href":"http:\/\/revistavitrineibiuna.com.br\/index.php?rest_route=\/wp\/v2\/posts\/31789"}],"collection":[{"href":"http:\/\/revistavitrineibiuna.com.br\/index.php?rest_route=\/wp\/v2\/posts"}],"about":[{"href":"http:\/\/revistavitrineibiuna.com.br\/index.php?rest_route=\/wp\/v2\/types\/post"}],"author":[{"embeddable":true,"href":"http:\/\/revistavitrineibiuna.com.br\/index.php?rest_route=\/wp\/v2\/users\/1"}],"replies":[{"embeddable":true,"href":"http:\/\/revistavitrineibiuna.com.br\/index.php?rest_route=%2Fwp%2Fv2%2Fcomments&post=31789"}],"version-history":[{"count":1,"href":"http:\/\/revistavitrineibiuna.com.br\/index.php?rest_route=\/wp\/v2\/posts\/31789\/revisions"}],"predecessor-version":[{"id":31791,"href":"http:\/\/revistavitrineibiuna.com.br\/index.php?rest_route=\/wp\/v2\/posts\/31789\/revisions\/31791"}],"wp:featuredmedia":[{"embeddable":true,"href":"http:\/\/revistavitrineibiuna.com.br\/index.php?rest_route=\/wp\/v2\/media\/31790"}],"wp:attachment":[{"href":"http:\/\/revistavitrineibiuna.com.br\/index.php?rest_route=%2Fwp%2Fv2%2Fmedia&parent=31789"}],"wp:term":[{"taxonomy":"category","embeddable":true,"href":"http:\/\/revistavitrineibiuna.com.br\/index.php?rest_route=%2Fwp%2Fv2%2Fcategories&post=31789"},{"taxonomy":"post_tag","embeddable":true,"href":"http:\/\/revistavitrineibiuna.com.br\/index.php?rest_route=%2Fwp%2Fv2%2Ftags&post=31789"}],"curies":[{"name":"wp","href":"https:\/\/api.w.org\/{rel}","templated":true}]}}