{"id":31792,"date":"2024-06-15T19:21:59","date_gmt":"2024-06-15T22:21:59","guid":{"rendered":"http:\/\/revistavitrineibiuna.com.br\/?p=31792"},"modified":"2024-06-17T09:12:32","modified_gmt":"2024-06-17T12:12:32","slug":"medico-ricardo-pagrion-e-o-convidado-da-tvuna-nesta-quarta-feira","status":"publish","type":"post","link":"http:\/\/revistavitrineibiuna.com.br\/?p=31792","title":{"rendered":"M\u00c9DICO RICARDO PAGRION \u00c9 O CONVIDADO DA TVUNA NESTA QUARTA-FEIRA"},"content":{"rendered":"\n<p class=\"has-drop-cap\"><strong>A TVUNA inicia novo programa de presta\u00e7\u00e3o de servi\u00e7o \u00e0&nbsp; popula\u00e7\u00e3o com o projeto PERGUNTE AO DOUTOR. O objetivo \u00e9 orientar a popula\u00e7\u00e3o sobre problemas de sa\u00fade, cuidados e como utilizar melhor o sistema p\u00fablico baseado no SUS.<\/strong><\/p>\n\n\n\n<p><strong>O primeiro convidado \u00e9 um jovem m\u00e9dico ibiunense de 28 anos que vem tendo uma atua\u00e7\u00e3o marcante nos lugares onde t\u00eam prestado seus servi\u00e7os<\/strong><\/p>\n\n\n\n<p><strong>Trata-se do Dr. Ricardo Pagrion, cl\u00ednico geral e tamb\u00e9m especialista em depend\u00eancia qu\u00edmica que vem atendendo em v\u00e1rias cl\u00ednicas e hospitais psiqui\u00e1tricos n\u00e3o apenas de Ibi\u00fana, mas tamb\u00e9m em outras cidades.<\/strong><\/p>\n\n\n\n<p><strong>\u00c9 p\u00f3s-graduado em ultrassonografia e atualmente est\u00e1 fazendo p\u00f3s-gradua\u00e7\u00e3o em psiquiatria e medicina de emerg\u00eancia.<\/strong><\/p>\n\n\n\n<p><strong>Ele atende no Hospital Municipal de Ibi\u00fana e nos postos de sa\u00fade Central e do bairro do Recreio como cl\u00ednico geral, e no Hospital Est\u00e2ncia Morro Grande, tamb\u00e9m em Ibi\u00fana.<\/strong><\/p>\n\n\n\n<p><strong>Dr. Ricardo Pagrion acha que m\u00e9dico tem que gostar de gente e afirma: \u201cSe nada nos salva da morte, que, ao menos, salvemos uma vida.\u201d<\/strong><\/p>\n\n\n\n<p><strong>Ele considera que orientar os pacientes \u00e9 decisivo para \u201cmelhorar o entendimento da popula\u00e7\u00e3o sobre o local que deve procurar para cada tipo de queixa, para que assim o sistema consiga ser redirecionado e os pacientes sejam atendidos em todos os \u00e2mbitos\u201d. E acrescenta:<\/strong><\/p>\n\n\n\n<p><strong>\u201cA necessidade de aux\u00edlio que os mesmos demandam em in\u00fameras queixas, seja de sa\u00fade f\u00edsica, ps\u00edquica e\/ou social\/familiar, podendo agir assim em todas as esferas do SUS (Sistema \u00danico de Sa\u00fade).\u201d<\/strong><\/p>\n\n\n\n<p><strong>FIQUE LIGADO NA TVUNA<\/strong><\/p>\n\n\n\n<p><strong>A entrevista com o Dr. Ricardo Pagrion ser\u00e1 transmitida ao vivo nesta quarta-feira, \u00e0s 20h, pelo Youtube, Instagram e Facebook e voc\u00ea poder\u00e1 tirar suas d\u00favidas diretamente com ele pelo chat do canal da TVUNA. N\u00e3o perca essa oportunidade! Inscreva-se: <a href=\"mailto:youtube.com\/@tv-una\">youtube.com\/@tv-una<\/a>.<\/strong><\/p>\n","protected":false},"excerpt":{"rendered":"<p>A TVUNA inicia novo programa de presta\u00e7\u00e3o de servi\u00e7o \u00e0&nbsp; popula\u00e7\u00e3o com o projeto PERGUNTE AO DOUTOR. O objetivo \u00e9<\/p>\n","protected":false},"author":1,"featured_media":31793,"comment_status":"open","ping_status":"open","sticky":false,"template":"","format":"standard","meta":[],"categories":[3],"tags":[],"yoast_head":"<!-- This site is optimized with the Yoast SEO plugin v15.8 - https:\/\/yoast.com\/wordpress\/plugins\/seo\/ -->\n<title>M\u00c9DICO RICARDO PAGRION \u00c9 O CONVIDADO DA TVUNA NESTA QUARTA-FEIRA - Revista Vitrine Online<\/title>\n<meta name=\"robots\" content=\"index, follow, max-snippet:-1, max-image-preview:large, max-video-preview:-1\" \/>\n<link rel=\"canonical\" href=\"http:\/\/revistavitrineibiuna.com.br\/?p=31792\" \/>\n<meta property=\"og:locale\" content=\"pt_BR\" \/>\n<meta property=\"og:type\" content=\"article\" \/>\n<meta property=\"og:title\" content=\"M\u00c9DICO RICARDO PAGRION \u00c9 O CONVIDADO DA TVUNA NESTA QUARTA-FEIRA - Revista Vitrine Online\" \/>\n<meta property=\"og:description\" content=\"A TVUNA inicia novo programa de presta\u00e7\u00e3o de servi\u00e7o \u00e0&nbsp; popula\u00e7\u00e3o com o projeto PERGUNTE AO DOUTOR. O objetivo \u00e9\" \/>\n<meta property=\"og:url\" content=\"http:\/\/revistavitrineibiuna.com.br\/?p=31792\" \/>\n<meta property=\"og:site_name\" content=\"Revista Vitrine Online\" \/>\n<meta property=\"article:published_time\" content=\"2024-06-15T22:21:59+00:00\" \/>\n<meta property=\"article:modified_time\" content=\"2024-06-17T12:12:32+00:00\" \/>\n<meta property=\"og:image\" content=\"http:\/\/revistavitrineibiuna.com.br\/wp-content\/uploads\/2024\/06\/dr.-Ricardo-Pagrion.png\" \/>\n\t<meta property=\"og:image:width\" content=\"902\" \/>\n\t<meta property=\"og:image:height\" content=\"597\" \/>\n<meta name=\"twitter:card\" content=\"summary\" \/>\n<meta name=\"twitter:label1\" content=\"Est. reading time\">\n\t<meta name=\"twitter:data1\" content=\"2 minutos\">\n<script type=\"application\/ld+json\" class=\"yoast-schema-graph\">{\"@context\":\"https:\/\/schema.org\",\"@graph\":[{\"@type\":\"WebSite\",\"@id\":\"https:\/\/revistavitrineibiuna.com.br\/#website\",\"url\":\"https:\/\/revistavitrineibiuna.com.br\/\",\"name\":\"Revista Vitrine Ibi\\u00fana\",\"description\":\"A Revista de Ibi\\u00fana e Regi\\u00e3o\",\"publisher\":{\"@id\":\"https:\/\/revistavitrineibiuna.com.br\/#\/schema\/person\/e51ef49d6d88170ea21ceabff3f73deb\"},\"potentialAction\":[{\"@type\":\"SearchAction\",\"target\":\"https:\/\/revistavitrineibiuna.com.br\/?s={search_term_string}\",\"query-input\":\"required name=search_term_string\"}],\"inLanguage\":\"pt-BR\"},{\"@type\":\"ImageObject\",\"@id\":\"http:\/\/revistavitrineibiuna.com.br\/?p=31792#primaryimage\",\"inLanguage\":\"pt-BR\",\"url\":\"http:\/\/revistavitrineibiuna.com.br\/wp-content\/uploads\/2024\/06\/dr.-Ricardo-Pagrion.png\",\"width\":902,\"height\":597},{\"@type\":\"WebPage\",\"@id\":\"http:\/\/revistavitrineibiuna.com.br\/?p=31792#webpage\",\"url\":\"http:\/\/revistavitrineibiuna.com.br\/?p=31792\",\"name\":\"M\\u00c9DICO RICARDO PAGRION \\u00c9 O CONVIDADO DA TVUNA NESTA QUARTA-FEIRA - Revista Vitrine Online\",\"isPartOf\":{\"@id\":\"https:\/\/revistavitrineibiuna.com.br\/#website\"},\"primaryImageOfPage\":{\"@id\":\"http:\/\/revistavitrineibiuna.com.br\/?p=31792#primaryimage\"},\"datePublished\":\"2024-06-15T22:21:59+00:00\",\"dateModified\":\"2024-06-17T12:12:32+00:00\",\"breadcrumb\":{\"@id\":\"http:\/\/revistavitrineibiuna.com.br\/?p=31792#breadcrumb\"},\"inLanguage\":\"pt-BR\",\"potentialAction\":[{\"@type\":\"ReadAction\",\"target\":[\"http:\/\/revistavitrineibiuna.com.br\/?p=31792\"]}]},{\"@type\":\"BreadcrumbList\",\"@id\":\"http:\/\/revistavitrineibiuna.com.br\/?p=31792#breadcrumb\",\"itemListElement\":[{\"@type\":\"ListItem\",\"position\":1,\"item\":{\"@type\":\"WebPage\",\"@id\":\"https:\/\/revistavitrineibiuna.com.br\/\",\"url\":\"https:\/\/revistavitrineibiuna.com.br\/\",\"name\":\"In\\u00edcio\"}},{\"@type\":\"ListItem\",\"position\":2,\"item\":{\"@type\":\"WebPage\",\"@id\":\"http:\/\/revistavitrineibiuna.com.br\/?p=31792\",\"url\":\"http:\/\/revistavitrineibiuna.com.br\/?p=31792\",\"name\":\"M\\u00c9DICO RICARDO PAGRION \\u00c9 O CONVIDADO DA TVUNA NESTA QUARTA-FEIRA\"}}]},{\"@type\":\"Article\",\"@id\":\"http:\/\/revistavitrineibiuna.com.br\/?p=31792#article\",\"isPartOf\":{\"@id\":\"http:\/\/revistavitrineibiuna.com.br\/?p=31792#webpage\"},\"author\":{\"@id\":\"https:\/\/revistavitrineibiuna.com.br\/#\/schema\/person\/e51ef49d6d88170ea21ceabff3f73deb\"},\"headline\":\"M\\u00c9DICO RICARDO PAGRION \\u00c9 O CONVIDADO DA TVUNA NESTA QUARTA-FEIRA\",\"datePublished\":\"2024-06-15T22:21:59+00:00\",\"dateModified\":\"2024-06-17T12:12:32+00:00\",\"mainEntityOfPage\":{\"@id\":\"http:\/\/revistavitrineibiuna.com.br\/?p=31792#webpage\"},\"commentCount\":0,\"publisher\":{\"@id\":\"https:\/\/revistavitrineibiuna.com.br\/#\/schema\/person\/e51ef49d6d88170ea21ceabff3f73deb\"},\"image\":{\"@id\":\"http:\/\/revistavitrineibiuna.com.br\/?p=31792#primaryimage\"},\"articleSection\":\"Not\\u00edcias\",\"inLanguage\":\"pt-BR\",\"potentialAction\":[{\"@type\":\"CommentAction\",\"name\":\"Comment\",\"target\":[\"http:\/\/revistavitrineibiuna.com.br\/?p=31792#respond\"]}]},{\"@type\":[\"Person\",\"Organization\"],\"@id\":\"https:\/\/revistavitrineibiuna.com.br\/#\/schema\/person\/e51ef49d6d88170ea21ceabff3f73deb\",\"name\":\"Carlos Rossini\",\"image\":{\"@type\":\"ImageObject\",\"@id\":\"https:\/\/revistavitrineibiuna.com.br\/#personlogo\",\"inLanguage\":\"pt-BR\",\"url\":\"http:\/\/1.gravatar.com\/avatar\/4f2d0f99fac1f85c7d643f21f5c8d900?s=96&d=mm&r=g\",\"caption\":\"Carlos Rossini\"},\"logo\":{\"@id\":\"https:\/\/revistavitrineibiuna.com.br\/#personlogo\"},\"description\":\"Carlos Rossini \\u00e9 jornalista, soci\\u00f3logo, escritor e professor universit\\u00e1rio, tendo sido professor de jornalismo por vinte anos. Trabalhou em ve\\u00edculos de comunica\\u00e7\\u00e3o nas fun\\u00e7\\u00f5es de rep\\u00f3rter, redator, editor, articulista e colaborador, como Folha de S. Paulo, O Estado de S. Paulo, Di\\u00e1rio Popular, entre outros. Ao transferir a revista vitrine, vers\\u00e3o imprensa, de S\\u00e3o Paulo para Ibi\\u00fana h\\u00e1 alguns anos, iniciou uma nova experi\\u00eancia profissional, dedicando-se ao jornalismo regional, depois de cumprir uma trajet\\u00f3ria bem-sucedida na grande imprensa brasileira. Seu primeiro livro A Coragem de Comunicar foi lan\\u00e7ado na Bienal do Livro em S\\u00e3o Paulo no ano 2000, pela editora Madras.\"}]}<\/script>\n<!-- \/ Yoast SEO plugin. -->","_links":{"self":[{"href":"http:\/\/revistavitrineibiuna.com.br\/index.php?rest_route=\/wp\/v2\/posts\/31792"}],"collection":[{"href":"http:\/\/revistavitrineibiuna.com.br\/index.php?rest_route=\/wp\/v2\/posts"}],"about":[{"href":"http:\/\/revistavitrineibiuna.com.br\/index.php?rest_route=\/wp\/v2\/types\/post"}],"author":[{"embeddable":true,"href":"http:\/\/revistavitrineibiuna.com.br\/index.php?rest_route=\/wp\/v2\/users\/1"}],"replies":[{"embeddable":true,"href":"http:\/\/revistavitrineibiuna.com.br\/index.php?rest_route=%2Fwp%2Fv2%2Fcomments&post=31792"}],"version-history":[{"count":2,"href":"http:\/\/revistavitrineibiuna.com.br\/index.php?rest_route=\/wp\/v2\/posts\/31792\/revisions"}],"predecessor-version":[{"id":31795,"href":"http:\/\/revistavitrineibiuna.com.br\/index.php?rest_route=\/wp\/v2\/posts\/31792\/revisions\/31795"}],"wp:featuredmedia":[{"embeddable":true,"href":"http:\/\/revistavitrineibiuna.com.br\/index.php?rest_route=\/wp\/v2\/media\/31793"}],"wp:attachment":[{"href":"http:\/\/revistavitrineibiuna.com.br\/index.php?rest_route=%2Fwp%2Fv2%2Fmedia&parent=31792"}],"wp:term":[{"taxonomy":"category","embeddable":true,"href":"http:\/\/revistavitrineibiuna.com.br\/index.php?rest_route=%2Fwp%2Fv2%2Fcategories&post=31792"},{"taxonomy":"post_tag","embeddable":true,"href":"http:\/\/revistavitrineibiuna.com.br\/index.php?rest_route=%2Fwp%2Fv2%2Ftags&post=31792"}],"curies":[{"name":"wp","href":"https:\/\/api.w.org\/{rel}","templated":true}]}}