{"id":31797,"date":"2024-06-20T12:03:33","date_gmt":"2024-06-20T15:03:33","guid":{"rendered":"http:\/\/revistavitrineibiuna.com.br\/?p=31797"},"modified":"2024-06-20T12:10:25","modified_gmt":"2024-06-20T15:10:25","slug":"nao-deixe-de-ver-entrevista-com-medico-ibiunese-na-tvuna-e-imperdivel","status":"publish","type":"post","link":"http:\/\/revistavitrineibiuna.com.br\/?p=31797","title":{"rendered":"N\u00c3O DEIXE DE VER &#8211; ENTREVISTA COM M\u00c9DICO IBIUNESE NA TVUNA \u00c9 IMPERD\u00cdVEL"},"content":{"rendered":"\n<p class=\"has-drop-cap\"><strong>A entrevista ao vivo concedida pelo Dr. Ricardo Pagrion, m\u00e9dico ibiunense de 28 anos, ontem (19) \u00e0 noite \u00e0 TVUNA foi um duplo sucesso de audi\u00eancia e de relev\u00e2ncia de conte\u00fado, no primeiro programa da s\u00e9rie \u201cPERGUNTE AO DOUTOR\u201d.<\/strong><\/p>\n\n\n\n<p><strong>Na verdade foi como uma aula para leigos, com informa\u00e7\u00f5es e orienta\u00e7\u00f5es m\u00e9dicas e respostas espec\u00edficas apresentadas pelos telespectadores que acompanharam o programa pelo Youtube, Instagram e Facebook.<\/strong><\/p>\n\n\n\n<p><strong>Para o jornalista Carlos Rossini, apresentador do programa, \u201cfoi um momento hist\u00f3rico no munic\u00edpio de Ibi\u00fana, nas rela\u00e7\u00f5es m\u00e9dicos-pacientes, sobretudo porque a popula\u00e7\u00e3o carece de orienta\u00e7\u00f5es seguras desses profissionais para cuidarem melhor de sua sa\u00fade de modo preventivo\u201d.<\/strong><\/p>\n\n\n\n<p><strong>Desde a primeira chamada e durante o programa, Dr. Ricardo Pagrion foi alvo de elogios e reconhecimento por sua conduta amorosa, profissional e respons\u00e1vel na forma em que d\u00e1 atendimento no Hospital Municipal de Ibi\u00fana e tamb\u00e9m em dois&nbsp; postos de sa\u00fade, al\u00e9m de outros hospitais e cl\u00ednicas m\u00e9dicas.<\/strong><\/p>\n\n\n\n<p><strong>Uma telespectadora de Osasco que passou por uma cirurgia de emerg\u00eancia de apendicite narrou a forma como havia ido atendida por uma m\u00e9dica que, sem nem mesmo fazer o exame indispens\u00e1vel, diagnosticou que se tratava de uma crise de ansiedade, prescreveu um diazep\u00ednico.<\/strong><\/p>\n\n\n\n<p><strong>A paciente discordou de que se tratava de uma crise de ansiedade, exigiu novo atendimento, quando se descobriu que se tratava de uma crise aguda de apendicite que, segundo o Dr. Ricardo Pagrion, poderia ter causado sua morte.<\/strong><\/p>\n\n\n\n<p><strong>Ele esclareceu que a sua \u201ccolega\u201d foi muito \u201ccorajosa\u201d ao adotar esse procedimento, pois se o ap\u00eandice \u201cestourasse\u201d poderia contaminar o intestino da paciente e lev\u00e1-la ao \u00f3bito por infec\u00e7\u00e3o.<\/strong><\/p>\n\n\n\n<p><strong>\u201cGUARDE ISSO NO SEU CORA\u00c7\u00c3O\u201d<\/strong><\/p>\n\n\n\n<p><strong>No momento em que analisava esse quadro, o m\u00e9dico ibiunense fez uma advert\u00eancia da maior import\u00e2ncia para despertar o conhecimento na popula\u00e7\u00e3o:<\/strong><\/p>\n\n\n\n<p><strong>\u201cGuarde isso no seu cora\u00e7\u00e3o! N\u00e3o \u00e9 porque o m\u00e9dico disse que \u00e9 verdade. E isso vale para todos os tipos de doen\u00e7as.\u201d<\/strong><\/p>\n\n\n\n<p><strong>Segundo ele, saber [o paciente] o porqu\u00ea das medidas tomadas pelos m\u00e9dicos \u00e9 fundamental na preven\u00e7\u00e3o de ocorr\u00eancias em que se incluem at\u00e9 mesmo caso de mortes.<\/strong><\/p>\n\n\n\n<p><strong>As pessoas mais simples, por falta de conhecimento de seus direitos acabam se resignando e desconhecem o fato de que o m\u00e9dico est\u00e1 ali \u201cpara servir, \u00e9 o trabalho dele\u201d.<\/strong><\/p>\n\n\n\n<p><strong>Se o m\u00e9dico atende pelo SUS, da mesma forma est\u00e1 recebendo o pagamento vindo dos contribuintes, do povo, que \u201cs\u00e3o seres humanos\u201d.<\/strong><\/p>\n\n\n\n<p><strong>N\u00c3O DEIXE DE VER<\/strong><\/p>\n\n\n\n<p><strong>Mesmo aqueles que acompanharam o programa ao vivo, pode valer a pena ver de novo. Quem n\u00e3o viu e ainda n\u00e3o sabe o que perdeu pode ver a qualquer momento o programa na \u00edntegra.<\/strong><\/p>\n\n\n\n<p><strong>Basta entrar no youtube, clicar na lupinha que fica no lado direito superior da tela, clicar em TVUNA e pronto! O programa estar\u00e1 a sua disposi\u00e7\u00e3o. Recomende tamb\u00e9m para os seus familiares e amigos.<\/strong><\/p>\n","protected":false},"excerpt":{"rendered":"<p>A entrevista ao vivo concedida pelo Dr. Ricardo Pagrion, m\u00e9dico ibiunense de 28 anos, ontem (19) \u00e0 noite \u00e0 TVUNA<\/p>\n","protected":false},"author":1,"featured_media":31798,"comment_status":"open","ping_status":"open","sticky":false,"template":"","format":"standard","meta":[],"categories":[3,1],"tags":[],"yoast_head":"<!-- This site is optimized with the Yoast SEO plugin v15.8 - https:\/\/yoast.com\/wordpress\/plugins\/seo\/ -->\n<title>N\u00c3O DEIXE DE VER - ENTREVISTA COM M\u00c9DICO IBIUNESE NA TVUNA \u00c9 IMPERD\u00cdVEL - Revista Vitrine Online<\/title>\n<meta name=\"robots\" content=\"index, follow, max-snippet:-1, max-image-preview:large, max-video-preview:-1\" \/>\n<link rel=\"canonical\" href=\"http:\/\/revistavitrineibiuna.com.br\/?p=31797\" \/>\n<meta property=\"og:locale\" content=\"pt_BR\" \/>\n<meta property=\"og:type\" content=\"article\" \/>\n<meta property=\"og:title\" content=\"N\u00c3O DEIXE DE VER - ENTREVISTA COM M\u00c9DICO IBIUNESE NA TVUNA \u00c9 IMPERD\u00cdVEL - Revista Vitrine Online\" \/>\n<meta property=\"og:description\" content=\"A entrevista ao vivo concedida pelo Dr. Ricardo Pagrion, m\u00e9dico ibiunense de 28 anos, ontem (19) \u00e0 noite \u00e0 TVUNA\" \/>\n<meta property=\"og:url\" content=\"http:\/\/revistavitrineibiuna.com.br\/?p=31797\" \/>\n<meta property=\"og:site_name\" content=\"Revista Vitrine Online\" \/>\n<meta property=\"article:published_time\" content=\"2024-06-20T15:03:33+00:00\" \/>\n<meta property=\"article:modified_time\" content=\"2024-06-20T15:10:25+00:00\" \/>\n<meta property=\"og:image\" content=\"http:\/\/revistavitrineibiuna.com.br\/wp-content\/uploads\/2024\/06\/entrrevista-com-o-dr.-ricardo-pagrion.png\" \/>\n\t<meta property=\"og:image:width\" content=\"710\" \/>\n\t<meta property=\"og:image:height\" content=\"404\" \/>\n<meta name=\"twitter:card\" content=\"summary\" \/>\n<meta name=\"twitter:label1\" content=\"Est. reading time\">\n\t<meta name=\"twitter:data1\" content=\"3 minutos\">\n<script type=\"application\/ld+json\" class=\"yoast-schema-graph\">{\"@context\":\"https:\/\/schema.org\",\"@graph\":[{\"@type\":\"WebSite\",\"@id\":\"https:\/\/revistavitrineibiuna.com.br\/#website\",\"url\":\"https:\/\/revistavitrineibiuna.com.br\/\",\"name\":\"Revista Vitrine Ibi\\u00fana\",\"description\":\"A Revista de Ibi\\u00fana e Regi\\u00e3o\",\"publisher\":{\"@id\":\"https:\/\/revistavitrineibiuna.com.br\/#\/schema\/person\/e51ef49d6d88170ea21ceabff3f73deb\"},\"potentialAction\":[{\"@type\":\"SearchAction\",\"target\":\"https:\/\/revistavitrineibiuna.com.br\/?s={search_term_string}\",\"query-input\":\"required name=search_term_string\"}],\"inLanguage\":\"pt-BR\"},{\"@type\":\"ImageObject\",\"@id\":\"http:\/\/revistavitrineibiuna.com.br\/?p=31797#primaryimage\",\"inLanguage\":\"pt-BR\",\"url\":\"http:\/\/revistavitrineibiuna.com.br\/wp-content\/uploads\/2024\/06\/entrrevista-com-o-dr.-ricardo-pagrion.png\",\"width\":710,\"height\":404},{\"@type\":\"WebPage\",\"@id\":\"http:\/\/revistavitrineibiuna.com.br\/?p=31797#webpage\",\"url\":\"http:\/\/revistavitrineibiuna.com.br\/?p=31797\",\"name\":\"N\\u00c3O DEIXE DE VER - ENTREVISTA COM M\\u00c9DICO IBIUNESE NA TVUNA \\u00c9 IMPERD\\u00cdVEL - Revista Vitrine Online\",\"isPartOf\":{\"@id\":\"https:\/\/revistavitrineibiuna.com.br\/#website\"},\"primaryImageOfPage\":{\"@id\":\"http:\/\/revistavitrineibiuna.com.br\/?p=31797#primaryimage\"},\"datePublished\":\"2024-06-20T15:03:33+00:00\",\"dateModified\":\"2024-06-20T15:10:25+00:00\",\"breadcrumb\":{\"@id\":\"http:\/\/revistavitrineibiuna.com.br\/?p=31797#breadcrumb\"},\"inLanguage\":\"pt-BR\",\"potentialAction\":[{\"@type\":\"ReadAction\",\"target\":[\"http:\/\/revistavitrineibiuna.com.br\/?p=31797\"]}]},{\"@type\":\"BreadcrumbList\",\"@id\":\"http:\/\/revistavitrineibiuna.com.br\/?p=31797#breadcrumb\",\"itemListElement\":[{\"@type\":\"ListItem\",\"position\":1,\"item\":{\"@type\":\"WebPage\",\"@id\":\"https:\/\/revistavitrineibiuna.com.br\/\",\"url\":\"https:\/\/revistavitrineibiuna.com.br\/\",\"name\":\"In\\u00edcio\"}},{\"@type\":\"ListItem\",\"position\":2,\"item\":{\"@type\":\"WebPage\",\"@id\":\"http:\/\/revistavitrineibiuna.com.br\/?p=31797\",\"url\":\"http:\/\/revistavitrineibiuna.com.br\/?p=31797\",\"name\":\"N\\u00c3O DEIXE DE VER &#8211; ENTREVISTA COM M\\u00c9DICO IBIUNESE NA TVUNA \\u00c9 IMPERD\\u00cdVEL\"}}]},{\"@type\":\"Article\",\"@id\":\"http:\/\/revistavitrineibiuna.com.br\/?p=31797#article\",\"isPartOf\":{\"@id\":\"http:\/\/revistavitrineibiuna.com.br\/?p=31797#webpage\"},\"author\":{\"@id\":\"https:\/\/revistavitrineibiuna.com.br\/#\/schema\/person\/e51ef49d6d88170ea21ceabff3f73deb\"},\"headline\":\"N\\u00c3O DEIXE DE VER &#8211; ENTREVISTA COM M\\u00c9DICO IBIUNESE NA TVUNA \\u00c9 IMPERD\\u00cdVEL\",\"datePublished\":\"2024-06-20T15:03:33+00:00\",\"dateModified\":\"2024-06-20T15:10:25+00:00\",\"mainEntityOfPage\":{\"@id\":\"http:\/\/revistavitrineibiuna.com.br\/?p=31797#webpage\"},\"commentCount\":0,\"publisher\":{\"@id\":\"https:\/\/revistavitrineibiuna.com.br\/#\/schema\/person\/e51ef49d6d88170ea21ceabff3f73deb\"},\"image\":{\"@id\":\"http:\/\/revistavitrineibiuna.com.br\/?p=31797#primaryimage\"},\"articleSection\":\"Not\\u00edcias,Uncategorized\",\"inLanguage\":\"pt-BR\",\"potentialAction\":[{\"@type\":\"CommentAction\",\"name\":\"Comment\",\"target\":[\"http:\/\/revistavitrineibiuna.com.br\/?p=31797#respond\"]}]},{\"@type\":[\"Person\",\"Organization\"],\"@id\":\"https:\/\/revistavitrineibiuna.com.br\/#\/schema\/person\/e51ef49d6d88170ea21ceabff3f73deb\",\"name\":\"Carlos Rossini\",\"image\":{\"@type\":\"ImageObject\",\"@id\":\"https:\/\/revistavitrineibiuna.com.br\/#personlogo\",\"inLanguage\":\"pt-BR\",\"url\":\"http:\/\/1.gravatar.com\/avatar\/4f2d0f99fac1f85c7d643f21f5c8d900?s=96&d=mm&r=g\",\"caption\":\"Carlos Rossini\"},\"logo\":{\"@id\":\"https:\/\/revistavitrineibiuna.com.br\/#personlogo\"},\"description\":\"Carlos Rossini \\u00e9 jornalista, soci\\u00f3logo, escritor e professor universit\\u00e1rio, tendo sido professor de jornalismo por vinte anos. Trabalhou em ve\\u00edculos de comunica\\u00e7\\u00e3o nas fun\\u00e7\\u00f5es de rep\\u00f3rter, redator, editor, articulista e colaborador, como Folha de S. Paulo, O Estado de S. Paulo, Di\\u00e1rio Popular, entre outros. Ao transferir a revista vitrine, vers\\u00e3o imprensa, de S\\u00e3o Paulo para Ibi\\u00fana h\\u00e1 alguns anos, iniciou uma nova experi\\u00eancia profissional, dedicando-se ao jornalismo regional, depois de cumprir uma trajet\\u00f3ria bem-sucedida na grande imprensa brasileira. Seu primeiro livro A Coragem de Comunicar foi lan\\u00e7ado na Bienal do Livro em S\\u00e3o Paulo no ano 2000, pela editora Madras.\"}]}<\/script>\n<!-- \/ Yoast SEO plugin. -->","_links":{"self":[{"href":"http:\/\/revistavitrineibiuna.com.br\/index.php?rest_route=\/wp\/v2\/posts\/31797"}],"collection":[{"href":"http:\/\/revistavitrineibiuna.com.br\/index.php?rest_route=\/wp\/v2\/posts"}],"about":[{"href":"http:\/\/revistavitrineibiuna.com.br\/index.php?rest_route=\/wp\/v2\/types\/post"}],"author":[{"embeddable":true,"href":"http:\/\/revistavitrineibiuna.com.br\/index.php?rest_route=\/wp\/v2\/users\/1"}],"replies":[{"embeddable":true,"href":"http:\/\/revistavitrineibiuna.com.br\/index.php?rest_route=%2Fwp%2Fv2%2Fcomments&post=31797"}],"version-history":[{"count":1,"href":"http:\/\/revistavitrineibiuna.com.br\/index.php?rest_route=\/wp\/v2\/posts\/31797\/revisions"}],"predecessor-version":[{"id":31799,"href":"http:\/\/revistavitrineibiuna.com.br\/index.php?rest_route=\/wp\/v2\/posts\/31797\/revisions\/31799"}],"wp:featuredmedia":[{"embeddable":true,"href":"http:\/\/revistavitrineibiuna.com.br\/index.php?rest_route=\/wp\/v2\/media\/31798"}],"wp:attachment":[{"href":"http:\/\/revistavitrineibiuna.com.br\/index.php?rest_route=%2Fwp%2Fv2%2Fmedia&parent=31797"}],"wp:term":[{"taxonomy":"category","embeddable":true,"href":"http:\/\/revistavitrineibiuna.com.br\/index.php?rest_route=%2Fwp%2Fv2%2Fcategories&post=31797"},{"taxonomy":"post_tag","embeddable":true,"href":"http:\/\/revistavitrineibiuna.com.br\/index.php?rest_route=%2Fwp%2Fv2%2Ftags&post=31797"}],"curies":[{"name":"wp","href":"https:\/\/api.w.org\/{rel}","templated":true}]}}