{"id":31800,"date":"2024-06-25T14:28:39","date_gmt":"2024-06-25T17:28:39","guid":{"rendered":"http:\/\/revistavitrineibiuna.com.br\/?p=31800"},"modified":"2024-06-25T14:28:40","modified_gmt":"2024-06-25T17:28:40","slug":"ibiuna-influenciadora-deixa-os-cabelos-de-politicos-em-pe","status":"publish","type":"post","link":"http:\/\/revistavitrineibiuna.com.br\/?p=31800","title":{"rendered":"IBI\u00daNA \u2013 INFLUENCIADORA DEIXA OS CABELOS DE POL\u00cdTICOS EM P\u00c9"},"content":{"rendered":"\n<p class=\"has-drop-cap\"><strong>Ana Carolina Corriere Melo, 39, costuma dizer que \u00e9 meio ibiunense e meio paulistana. Isto porque veio para Ibi\u00fana quando tinha 4 anos. Perdeu a m\u00e3e com 12 anos e voltou para S\u00e3o Paulo para estudar e buscar novos conhecimentos.<\/strong><\/p>\n\n\n\n<p><strong>Mas, retornou definitivamente para ibiuna h\u00e1 8 anos, onde vive com o seu marido, duas filhas e um menino adotivo. Coincidentemente, ela tamb\u00e9m foi adotada.<\/strong><\/p>\n\n\n\n<p><strong>Depois de trabalhar no com\u00e9rcio, chegou a criar uma empresa que \u201cest\u00e1 parada\u201d, porque decidiu administrar conte\u00fados digitais no Facebook. Atualmente, junto com o marido, administra tr\u00eas p\u00e1ginas.<\/strong><\/p>\n\n\n\n<p><strong>\u2018CORAGEM E FRANQUEZA\u2019<\/strong><\/p>\n\n\n\n<p><strong>Seu objetivo, e quem a segue admira sua coragem e franqueza em suas postagens, \u201c\u00e9 influenciar as pessoas a brigarem por seus direitos e melhorias em Ibi\u00fana\u201d.<\/strong><\/p>\n\n\n\n<p><strong>Com ela n\u00e3o h\u00e1 rodeio, simplesmente fala o que pensa, usando seu direito \u00e0 livre express\u00e3o de opini\u00f5es garantidas pela Constitui\u00e7\u00e3o Federal.<\/strong><\/p>\n\n\n\n<p><strong>A sua percep\u00e7\u00e3o da vida pol\u00edtica ibiunense certamente est\u00e1 relacionada com o que observava dos relacionamentos do seu pai, N\u00e9lson Corriere, conhecido como \u201cMajor N\u00e9lson\u201d, no bairro do Gabriel.<\/strong><\/p>\n\n\n\n<p><strong>Ele foi um \u201cgrande aliado\u201d do saudoso prefeito Zezito Falci, em sua primeira gest\u00e3o, sobretudo no bairro do Gabriel onde era muito influente.<\/strong><\/p>\n\n\n\n<p><strong>A sugest\u00e3o para que a TVUNA a entreviste veio de suas seguidoras nas redes sociais, exatamente por concordarem com as cr\u00edticas que vem fazendo aos pol\u00edticos ibiunenses, sobretudo no Poder Executivo, que, em seu entender, t\u00eam deixado muito a desejar em praticamente todas as \u00e1reas de responsabilidade do poder p\u00fablico, como sa\u00fade, seguran\u00e7a, condi\u00e7\u00f5es da estrada, educa\u00e7\u00e3o, meio ambiente, entre outras.<\/strong><\/p>\n\n\n\n<p><strong>SE LIGUE NA TVUNA<\/strong><\/p>\n\n\n\n<p><strong>Carol foi convidada pela TVUNA e ser\u00e1 entrevistada nesta quarta-feira, dia 26, \u00e0s 20h, ao vivo, com transmiss\u00e3o direta pelo Youtube, Facebook e Instagram.<\/strong><\/p>\n\n\n\n<p><strong>Os telespectadores poder\u00e3o interagir diretamente com a entrevistada por meio do chat do canal da TVUNA. Inscreva-se: <a href=\"mailto:youtube.com\/@tv-una\">youtube.com\/@tv-una<\/a>.<\/strong><\/p>\n","protected":false},"excerpt":{"rendered":"<p>Ana Carolina Corriere Melo, 39, costuma dizer que \u00e9 meio ibiunense e meio paulistana. Isto porque veio para Ibi\u00fana quando<\/p>\n","protected":false},"author":1,"featured_media":31801,"comment_status":"open","ping_status":"open","sticky":false,"template":"","format":"standard","meta":[],"categories":[3],"tags":[],"yoast_head":"<!-- This site is optimized with the Yoast SEO plugin v15.8 - https:\/\/yoast.com\/wordpress\/plugins\/seo\/ -->\n<title>IBI\u00daNA \u2013 INFLUENCIADORA DEIXA OS CABELOS DE POL\u00cdTICOS EM P\u00c9 - Revista Vitrine Online<\/title>\n<meta name=\"robots\" content=\"index, follow, max-snippet:-1, max-image-preview:large, max-video-preview:-1\" \/>\n<link rel=\"canonical\" href=\"http:\/\/revistavitrineibiuna.com.br\/?p=31800\" \/>\n<meta property=\"og:locale\" content=\"pt_BR\" \/>\n<meta property=\"og:type\" content=\"article\" \/>\n<meta property=\"og:title\" content=\"IBI\u00daNA \u2013 INFLUENCIADORA DEIXA OS CABELOS DE POL\u00cdTICOS EM P\u00c9 - Revista Vitrine Online\" \/>\n<meta property=\"og:description\" content=\"Ana Carolina Corriere Melo, 39, costuma dizer que \u00e9 meio ibiunense e meio paulistana. Isto porque veio para Ibi\u00fana quando\" \/>\n<meta property=\"og:url\" content=\"http:\/\/revistavitrineibiuna.com.br\/?p=31800\" \/>\n<meta property=\"og:site_name\" content=\"Revista Vitrine Online\" \/>\n<meta property=\"article:published_time\" content=\"2024-06-25T17:28:39+00:00\" \/>\n<meta property=\"article:modified_time\" content=\"2024-06-25T17:28:40+00:00\" \/>\n<meta property=\"og:image\" content=\"http:\/\/revistavitrineibiuna.com.br\/wp-content\/uploads\/2024\/06\/carol-em-tres-dimensoes-1024x535.png\" \/>\n\t<meta property=\"og:image:width\" content=\"1024\" \/>\n\t<meta property=\"og:image:height\" content=\"535\" \/>\n<meta name=\"twitter:card\" content=\"summary\" \/>\n<meta name=\"twitter:label1\" content=\"Est. reading time\">\n\t<meta name=\"twitter:data1\" content=\"2 minutos\">\n<script type=\"application\/ld+json\" class=\"yoast-schema-graph\">{\"@context\":\"https:\/\/schema.org\",\"@graph\":[{\"@type\":\"WebSite\",\"@id\":\"https:\/\/revistavitrineibiuna.com.br\/#website\",\"url\":\"https:\/\/revistavitrineibiuna.com.br\/\",\"name\":\"Revista Vitrine Ibi\\u00fana\",\"description\":\"A Revista de Ibi\\u00fana e Regi\\u00e3o\",\"publisher\":{\"@id\":\"https:\/\/revistavitrineibiuna.com.br\/#\/schema\/person\/e51ef49d6d88170ea21ceabff3f73deb\"},\"potentialAction\":[{\"@type\":\"SearchAction\",\"target\":\"https:\/\/revistavitrineibiuna.com.br\/?s={search_term_string}\",\"query-input\":\"required name=search_term_string\"}],\"inLanguage\":\"pt-BR\"},{\"@type\":\"ImageObject\",\"@id\":\"http:\/\/revistavitrineibiuna.com.br\/?p=31800#primaryimage\",\"inLanguage\":\"pt-BR\",\"url\":\"http:\/\/revistavitrineibiuna.com.br\/wp-content\/uploads\/2024\/06\/carol-em-tres-dimensoes.png\",\"width\":1515,\"height\":792},{\"@type\":\"WebPage\",\"@id\":\"http:\/\/revistavitrineibiuna.com.br\/?p=31800#webpage\",\"url\":\"http:\/\/revistavitrineibiuna.com.br\/?p=31800\",\"name\":\"IBI\\u00daNA \\u2013 INFLUENCIADORA DEIXA OS CABELOS DE POL\\u00cdTICOS EM P\\u00c9 - Revista Vitrine Online\",\"isPartOf\":{\"@id\":\"https:\/\/revistavitrineibiuna.com.br\/#website\"},\"primaryImageOfPage\":{\"@id\":\"http:\/\/revistavitrineibiuna.com.br\/?p=31800#primaryimage\"},\"datePublished\":\"2024-06-25T17:28:39+00:00\",\"dateModified\":\"2024-06-25T17:28:40+00:00\",\"breadcrumb\":{\"@id\":\"http:\/\/revistavitrineibiuna.com.br\/?p=31800#breadcrumb\"},\"inLanguage\":\"pt-BR\",\"potentialAction\":[{\"@type\":\"ReadAction\",\"target\":[\"http:\/\/revistavitrineibiuna.com.br\/?p=31800\"]}]},{\"@type\":\"BreadcrumbList\",\"@id\":\"http:\/\/revistavitrineibiuna.com.br\/?p=31800#breadcrumb\",\"itemListElement\":[{\"@type\":\"ListItem\",\"position\":1,\"item\":{\"@type\":\"WebPage\",\"@id\":\"https:\/\/revistavitrineibiuna.com.br\/\",\"url\":\"https:\/\/revistavitrineibiuna.com.br\/\",\"name\":\"In\\u00edcio\"}},{\"@type\":\"ListItem\",\"position\":2,\"item\":{\"@type\":\"WebPage\",\"@id\":\"http:\/\/revistavitrineibiuna.com.br\/?p=31800\",\"url\":\"http:\/\/revistavitrineibiuna.com.br\/?p=31800\",\"name\":\"IBI\\u00daNA \\u2013 INFLUENCIADORA DEIXA OS CABELOS DE POL\\u00cdTICOS EM P\\u00c9\"}}]},{\"@type\":\"Article\",\"@id\":\"http:\/\/revistavitrineibiuna.com.br\/?p=31800#article\",\"isPartOf\":{\"@id\":\"http:\/\/revistavitrineibiuna.com.br\/?p=31800#webpage\"},\"author\":{\"@id\":\"https:\/\/revistavitrineibiuna.com.br\/#\/schema\/person\/e51ef49d6d88170ea21ceabff3f73deb\"},\"headline\":\"IBI\\u00daNA \\u2013 INFLUENCIADORA DEIXA OS CABELOS DE POL\\u00cdTICOS EM P\\u00c9\",\"datePublished\":\"2024-06-25T17:28:39+00:00\",\"dateModified\":\"2024-06-25T17:28:40+00:00\",\"mainEntityOfPage\":{\"@id\":\"http:\/\/revistavitrineibiuna.com.br\/?p=31800#webpage\"},\"commentCount\":0,\"publisher\":{\"@id\":\"https:\/\/revistavitrineibiuna.com.br\/#\/schema\/person\/e51ef49d6d88170ea21ceabff3f73deb\"},\"image\":{\"@id\":\"http:\/\/revistavitrineibiuna.com.br\/?p=31800#primaryimage\"},\"articleSection\":\"Not\\u00edcias\",\"inLanguage\":\"pt-BR\",\"potentialAction\":[{\"@type\":\"CommentAction\",\"name\":\"Comment\",\"target\":[\"http:\/\/revistavitrineibiuna.com.br\/?p=31800#respond\"]}]},{\"@type\":[\"Person\",\"Organization\"],\"@id\":\"https:\/\/revistavitrineibiuna.com.br\/#\/schema\/person\/e51ef49d6d88170ea21ceabff3f73deb\",\"name\":\"Carlos Rossini\",\"image\":{\"@type\":\"ImageObject\",\"@id\":\"https:\/\/revistavitrineibiuna.com.br\/#personlogo\",\"inLanguage\":\"pt-BR\",\"url\":\"http:\/\/1.gravatar.com\/avatar\/4f2d0f99fac1f85c7d643f21f5c8d900?s=96&d=mm&r=g\",\"caption\":\"Carlos Rossini\"},\"logo\":{\"@id\":\"https:\/\/revistavitrineibiuna.com.br\/#personlogo\"},\"description\":\"Carlos Rossini \\u00e9 jornalista, soci\\u00f3logo, escritor e professor universit\\u00e1rio, tendo sido professor de jornalismo por vinte anos. Trabalhou em ve\\u00edculos de comunica\\u00e7\\u00e3o nas fun\\u00e7\\u00f5es de rep\\u00f3rter, redator, editor, articulista e colaborador, como Folha de S. Paulo, O Estado de S. Paulo, Di\\u00e1rio Popular, entre outros. Ao transferir a revista vitrine, vers\\u00e3o imprensa, de S\\u00e3o Paulo para Ibi\\u00fana h\\u00e1 alguns anos, iniciou uma nova experi\\u00eancia profissional, dedicando-se ao jornalismo regional, depois de cumprir uma trajet\\u00f3ria bem-sucedida na grande imprensa brasileira. Seu primeiro livro A Coragem de Comunicar foi lan\\u00e7ado na Bienal do Livro em S\\u00e3o Paulo no ano 2000, pela editora Madras.\"}]}<\/script>\n<!-- \/ Yoast SEO plugin. -->","_links":{"self":[{"href":"http:\/\/revistavitrineibiuna.com.br\/index.php?rest_route=\/wp\/v2\/posts\/31800"}],"collection":[{"href":"http:\/\/revistavitrineibiuna.com.br\/index.php?rest_route=\/wp\/v2\/posts"}],"about":[{"href":"http:\/\/revistavitrineibiuna.com.br\/index.php?rest_route=\/wp\/v2\/types\/post"}],"author":[{"embeddable":true,"href":"http:\/\/revistavitrineibiuna.com.br\/index.php?rest_route=\/wp\/v2\/users\/1"}],"replies":[{"embeddable":true,"href":"http:\/\/revistavitrineibiuna.com.br\/index.php?rest_route=%2Fwp%2Fv2%2Fcomments&post=31800"}],"version-history":[{"count":1,"href":"http:\/\/revistavitrineibiuna.com.br\/index.php?rest_route=\/wp\/v2\/posts\/31800\/revisions"}],"predecessor-version":[{"id":31802,"href":"http:\/\/revistavitrineibiuna.com.br\/index.php?rest_route=\/wp\/v2\/posts\/31800\/revisions\/31802"}],"wp:featuredmedia":[{"embeddable":true,"href":"http:\/\/revistavitrineibiuna.com.br\/index.php?rest_route=\/wp\/v2\/media\/31801"}],"wp:attachment":[{"href":"http:\/\/revistavitrineibiuna.com.br\/index.php?rest_route=%2Fwp%2Fv2%2Fmedia&parent=31800"}],"wp:term":[{"taxonomy":"category","embeddable":true,"href":"http:\/\/revistavitrineibiuna.com.br\/index.php?rest_route=%2Fwp%2Fv2%2Fcategories&post=31800"},{"taxonomy":"post_tag","embeddable":true,"href":"http:\/\/revistavitrineibiuna.com.br\/index.php?rest_route=%2Fwp%2Fv2%2Ftags&post=31800"}],"curies":[{"name":"wp","href":"https:\/\/api.w.org\/{rel}","templated":true}]}}