{"id":31804,"date":"2024-07-12T14:54:56","date_gmt":"2024-07-12T17:54:56","guid":{"rendered":"http:\/\/revistavitrineibiuna.com.br\/?p=31804"},"modified":"2024-07-12T16:23:12","modified_gmt":"2024-07-12T19:23:12","slug":"ibiuna-eleicoes-2024-futuro-prefeito-devera-restaurar-a-dignidade-da-funcao","status":"publish","type":"post","link":"http:\/\/revistavitrineibiuna.com.br\/?p=31804","title":{"rendered":"IBI\u00daNA ELEI\u00c7\u00d5ES 2024 \u2013 FUTURO PREFEITO DEVER\u00c1 RESTAURAR A DIGNIDADE DA FUN\u00c7\u00c3O"},"content":{"rendered":"\n<p class=\"has-drop-cap\"><strong><em>&nbsp;[Vitrine online, visando a contribuir com o processo eleitoral deste ano no munic\u00edpio de Ibi\u00fana, iniciou a publica\u00e7\u00e3o de uma s\u00e9rie de mat\u00e9rias em prol do voto popular livre e consciente. Voto consciente \u00e9 aquele que o eleitor decide por si mesmo.]<\/em><\/strong><\/p>\n\n\n\n<p><strong>Os cinco cavalheiros que figuram nessa foto s\u00e3o os pr\u00e9-candidatos a prefeito de Ibi\u00fana nas elei\u00e7\u00f5es de 6 de outubro pr\u00f3ximo.<\/strong><\/p>\n\n\n\n<p><strong>Aparentemente, n\u00e3o dever\u00e1 haver surpresas com um novo nome, j\u00e1 que o suspense da poss\u00edvel inser\u00e7\u00e3o do ex-prefeito F\u00e1bio Bello, que foi exonerado a pedido da Prefeitura, se desfez com a rejei\u00e7\u00e3o do seu pedido de revis\u00e3o de sua condena\u00e7\u00e3o com base na Lei da Ficha Limpa apresentado ao Superior Tribunal de Justi\u00e7a.<\/strong><\/p>\n\n\n\n<p><strong>Sondagens feitas por vitrine online e TVUNA revelaram que h\u00e1 leitores, e n\u00e3o s\u00e3o poucos, que ignoram quem sejam os candidatos. Ent\u00e3o, a\u00ed vai uma brev\u00edssima apresenta\u00e7\u00e3o pela ordem em que aparecem na foto acima, da esquerda para a direita: Ten. Adilson&nbsp; (UB), Alle Zanatta (PT), M\u00e1rio Pires (Republicanos), Paulo Sasaki (PL), Renan Godinho (Podemos).<\/strong><\/p>\n\n\n\n<p><strong>QUEST\u00c3O DE DIGNIDADE<\/strong><\/p>\n\n\n\n<p><strong>Para um observador atento \u00e0s manifesta\u00e7\u00f5es populares nas redes sociais, e isso n\u00e3o \u00e9 novidade, tanto a imagem p\u00fablica do chefe do Executivo quanto dos parlamentares ibiunenses sofreram um desgaste avassalador ao longo das \u00faltimas d\u00e9cadas.<\/strong><\/p>\n\n\n\n<p><strong>N\u00e3o \u00e9 nosso prop\u00f3sito aqui reproduzir as manifesta\u00e7\u00f5es de not\u00e1vel esc\u00e1rnio de desaprova\u00e7\u00e3o da conduta desses pol\u00edticos. O atual prefeito chegou a fazer amea\u00e7as e a \u201ccondenar\u201d milhares de \u201cfake news\u201d contra o seu governo, que seriam ataques orquestrados por grupos pol\u00edticos advers\u00e1rios.<\/strong><\/p>\n\n\n\n<p><strong>H\u00e1 um fato \u00f3bvio de essas autoridades e seus mais ardorosos aliados quererem tapar o sol com a peneira. Como n\u00e3o conseguem administrar um relacionamento popular transparente, tende a condenar tudo como obra de inimigos demon\u00edacos, o que n\u00e3o deixa de ser um exagero.<\/strong><\/p>\n\n\n\n<p><strong>Nunca uma administra\u00e7\u00e3o municipal investiu tanto em autopromo\u00e7\u00e3o no sentido de m\u00e3o \u00fanica sobre cora\u00e7\u00f5es e mentes da popula\u00e7\u00e3o, como se o povo simplesmente fosse incapaz de testemunhar com seus pr\u00f3prios sentidos a situa\u00e7\u00e3o real do munic\u00edpio, seja na sa\u00fade p\u00fablica, educa\u00e7\u00e3o, seguran\u00e7a, estradas, degrada\u00e7\u00e3o do meio ambiente, ilumina\u00e7\u00e3o p\u00fablica, gera\u00e7\u00e3o de empregos, etc.<\/strong><\/p>\n\n\n\n<p><strong>Se o governo anterior foi considerado um \u201cdesastre administrativo\u201d em Ibi\u00fana, j\u00e1 se podia imaginar que qualquer que fosse o pr\u00f3ximo governo haveria alguma melhoria, como de fato se constata, mas h\u00e1 uma dist\u00e2ncia quilom\u00e9trica em se autoproclamar um governo que \u201cavan\u00e7ou\u201d a cidade para o \u201cfuturo\u201d.<\/strong><\/p>\n\n\n\n<p><strong>Ent\u00e3o, e em suma, o futuro prefeito de Ibi\u00fana, al\u00e9m das propostas tradicionalmente apresentadas \u00e0 sociedade, dever\u00e1 investir uma energia \u00e9tica da maior relev\u00e2ncia pol\u00edtica: restaurar a dignidade perdida. Somente assim, poder\u00e1 haver esperan\u00e7a em um governo verdadeiramente \u201cnovo\u201d<\/strong>.<\/p>\n\n\n\n<p><strong>Para que n\u00e3o haja d\u00favida \u00e9 oportuno assinalar que dignidade \u00e9 uma qualidade moral que infunde respeito, \u00e9 a consci\u00eancia do pr\u00f3prio valor, \u00e9 comportamento da autoridade que honra os votos recebidos com independ\u00eancia e autonomia, ainda que ou\u00e7a todos \u00e0 sua volta, mas que n\u00e3o se deixe conduzir por influ\u00eancias nefastas, na forma  de obedi\u00eancias a comandos e mandamentos de terceiros.<\/strong><\/p>\n\n\n\n<p><strong>IMPORTANTE SABER<\/strong><\/p>\n\n\n\n<p><strong>Nas elei\u00e7\u00f5es do pr\u00f3ximo dia 6 de outubro, daqui a menos de 100 dias, estar\u00e3o aptos a votar no munic\u00edpio de Ibi\u00fana um total de 61.519 eleitores. 65,26% na \u00e1rea urbana (= 40.147) e 34,74% na \u00e1rea rural (=21.372).<\/strong><\/p>\n\n\n\n<p><strong>CONVEN\u00c7\u00d5ES PARTID\u00c1RIAS<\/strong><\/p>\n\n\n\n<p><strong>As conven\u00e7\u00f5es partid\u00e1rias que ir\u00e3o confirmar os candidatos a prefeito, vice e vereadores se iniciam no dia 20.7, pr\u00f3ximo s\u00e1bado, e se estender\u00e3o at\u00e9 o dia 5.8<\/strong><\/p>\n\n\n\n<figure class=\"wp-block-image size-large\"><img loading=\"lazy\" width=\"1024\" height=\"961\" src=\"https:\/\/revistavitrineibiuna.com.br\/wp-content\/uploads\/2024\/07\/3160da85-312e-4607-abb3-5336b088f179-1024x961.jpg\" alt=\"\" class=\"wp-image-31807\" srcset=\"http:\/\/revistavitrineibiuna.com.br\/wp-content\/uploads\/2024\/07\/3160da85-312e-4607-abb3-5336b088f179-1024x961.jpg 1024w, http:\/\/revistavitrineibiuna.com.br\/wp-content\/uploads\/2024\/07\/3160da85-312e-4607-abb3-5336b088f179-300x282.jpg 300w, http:\/\/revistavitrineibiuna.com.br\/wp-content\/uploads\/2024\/07\/3160da85-312e-4607-abb3-5336b088f179-768x721.jpg 768w, http:\/\/revistavitrineibiuna.com.br\/wp-content\/uploads\/2024\/07\/3160da85-312e-4607-abb3-5336b088f179-1536x1442.jpg 1536w, http:\/\/revistavitrineibiuna.com.br\/wp-content\/uploads\/2024\/07\/3160da85-312e-4607-abb3-5336b088f179.jpg 1600w\" sizes=\"(max-width: 1024px) 100vw, 1024px\" \/><\/figure>\n","protected":false},"excerpt":{"rendered":"<p>&nbsp;[Vitrine online, visando a contribuir com o processo eleitoral deste ano no munic\u00edpio de Ibi\u00fana, iniciou a publica\u00e7\u00e3o de uma<\/p>\n","protected":false},"author":1,"featured_media":31805,"comment_status":"open","ping_status":"open","sticky":false,"template":"","format":"standard","meta":[],"categories":[1],"tags":[],"yoast_head":"<!-- This site is optimized with the Yoast SEO plugin v15.8 - https:\/\/yoast.com\/wordpress\/plugins\/seo\/ -->\n<title>IBI\u00daNA ELEI\u00c7\u00d5ES 2024 \u2013 FUTURO PREFEITO DEVER\u00c1 RESTAURAR A DIGNIDADE DA FUN\u00c7\u00c3O - Revista Vitrine Online<\/title>\n<meta name=\"robots\" content=\"index, follow, max-snippet:-1, max-image-preview:large, max-video-preview:-1\" \/>\n<link rel=\"canonical\" href=\"http:\/\/revistavitrineibiuna.com.br\/?p=31804\" \/>\n<meta property=\"og:locale\" content=\"pt_BR\" \/>\n<meta property=\"og:type\" content=\"article\" \/>\n<meta property=\"og:title\" content=\"IBI\u00daNA ELEI\u00c7\u00d5ES 2024 \u2013 FUTURO PREFEITO DEVER\u00c1 RESTAURAR A DIGNIDADE DA FUN\u00c7\u00c3O - Revista Vitrine Online\" \/>\n<meta property=\"og:description\" content=\"&nbsp;[Vitrine online, visando a contribuir com o processo eleitoral deste ano no munic\u00edpio de Ibi\u00fana, iniciou a publica\u00e7\u00e3o de uma\" \/>\n<meta property=\"og:url\" content=\"http:\/\/revistavitrineibiuna.com.br\/?p=31804\" \/>\n<meta property=\"og:site_name\" content=\"Revista Vitrine Online\" \/>\n<meta property=\"article:published_time\" content=\"2024-07-12T17:54:56+00:00\" \/>\n<meta property=\"article:modified_time\" content=\"2024-07-12T19:23:12+00:00\" \/>\n<meta property=\"og:image\" content=\"http:\/\/revistavitrineibiuna.com.br\/wp-content\/uploads\/2024\/07\/os-cinco-pre-cndidtos-2024.png\" \/>\n\t<meta property=\"og:image:width\" content=\"1181\" \/>\n\t<meta property=\"og:image:height\" content=\"591\" \/>\n<meta name=\"twitter:card\" content=\"summary\" \/>\n<meta name=\"twitter:label1\" content=\"Est. reading time\">\n\t<meta name=\"twitter:data1\" content=\"3 minutos\">\n<script type=\"application\/ld+json\" class=\"yoast-schema-graph\">{\"@context\":\"https:\/\/schema.org\",\"@graph\":[{\"@type\":\"WebSite\",\"@id\":\"https:\/\/revistavitrineibiuna.com.br\/#website\",\"url\":\"https:\/\/revistavitrineibiuna.com.br\/\",\"name\":\"Revista Vitrine Ibi\\u00fana\",\"description\":\"A Revista de Ibi\\u00fana e Regi\\u00e3o\",\"publisher\":{\"@id\":\"https:\/\/revistavitrineibiuna.com.br\/#\/schema\/person\/e51ef49d6d88170ea21ceabff3f73deb\"},\"potentialAction\":[{\"@type\":\"SearchAction\",\"target\":\"https:\/\/revistavitrineibiuna.com.br\/?s={search_term_string}\",\"query-input\":\"required name=search_term_string\"}],\"inLanguage\":\"pt-BR\"},{\"@type\":\"ImageObject\",\"@id\":\"http:\/\/revistavitrineibiuna.com.br\/?p=31804#primaryimage\",\"inLanguage\":\"pt-BR\",\"url\":\"http:\/\/revistavitrineibiuna.com.br\/wp-content\/uploads\/2024\/07\/os-cinco-pre-cndidtos-2024.png\",\"width\":1181,\"height\":591},{\"@type\":\"WebPage\",\"@id\":\"http:\/\/revistavitrineibiuna.com.br\/?p=31804#webpage\",\"url\":\"http:\/\/revistavitrineibiuna.com.br\/?p=31804\",\"name\":\"IBI\\u00daNA ELEI\\u00c7\\u00d5ES 2024 \\u2013 FUTURO PREFEITO DEVER\\u00c1 RESTAURAR A DIGNIDADE DA FUN\\u00c7\\u00c3O - Revista Vitrine Online\",\"isPartOf\":{\"@id\":\"https:\/\/revistavitrineibiuna.com.br\/#website\"},\"primaryImageOfPage\":{\"@id\":\"http:\/\/revistavitrineibiuna.com.br\/?p=31804#primaryimage\"},\"datePublished\":\"2024-07-12T17:54:56+00:00\",\"dateModified\":\"2024-07-12T19:23:12+00:00\",\"breadcrumb\":{\"@id\":\"http:\/\/revistavitrineibiuna.com.br\/?p=31804#breadcrumb\"},\"inLanguage\":\"pt-BR\",\"potentialAction\":[{\"@type\":\"ReadAction\",\"target\":[\"http:\/\/revistavitrineibiuna.com.br\/?p=31804\"]}]},{\"@type\":\"BreadcrumbList\",\"@id\":\"http:\/\/revistavitrineibiuna.com.br\/?p=31804#breadcrumb\",\"itemListElement\":[{\"@type\":\"ListItem\",\"position\":1,\"item\":{\"@type\":\"WebPage\",\"@id\":\"https:\/\/revistavitrineibiuna.com.br\/\",\"url\":\"https:\/\/revistavitrineibiuna.com.br\/\",\"name\":\"In\\u00edcio\"}},{\"@type\":\"ListItem\",\"position\":2,\"item\":{\"@type\":\"WebPage\",\"@id\":\"http:\/\/revistavitrineibiuna.com.br\/?p=31804\",\"url\":\"http:\/\/revistavitrineibiuna.com.br\/?p=31804\",\"name\":\"IBI\\u00daNA ELEI\\u00c7\\u00d5ES 2024 \\u2013 FUTURO PREFEITO DEVER\\u00c1 RESTAURAR A DIGNIDADE DA FUN\\u00c7\\u00c3O\"}}]},{\"@type\":\"Article\",\"@id\":\"http:\/\/revistavitrineibiuna.com.br\/?p=31804#article\",\"isPartOf\":{\"@id\":\"http:\/\/revistavitrineibiuna.com.br\/?p=31804#webpage\"},\"author\":{\"@id\":\"https:\/\/revistavitrineibiuna.com.br\/#\/schema\/person\/e51ef49d6d88170ea21ceabff3f73deb\"},\"headline\":\"IBI\\u00daNA ELEI\\u00c7\\u00d5ES 2024 \\u2013 FUTURO PREFEITO DEVER\\u00c1 RESTAURAR A DIGNIDADE DA FUN\\u00c7\\u00c3O\",\"datePublished\":\"2024-07-12T17:54:56+00:00\",\"dateModified\":\"2024-07-12T19:23:12+00:00\",\"mainEntityOfPage\":{\"@id\":\"http:\/\/revistavitrineibiuna.com.br\/?p=31804#webpage\"},\"commentCount\":0,\"publisher\":{\"@id\":\"https:\/\/revistavitrineibiuna.com.br\/#\/schema\/person\/e51ef49d6d88170ea21ceabff3f73deb\"},\"image\":{\"@id\":\"http:\/\/revistavitrineibiuna.com.br\/?p=31804#primaryimage\"},\"articleSection\":\"Uncategorized\",\"inLanguage\":\"pt-BR\",\"potentialAction\":[{\"@type\":\"CommentAction\",\"name\":\"Comment\",\"target\":[\"http:\/\/revistavitrineibiuna.com.br\/?p=31804#respond\"]}]},{\"@type\":[\"Person\",\"Organization\"],\"@id\":\"https:\/\/revistavitrineibiuna.com.br\/#\/schema\/person\/e51ef49d6d88170ea21ceabff3f73deb\",\"name\":\"Carlos Rossini\",\"image\":{\"@type\":\"ImageObject\",\"@id\":\"https:\/\/revistavitrineibiuna.com.br\/#personlogo\",\"inLanguage\":\"pt-BR\",\"url\":\"http:\/\/1.gravatar.com\/avatar\/4f2d0f99fac1f85c7d643f21f5c8d900?s=96&d=mm&r=g\",\"caption\":\"Carlos Rossini\"},\"logo\":{\"@id\":\"https:\/\/revistavitrineibiuna.com.br\/#personlogo\"},\"description\":\"Carlos Rossini \\u00e9 jornalista, soci\\u00f3logo, escritor e professor universit\\u00e1rio, tendo sido professor de jornalismo por vinte anos. Trabalhou em ve\\u00edculos de comunica\\u00e7\\u00e3o nas fun\\u00e7\\u00f5es de rep\\u00f3rter, redator, editor, articulista e colaborador, como Folha de S. Paulo, O Estado de S. Paulo, Di\\u00e1rio Popular, entre outros. Ao transferir a revista vitrine, vers\\u00e3o imprensa, de S\\u00e3o Paulo para Ibi\\u00fana h\\u00e1 alguns anos, iniciou uma nova experi\\u00eancia profissional, dedicando-se ao jornalismo regional, depois de cumprir uma trajet\\u00f3ria bem-sucedida na grande imprensa brasileira. Seu primeiro livro A Coragem de Comunicar foi lan\\u00e7ado na Bienal do Livro em S\\u00e3o Paulo no ano 2000, pela editora Madras.\"}]}<\/script>\n<!-- \/ Yoast SEO plugin. -->","_links":{"self":[{"href":"http:\/\/revistavitrineibiuna.com.br\/index.php?rest_route=\/wp\/v2\/posts\/31804"}],"collection":[{"href":"http:\/\/revistavitrineibiuna.com.br\/index.php?rest_route=\/wp\/v2\/posts"}],"about":[{"href":"http:\/\/revistavitrineibiuna.com.br\/index.php?rest_route=\/wp\/v2\/types\/post"}],"author":[{"embeddable":true,"href":"http:\/\/revistavitrineibiuna.com.br\/index.php?rest_route=\/wp\/v2\/users\/1"}],"replies":[{"embeddable":true,"href":"http:\/\/revistavitrineibiuna.com.br\/index.php?rest_route=%2Fwp%2Fv2%2Fcomments&post=31804"}],"version-history":[{"count":11,"href":"http:\/\/revistavitrineibiuna.com.br\/index.php?rest_route=\/wp\/v2\/posts\/31804\/revisions"}],"predecessor-version":[{"id":31820,"href":"http:\/\/revistavitrineibiuna.com.br\/index.php?rest_route=\/wp\/v2\/posts\/31804\/revisions\/31820"}],"wp:featuredmedia":[{"embeddable":true,"href":"http:\/\/revistavitrineibiuna.com.br\/index.php?rest_route=\/wp\/v2\/media\/31805"}],"wp:attachment":[{"href":"http:\/\/revistavitrineibiuna.com.br\/index.php?rest_route=%2Fwp%2Fv2%2Fmedia&parent=31804"}],"wp:term":[{"taxonomy":"category","embeddable":true,"href":"http:\/\/revistavitrineibiuna.com.br\/index.php?rest_route=%2Fwp%2Fv2%2Fcategories&post=31804"},{"taxonomy":"post_tag","embeddable":true,"href":"http:\/\/revistavitrineibiuna.com.br\/index.php?rest_route=%2Fwp%2Fv2%2Ftags&post=31804"}],"curies":[{"name":"wp","href":"https:\/\/api.w.org\/{rel}","templated":true}]}}