{"id":31821,"date":"2024-07-14T11:38:31","date_gmt":"2024-07-14T14:38:31","guid":{"rendered":"http:\/\/revistavitrineibiuna.com.br\/?p=31821"},"modified":"2024-07-14T11:38:32","modified_gmt":"2024-07-14T14:38:32","slug":"ibiuna-dor-pela-brutal-morte-da-karen-enluta-toda-a-cidade","status":"publish","type":"post","link":"http:\/\/revistavitrineibiuna.com.br\/?p=31821","title":{"rendered":"IBI\u00daNA \u2013 DOR PELA BRUTAL MORTE DA KAREN ENLUTA TODA A CIDADE"},"content":{"rendered":"\n<p class=\"has-drop-cap\"><strong>A imagem de uma adolescente indo para a casa dos av\u00f3s \u00e9 n\u00e3o apenas universal, mas reveladora de um v\u00ednculo afetivo indescrit\u00edvel; afinal os sentimentos entre av\u00f3s e netos parecem ser ainda mais profundos e transcendentes, e se realizam pelo mais puro ato de amor rec\u00edproco.<\/strong><\/p>\n\n\n\n<p><strong>Av\u00f3s e netos constroem uma linguagem pr\u00f3pria de relacionamento que \u00e9 fundamental na vida de ambos, por meio de confian\u00e7a e respeito m\u00fatuos, afinal, tudo que os av\u00f3s desejam \u00e9 que seus netos sejam felizes.<\/strong><\/p>\n\n\n\n<p><strong>O brutal assassinato da menina Karen, de 13 anos, ocorreu, pelo que se sabe, quando ela estava exatamente a caminho da casa dos av\u00f3s no bairro do Gabriel, em Ibi\u00fana.<\/strong><\/p>\n\n\n\n<p><strong>N\u00e3o apenas a fam\u00edlia, no dizer de sua tia \u00c9rica Vieira, sem condi\u00e7\u00f5es de falar, ficou \u201carrasada\u201d, mais toda a popula\u00e7\u00e3o ibiunense. A cidade inteira est\u00e1 de luto! A popula\u00e7\u00e3o clama por justi\u00e7a contra o \u201cmonstro\u201d que cometeu um crime impiedoso e covarde contra uma crian\u00e7a.<\/strong><\/p>\n\n\n\n<p><strong>Quando conversamos na manh\u00e3 de hoje (14) com o Dr. Rafael Martins, jovem delegado titular de Ibi\u00fana, sua primeira express\u00e3o foi: \u201cUm fato extremamente triste mesmo!\u201d.<\/strong><\/p>\n\n\n\n<p><strong>O QUE ACONTECEU<\/strong><\/p>\n\n\n\n<p><strong>O pr\u00f3prio delegado fez o seguinte relato a vitrine online:<\/strong><\/p>\n\n\n\n<p><strong>\u201cNo \u00faltimo dia 11\/07, por volta de 18 horas, a adolescente K.C.G.O., de 13 anos de idade, teria sa\u00eddo de casa para ir at\u00e9 a casa dos av\u00f3s que residem pr\u00f3ximo no bairro Gabriel, e desde ent\u00e3o, n\u00e3o retornou para a resid\u00eancia.<\/strong><\/p>\n\n\n\n<p><strong>Foi registrado o boletim de ocorr\u00eancia de desaparecimento e foram iniciadas dilig\u00eancias pelas for\u00e7as de seguran\u00e7a p\u00fablica, bem como familiares. Infelizmente, na tarde de ontem (13\/07), na beira da estrada Teruo Konishi (estrada que liga o bairro Piai ao Sete Lagos) a v\u00edtima foi encontrada sem vida por populares que acionaram a Guarda Municipal.<\/strong><\/p>\n\n\n\n<p><strong>Foi acionada per\u00edcia, bem como uma equipe da Pol\u00edcia Civil esteve no local e j\u00e1 iniciou as investiga\u00e7\u00f5es a fim de apurar os fatos. Causa da morte ainda depende de exame necrosc\u00f3pico por parte do IML. At\u00e9 o momento nenhum suspeito foi identificado. Qualquer informa\u00e7\u00e3o que possa auxiliar nas investiga\u00e7\u00f5es podem procurar a Delegacia de Pol\u00edcia de Ibi\u00fana ou por meio do disque den\u00fancia 181.\u201d<\/strong><\/p>\n\n\n\n<p><strong>NO IML<\/strong><\/p>\n\n\n\n<p><strong>No momento em que redigimos esta not\u00edcia, o corpo da adolescente se encontra no IML de Sorocaba passando por exame especializado para apurar a causa da morte.<\/strong><\/p>\n\n\n\n<p><strong>Familiar ouvida por vitrine online informa que o sepultamento se dar\u00e1 ainda neste domingo. Assim que obtivermos mais informa\u00e7\u00f5es, noticiaremos em nossa p\u00e1gina no Facebook.<\/strong><\/p>\n","protected":false},"excerpt":{"rendered":"<p>A imagem de uma adolescente indo para a casa dos av\u00f3s \u00e9 n\u00e3o apenas universal, mas reveladora de um v\u00ednculo<\/p>\n","protected":false},"author":1,"featured_media":31822,"comment_status":"open","ping_status":"open","sticky":false,"template":"","format":"standard","meta":[],"categories":[3],"tags":[],"yoast_head":"<!-- This site is optimized with the Yoast SEO plugin v15.8 - https:\/\/yoast.com\/wordpress\/plugins\/seo\/ -->\n<title>IBI\u00daNA \u2013 DOR PELA BRUTAL MORTE DA KAREN ENLUTA TODA A CIDADE - Revista Vitrine Online<\/title>\n<meta name=\"robots\" content=\"index, follow, max-snippet:-1, max-image-preview:large, max-video-preview:-1\" \/>\n<link rel=\"canonical\" href=\"http:\/\/revistavitrineibiuna.com.br\/?p=31821\" \/>\n<meta property=\"og:locale\" content=\"pt_BR\" \/>\n<meta property=\"og:type\" content=\"article\" \/>\n<meta property=\"og:title\" content=\"IBI\u00daNA \u2013 DOR PELA BRUTAL MORTE DA KAREN ENLUTA TODA A CIDADE - Revista Vitrine Online\" \/>\n<meta property=\"og:description\" content=\"A imagem de uma adolescente indo para a casa dos av\u00f3s \u00e9 n\u00e3o apenas universal, mas reveladora de um v\u00ednculo\" \/>\n<meta property=\"og:url\" content=\"http:\/\/revistavitrineibiuna.com.br\/?p=31821\" \/>\n<meta property=\"og:site_name\" content=\"Revista Vitrine Online\" \/>\n<meta property=\"article:published_time\" content=\"2024-07-14T14:38:31+00:00\" \/>\n<meta property=\"article:modified_time\" content=\"2024-07-14T14:38:32+00:00\" \/>\n<meta property=\"og:image\" content=\"http:\/\/revistavitrineibiuna.com.br\/wp-content\/uploads\/2024\/07\/karen-foto.png\" \/>\n\t<meta property=\"og:image:width\" content=\"595\" \/>\n\t<meta property=\"og:image:height\" content=\"375\" \/>\n<meta name=\"twitter:card\" content=\"summary\" \/>\n<meta name=\"twitter:label1\" content=\"Est. reading time\">\n\t<meta name=\"twitter:data1\" content=\"2 minutos\">\n<script type=\"application\/ld+json\" class=\"yoast-schema-graph\">{\"@context\":\"https:\/\/schema.org\",\"@graph\":[{\"@type\":\"WebSite\",\"@id\":\"https:\/\/revistavitrineibiuna.com.br\/#website\",\"url\":\"https:\/\/revistavitrineibiuna.com.br\/\",\"name\":\"Revista Vitrine Ibi\\u00fana\",\"description\":\"A Revista de Ibi\\u00fana e Regi\\u00e3o\",\"publisher\":{\"@id\":\"https:\/\/revistavitrineibiuna.com.br\/#\/schema\/person\/e51ef49d6d88170ea21ceabff3f73deb\"},\"potentialAction\":[{\"@type\":\"SearchAction\",\"target\":\"https:\/\/revistavitrineibiuna.com.br\/?s={search_term_string}\",\"query-input\":\"required name=search_term_string\"}],\"inLanguage\":\"pt-BR\"},{\"@type\":\"ImageObject\",\"@id\":\"http:\/\/revistavitrineibiuna.com.br\/?p=31821#primaryimage\",\"inLanguage\":\"pt-BR\",\"url\":\"http:\/\/revistavitrineibiuna.com.br\/wp-content\/uploads\/2024\/07\/karen-foto.png\",\"width\":595,\"height\":375},{\"@type\":\"WebPage\",\"@id\":\"http:\/\/revistavitrineibiuna.com.br\/?p=31821#webpage\",\"url\":\"http:\/\/revistavitrineibiuna.com.br\/?p=31821\",\"name\":\"IBI\\u00daNA \\u2013 DOR PELA BRUTAL MORTE DA KAREN ENLUTA TODA A CIDADE - Revista Vitrine Online\",\"isPartOf\":{\"@id\":\"https:\/\/revistavitrineibiuna.com.br\/#website\"},\"primaryImageOfPage\":{\"@id\":\"http:\/\/revistavitrineibiuna.com.br\/?p=31821#primaryimage\"},\"datePublished\":\"2024-07-14T14:38:31+00:00\",\"dateModified\":\"2024-07-14T14:38:32+00:00\",\"breadcrumb\":{\"@id\":\"http:\/\/revistavitrineibiuna.com.br\/?p=31821#breadcrumb\"},\"inLanguage\":\"pt-BR\",\"potentialAction\":[{\"@type\":\"ReadAction\",\"target\":[\"http:\/\/revistavitrineibiuna.com.br\/?p=31821\"]}]},{\"@type\":\"BreadcrumbList\",\"@id\":\"http:\/\/revistavitrineibiuna.com.br\/?p=31821#breadcrumb\",\"itemListElement\":[{\"@type\":\"ListItem\",\"position\":1,\"item\":{\"@type\":\"WebPage\",\"@id\":\"https:\/\/revistavitrineibiuna.com.br\/\",\"url\":\"https:\/\/revistavitrineibiuna.com.br\/\",\"name\":\"In\\u00edcio\"}},{\"@type\":\"ListItem\",\"position\":2,\"item\":{\"@type\":\"WebPage\",\"@id\":\"http:\/\/revistavitrineibiuna.com.br\/?p=31821\",\"url\":\"http:\/\/revistavitrineibiuna.com.br\/?p=31821\",\"name\":\"IBI\\u00daNA \\u2013 DOR PELA BRUTAL MORTE DA KAREN ENLUTA TODA A CIDADE\"}}]},{\"@type\":\"Article\",\"@id\":\"http:\/\/revistavitrineibiuna.com.br\/?p=31821#article\",\"isPartOf\":{\"@id\":\"http:\/\/revistavitrineibiuna.com.br\/?p=31821#webpage\"},\"author\":{\"@id\":\"https:\/\/revistavitrineibiuna.com.br\/#\/schema\/person\/e51ef49d6d88170ea21ceabff3f73deb\"},\"headline\":\"IBI\\u00daNA \\u2013 DOR PELA BRUTAL MORTE DA KAREN ENLUTA TODA A CIDADE\",\"datePublished\":\"2024-07-14T14:38:31+00:00\",\"dateModified\":\"2024-07-14T14:38:32+00:00\",\"mainEntityOfPage\":{\"@id\":\"http:\/\/revistavitrineibiuna.com.br\/?p=31821#webpage\"},\"commentCount\":0,\"publisher\":{\"@id\":\"https:\/\/revistavitrineibiuna.com.br\/#\/schema\/person\/e51ef49d6d88170ea21ceabff3f73deb\"},\"image\":{\"@id\":\"http:\/\/revistavitrineibiuna.com.br\/?p=31821#primaryimage\"},\"articleSection\":\"Not\\u00edcias\",\"inLanguage\":\"pt-BR\",\"potentialAction\":[{\"@type\":\"CommentAction\",\"name\":\"Comment\",\"target\":[\"http:\/\/revistavitrineibiuna.com.br\/?p=31821#respond\"]}]},{\"@type\":[\"Person\",\"Organization\"],\"@id\":\"https:\/\/revistavitrineibiuna.com.br\/#\/schema\/person\/e51ef49d6d88170ea21ceabff3f73deb\",\"name\":\"Carlos Rossini\",\"image\":{\"@type\":\"ImageObject\",\"@id\":\"https:\/\/revistavitrineibiuna.com.br\/#personlogo\",\"inLanguage\":\"pt-BR\",\"url\":\"http:\/\/1.gravatar.com\/avatar\/4f2d0f99fac1f85c7d643f21f5c8d900?s=96&d=mm&r=g\",\"caption\":\"Carlos Rossini\"},\"logo\":{\"@id\":\"https:\/\/revistavitrineibiuna.com.br\/#personlogo\"},\"description\":\"Carlos Rossini \\u00e9 jornalista, soci\\u00f3logo, escritor e professor universit\\u00e1rio, tendo sido professor de jornalismo por vinte anos. Trabalhou em ve\\u00edculos de comunica\\u00e7\\u00e3o nas fun\\u00e7\\u00f5es de rep\\u00f3rter, redator, editor, articulista e colaborador, como Folha de S. Paulo, O Estado de S. Paulo, Di\\u00e1rio Popular, entre outros. Ao transferir a revista vitrine, vers\\u00e3o imprensa, de S\\u00e3o Paulo para Ibi\\u00fana h\\u00e1 alguns anos, iniciou uma nova experi\\u00eancia profissional, dedicando-se ao jornalismo regional, depois de cumprir uma trajet\\u00f3ria bem-sucedida na grande imprensa brasileira. Seu primeiro livro A Coragem de Comunicar foi lan\\u00e7ado na Bienal do Livro em S\\u00e3o Paulo no ano 2000, pela editora Madras.\"}]}<\/script>\n<!-- \/ Yoast SEO plugin. -->","_links":{"self":[{"href":"http:\/\/revistavitrineibiuna.com.br\/index.php?rest_route=\/wp\/v2\/posts\/31821"}],"collection":[{"href":"http:\/\/revistavitrineibiuna.com.br\/index.php?rest_route=\/wp\/v2\/posts"}],"about":[{"href":"http:\/\/revistavitrineibiuna.com.br\/index.php?rest_route=\/wp\/v2\/types\/post"}],"author":[{"embeddable":true,"href":"http:\/\/revistavitrineibiuna.com.br\/index.php?rest_route=\/wp\/v2\/users\/1"}],"replies":[{"embeddable":true,"href":"http:\/\/revistavitrineibiuna.com.br\/index.php?rest_route=%2Fwp%2Fv2%2Fcomments&post=31821"}],"version-history":[{"count":1,"href":"http:\/\/revistavitrineibiuna.com.br\/index.php?rest_route=\/wp\/v2\/posts\/31821\/revisions"}],"predecessor-version":[{"id":31823,"href":"http:\/\/revistavitrineibiuna.com.br\/index.php?rest_route=\/wp\/v2\/posts\/31821\/revisions\/31823"}],"wp:featuredmedia":[{"embeddable":true,"href":"http:\/\/revistavitrineibiuna.com.br\/index.php?rest_route=\/wp\/v2\/media\/31822"}],"wp:attachment":[{"href":"http:\/\/revistavitrineibiuna.com.br\/index.php?rest_route=%2Fwp%2Fv2%2Fmedia&parent=31821"}],"wp:term":[{"taxonomy":"category","embeddable":true,"href":"http:\/\/revistavitrineibiuna.com.br\/index.php?rest_route=%2Fwp%2Fv2%2Fcategories&post=31821"},{"taxonomy":"post_tag","embeddable":true,"href":"http:\/\/revistavitrineibiuna.com.br\/index.php?rest_route=%2Fwp%2Fv2%2Ftags&post=31821"}],"curies":[{"name":"wp","href":"https:\/\/api.w.org\/{rel}","templated":true}]}}