{"id":31824,"date":"2024-07-17T18:49:32","date_gmt":"2024-07-17T21:49:32","guid":{"rendered":"http:\/\/revistavitrineibiuna.com.br\/?p=31824"},"modified":"2024-07-17T19:12:27","modified_gmt":"2024-07-17T22:12:27","slug":"ibiuna-noticias-falsas-atrapalham-investigacoes-s0bre-morte-da-karen","status":"publish","type":"post","link":"http:\/\/revistavitrineibiuna.com.br\/?p=31824","title":{"rendered":"IBI\u00daNA \u2013 NOT\u00cdCIAS FALSAS ATRAPALHAM INVESTIGA\u00c7\u00d5ES S0BRE MORTE DA KAREN"},"content":{"rendered":"\n<p class=\"has-drop-cap\"><strong>O cruel assassinato da adolescente Karen Cristina Godoi de Oliveira, que repercutiu at\u00e9 mesmo no exterior, gerou um sentimento de extrema tristeza e tamb\u00e9m de indigna\u00e7\u00e3o e reiterado pedidos da popula\u00e7\u00e3o para que a justi\u00e7a seja feita, com a pris\u00e3o do autor e\/ou autores de um dos crimes mais violentos j\u00e1 ocorridos no munic\u00edpio de Ibi\u00fana.<\/strong><\/p>\n\n\n\n<p><strong>Vitrine online ouviu na tarde de hoje (17) o Dr. Rafael Martins, delegado titular de Ibi\u00fana que, junto com sua equipe de investigadores, est\u00e1 realizando um intenso trabalho para chegar ao autor e\/ou autores do crime hediondo.<\/strong><\/p>\n\n\n\n<p><strong>At\u00e9 o momento em que a entrevista ocorreu, n\u00e3o havia sido apontado nenhum suspeito, ainda que cada uma das possibilidades aventadas tenham sido verificadas in loco pelo pr\u00f3prio delegado.<\/strong><\/p>\n\n\n\n<p><strong>Perguntamos ao delegado de que forma a popula\u00e7\u00e3o pode contribuir efetivamente para a elucida\u00e7\u00e3o desse caso.<\/strong><\/p>\n\n\n\n<p><strong>Ao responder a essa indaga\u00e7\u00e3o, Martins se queixou das in\u00fameras not\u00edcias falsas que est\u00e3o sendo veiculadas nas redes sociais de forma irrespons\u00e1vel e que acabam prejudicando o andamento das investiga\u00e7\u00f5es que est\u00e3o sendo feitas de forma cont\u00ednua e sigilosa.<\/strong><\/p>\n\n\n\n<p><strong>Para citar alguns exemplos, um caso dizia que o suspeito teria sido capturado por populares e torturado. Outro, que foi veiculado at\u00e9 mesmo em rede nacional de televis\u00e3o, falava que um carro branco estava circulando no bairro onde a menina foi sequestrada. Outro apontamento, no mesmo canal, levantava a suspeita de que a menina teria ganho um celular novo.<\/strong><\/p>\n\n\n\n<p><strong>Nenhuma dessas postagens se confirmou, mas provocou certamente um clima de confus\u00e3o na mente das pessoas.<\/strong><\/p>\n\n\n\n<p><strong>N\u00e3o \u00e9 necess\u00e1rio ser especialista em quest\u00f5es policiais para saber que a solu\u00e7\u00e3o de um crime dessa magnitude se transforma em ponto de honra profissional. E bem sabemos que a sociedade ibiunense clama por justi\u00e7a e nutre a esperan\u00e7a de que em breve finalmente uma pista poder\u00e1 conduzir a pol\u00edcia at\u00e9 o alvo certo.<\/strong><\/p>\n\n\n\n<p><strong>COMO AJUDAR<\/strong><\/p>\n\n\n\n<p><strong>O Dr. Rafael Martins enfatizou que a Delegacia de Pol\u00edcia de Ibi\u00fana est\u00e1 de portas abertas a todos os cidad\u00e3os que possam contribuir com alguma informa\u00e7\u00e3o relevante sobre o caso.<\/strong><\/p>\n\n\n\n<p><strong>Poder\u00e1 fazer isso indo pessoalmente at\u00e9 a delegacia, localizada na avenida S\u00e3o Sebasti\u00e3o, 535 \u2013 centro.<\/strong><\/p>\n\n\n\n<p><strong>Tamb\u00e9m poder\u00e1 utilizar o telefone (15) 3241-1222 ou 181, que cai diretamente na delegacia, neste caso a pessoa n\u00e3o precisa se identificar.<\/strong><\/p>\n\n\n\n<p><strong>Dessa forma, todas as pessoas que querem ajudar a justi\u00e7a seja feita se tornam colaboradores da justi\u00e7a. Talvez algu\u00e9m se lembre de uma situa\u00e7\u00e3o suspeita ou tenha percebido algo estranho no bairro onde o crime ocorreu.<\/strong><\/p>\n\n\n\n<p><strong>\u2018TODOS DEVEMOS NOS UNIR\u2019<\/strong><\/p>\n\n\n\n<p><strong>Na tarde de hoje (17), vitrine online e a TVUNA participaram de uma reuni\u00e3o do Conselho Municipal dos Direitos da Mulher de Ibi\u00fana \u2013 CMDM, realizada na sede do CREAS \u2013 Centro de Refer\u00eancia Especializado de Assist\u00eancia Social, na avenida S\u00e3o Sebasti\u00e3o, 347.<\/strong><\/p>\n\n\n\n<p><strong>Um dos assuntos que seriam tratados&nbsp; &#8211; &nbsp;a realiza\u00e7\u00e3o de uma passeata nas ruas centrais da cidade pedindo por justi\u00e7a pela morte da Karen \u2013 acabou saindo da pauta, tendo em vista que a pessoa que iria defender essa proposta n\u00e3o compareceu \u00e0 reuni\u00e3o.<\/strong><\/p>\n\n\n\n<p><strong>Do encontro, sob a presid\u00eancia do Conselho, Luana Ariella dos Santos, participaram representantes da OAB, das secretarias da Sa\u00fade e da Educa\u00e7\u00e3o, do comandante Moraes da GCM e de representantes da Patrulha Maria da Penha no munic\u00edpio.<\/strong><\/p>\n\n\n\n<p><strong>A certa altura a GCM Marli Monteiro, da Patrulha Maria da Penha, depois de esclarecer como funciona o bot\u00e3o do p\u00e2nico para mulheres que obtiveram medida protetiva, defendeu a necessidade dos ibiunenses se unirem por meio do amor, da paz e solidariedade ao pr\u00f3ximo.<\/strong><\/p>\n","protected":false},"excerpt":{"rendered":"<p>O cruel assassinato da adolescente Karen Cristina Godoi de Oliveira, que repercutiu at\u00e9 mesmo no exterior, gerou um sentimento de<\/p>\n","protected":false},"author":1,"featured_media":31825,"comment_status":"open","ping_status":"open","sticky":false,"template":"","format":"standard","meta":[],"categories":[3],"tags":[],"yoast_head":"<!-- This site is optimized with the Yoast SEO plugin v15.8 - https:\/\/yoast.com\/wordpress\/plugins\/seo\/ -->\n<title>IBI\u00daNA \u2013 NOT\u00cdCIAS FALSAS ATRAPALHAM INVESTIGA\u00c7\u00d5ES S0BRE MORTE DA KAREN - Revista Vitrine Online<\/title>\n<meta name=\"robots\" content=\"index, follow, max-snippet:-1, max-image-preview:large, max-video-preview:-1\" \/>\n<link rel=\"canonical\" href=\"http:\/\/revistavitrineibiuna.com.br\/?p=31824\" \/>\n<meta property=\"og:locale\" content=\"pt_BR\" \/>\n<meta property=\"og:type\" content=\"article\" \/>\n<meta property=\"og:title\" content=\"IBI\u00daNA \u2013 NOT\u00cdCIAS FALSAS ATRAPALHAM INVESTIGA\u00c7\u00d5ES S0BRE MORTE DA KAREN - Revista Vitrine Online\" \/>\n<meta property=\"og:description\" content=\"O cruel assassinato da adolescente Karen Cristina Godoi de Oliveira, que repercutiu at\u00e9 mesmo no exterior, gerou um sentimento de\" \/>\n<meta property=\"og:url\" content=\"http:\/\/revistavitrineibiuna.com.br\/?p=31824\" \/>\n<meta property=\"og:site_name\" content=\"Revista Vitrine Online\" \/>\n<meta property=\"article:published_time\" content=\"2024-07-17T21:49:32+00:00\" \/>\n<meta property=\"article:modified_time\" content=\"2024-07-17T22:12:27+00:00\" \/>\n<meta property=\"og:image\" content=\"http:\/\/revistavitrineibiuna.com.br\/wp-content\/uploads\/2024\/07\/delegacia-de-ibiuna.png\" \/>\n\t<meta property=\"og:image:width\" content=\"1597\" \/>\n\t<meta property=\"og:image:height\" content=\"930\" \/>\n<meta name=\"twitter:card\" content=\"summary\" \/>\n<meta name=\"twitter:label1\" content=\"Est. reading time\">\n\t<meta name=\"twitter:data1\" content=\"3 minutos\">\n<script type=\"application\/ld+json\" class=\"yoast-schema-graph\">{\"@context\":\"https:\/\/schema.org\",\"@graph\":[{\"@type\":\"WebSite\",\"@id\":\"https:\/\/revistavitrineibiuna.com.br\/#website\",\"url\":\"https:\/\/revistavitrineibiuna.com.br\/\",\"name\":\"Revista Vitrine Ibi\\u00fana\",\"description\":\"A Revista de Ibi\\u00fana e Regi\\u00e3o\",\"publisher\":{\"@id\":\"https:\/\/revistavitrineibiuna.com.br\/#\/schema\/person\/e51ef49d6d88170ea21ceabff3f73deb\"},\"potentialAction\":[{\"@type\":\"SearchAction\",\"target\":\"https:\/\/revistavitrineibiuna.com.br\/?s={search_term_string}\",\"query-input\":\"required name=search_term_string\"}],\"inLanguage\":\"pt-BR\"},{\"@type\":\"ImageObject\",\"@id\":\"http:\/\/revistavitrineibiuna.com.br\/?p=31824#primaryimage\",\"inLanguage\":\"pt-BR\",\"url\":\"http:\/\/revistavitrineibiuna.com.br\/wp-content\/uploads\/2024\/07\/delegacia-de-ibiuna.png\",\"width\":1597,\"height\":930},{\"@type\":\"WebPage\",\"@id\":\"http:\/\/revistavitrineibiuna.com.br\/?p=31824#webpage\",\"url\":\"http:\/\/revistavitrineibiuna.com.br\/?p=31824\",\"name\":\"IBI\\u00daNA \\u2013 NOT\\u00cdCIAS FALSAS ATRAPALHAM INVESTIGA\\u00c7\\u00d5ES S0BRE MORTE DA KAREN - Revista Vitrine Online\",\"isPartOf\":{\"@id\":\"https:\/\/revistavitrineibiuna.com.br\/#website\"},\"primaryImageOfPage\":{\"@id\":\"http:\/\/revistavitrineibiuna.com.br\/?p=31824#primaryimage\"},\"datePublished\":\"2024-07-17T21:49:32+00:00\",\"dateModified\":\"2024-07-17T22:12:27+00:00\",\"breadcrumb\":{\"@id\":\"http:\/\/revistavitrineibiuna.com.br\/?p=31824#breadcrumb\"},\"inLanguage\":\"pt-BR\",\"potentialAction\":[{\"@type\":\"ReadAction\",\"target\":[\"http:\/\/revistavitrineibiuna.com.br\/?p=31824\"]}]},{\"@type\":\"BreadcrumbList\",\"@id\":\"http:\/\/revistavitrineibiuna.com.br\/?p=31824#breadcrumb\",\"itemListElement\":[{\"@type\":\"ListItem\",\"position\":1,\"item\":{\"@type\":\"WebPage\",\"@id\":\"https:\/\/revistavitrineibiuna.com.br\/\",\"url\":\"https:\/\/revistavitrineibiuna.com.br\/\",\"name\":\"In\\u00edcio\"}},{\"@type\":\"ListItem\",\"position\":2,\"item\":{\"@type\":\"WebPage\",\"@id\":\"http:\/\/revistavitrineibiuna.com.br\/?p=31824\",\"url\":\"http:\/\/revistavitrineibiuna.com.br\/?p=31824\",\"name\":\"IBI\\u00daNA \\u2013 NOT\\u00cdCIAS FALSAS ATRAPALHAM INVESTIGA\\u00c7\\u00d5ES S0BRE MORTE DA KAREN\"}}]},{\"@type\":\"Article\",\"@id\":\"http:\/\/revistavitrineibiuna.com.br\/?p=31824#article\",\"isPartOf\":{\"@id\":\"http:\/\/revistavitrineibiuna.com.br\/?p=31824#webpage\"},\"author\":{\"@id\":\"https:\/\/revistavitrineibiuna.com.br\/#\/schema\/person\/e51ef49d6d88170ea21ceabff3f73deb\"},\"headline\":\"IBI\\u00daNA \\u2013 NOT\\u00cdCIAS FALSAS ATRAPALHAM INVESTIGA\\u00c7\\u00d5ES S0BRE MORTE DA KAREN\",\"datePublished\":\"2024-07-17T21:49:32+00:00\",\"dateModified\":\"2024-07-17T22:12:27+00:00\",\"mainEntityOfPage\":{\"@id\":\"http:\/\/revistavitrineibiuna.com.br\/?p=31824#webpage\"},\"commentCount\":0,\"publisher\":{\"@id\":\"https:\/\/revistavitrineibiuna.com.br\/#\/schema\/person\/e51ef49d6d88170ea21ceabff3f73deb\"},\"image\":{\"@id\":\"http:\/\/revistavitrineibiuna.com.br\/?p=31824#primaryimage\"},\"articleSection\":\"Not\\u00edcias\",\"inLanguage\":\"pt-BR\",\"potentialAction\":[{\"@type\":\"CommentAction\",\"name\":\"Comment\",\"target\":[\"http:\/\/revistavitrineibiuna.com.br\/?p=31824#respond\"]}]},{\"@type\":[\"Person\",\"Organization\"],\"@id\":\"https:\/\/revistavitrineibiuna.com.br\/#\/schema\/person\/e51ef49d6d88170ea21ceabff3f73deb\",\"name\":\"Carlos Rossini\",\"image\":{\"@type\":\"ImageObject\",\"@id\":\"https:\/\/revistavitrineibiuna.com.br\/#personlogo\",\"inLanguage\":\"pt-BR\",\"url\":\"http:\/\/1.gravatar.com\/avatar\/4f2d0f99fac1f85c7d643f21f5c8d900?s=96&d=mm&r=g\",\"caption\":\"Carlos Rossini\"},\"logo\":{\"@id\":\"https:\/\/revistavitrineibiuna.com.br\/#personlogo\"},\"description\":\"Carlos Rossini \\u00e9 jornalista, soci\\u00f3logo, escritor e professor universit\\u00e1rio, tendo sido professor de jornalismo por vinte anos. Trabalhou em ve\\u00edculos de comunica\\u00e7\\u00e3o nas fun\\u00e7\\u00f5es de rep\\u00f3rter, redator, editor, articulista e colaborador, como Folha de S. Paulo, O Estado de S. Paulo, Di\\u00e1rio Popular, entre outros. Ao transferir a revista vitrine, vers\\u00e3o imprensa, de S\\u00e3o Paulo para Ibi\\u00fana h\\u00e1 alguns anos, iniciou uma nova experi\\u00eancia profissional, dedicando-se ao jornalismo regional, depois de cumprir uma trajet\\u00f3ria bem-sucedida na grande imprensa brasileira. Seu primeiro livro A Coragem de Comunicar foi lan\\u00e7ado na Bienal do Livro em S\\u00e3o Paulo no ano 2000, pela editora Madras.\"}]}<\/script>\n<!-- \/ Yoast SEO plugin. -->","_links":{"self":[{"href":"http:\/\/revistavitrineibiuna.com.br\/index.php?rest_route=\/wp\/v2\/posts\/31824"}],"collection":[{"href":"http:\/\/revistavitrineibiuna.com.br\/index.php?rest_route=\/wp\/v2\/posts"}],"about":[{"href":"http:\/\/revistavitrineibiuna.com.br\/index.php?rest_route=\/wp\/v2\/types\/post"}],"author":[{"embeddable":true,"href":"http:\/\/revistavitrineibiuna.com.br\/index.php?rest_route=\/wp\/v2\/users\/1"}],"replies":[{"embeddable":true,"href":"http:\/\/revistavitrineibiuna.com.br\/index.php?rest_route=%2Fwp%2Fv2%2Fcomments&post=31824"}],"version-history":[{"count":6,"href":"http:\/\/revistavitrineibiuna.com.br\/index.php?rest_route=\/wp\/v2\/posts\/31824\/revisions"}],"predecessor-version":[{"id":31832,"href":"http:\/\/revistavitrineibiuna.com.br\/index.php?rest_route=\/wp\/v2\/posts\/31824\/revisions\/31832"}],"wp:featuredmedia":[{"embeddable":true,"href":"http:\/\/revistavitrineibiuna.com.br\/index.php?rest_route=\/wp\/v2\/media\/31825"}],"wp:attachment":[{"href":"http:\/\/revistavitrineibiuna.com.br\/index.php?rest_route=%2Fwp%2Fv2%2Fmedia&parent=31824"}],"wp:term":[{"taxonomy":"category","embeddable":true,"href":"http:\/\/revistavitrineibiuna.com.br\/index.php?rest_route=%2Fwp%2Fv2%2Fcategories&post=31824"},{"taxonomy":"post_tag","embeddable":true,"href":"http:\/\/revistavitrineibiuna.com.br\/index.php?rest_route=%2Fwp%2Fv2%2Ftags&post=31824"}],"curies":[{"name":"wp","href":"https:\/\/api.w.org\/{rel}","templated":true}]}}