{"id":31833,"date":"2024-07-19T12:58:25","date_gmt":"2024-07-19T15:58:25","guid":{"rendered":"http:\/\/revistavitrineibiuna.com.br\/?p=31833"},"modified":"2024-07-19T12:58:26","modified_gmt":"2024-07-19T15:58:26","slug":"a-triste-realidade-de-criancas-e-adolescentes-em-ibiuna","status":"publish","type":"post","link":"http:\/\/revistavitrineibiuna.com.br\/?p=31833","title":{"rendered":"A TRISTE REALIDADE DE CRIAN\u00c7AS E ADOLESCENTES EM IBI\u00daNA"},"content":{"rendered":"\n<p class=\"has-drop-cap\"><strong>Ainda sob o dolorido choque provocado pela brutal morte da Karen em rela\u00e7\u00e3o \u00e0 qual a sociedade clama por justi\u00e7a, os dados sobre viol\u00eancia contra crian\u00e7as e adolescentes no munic\u00edpio de Ibi\u00fana s\u00e3o preocupantes.<\/strong><\/p>\n\n\n\n<p><strong>Em 2022, vitrine online publicou not\u00edcia em que um integrante do Conselho Tutelar fez a revela\u00e7\u00e3o de uma realidade cruel e impiedosa.<\/strong><\/p>\n\n\n\n<p><strong>Segundo ele, o munic\u00edpio de Ibi\u00fana ficou em terceiro lugar na viola\u00e7\u00e3o de direitos sexuais das crian\u00e7as e adolescentes em toda a Regiao Metropolitana de Sorocaba composta por 48 munic\u00edpios, considerando a incid\u00eancia de casos em rela\u00e7\u00e3o ao n\u00famero de habitantes.<\/strong><\/p>\n\n\n\n<p><strong>Um relat\u00f3rio do Conselho Tutelar relativo ao ano de 2021 constatou a ocorr\u00eancia de 35 casos de estupros de crian\u00e7as e adolescentes em Ibi\u00fana. Nessa ocasi\u00e3o, um conselheiro disse acreditar que na verdade o n\u00famero real tenha sido o dobro no munic\u00edpio. Ele esclareceu:<\/strong><\/p>\n\n\n\n<p><strong>\u201cIsso porque existem casos \u2018ocultos\u2019, em sil\u00eancio, sem den\u00fancia, talvez por medo, coa\u00e7\u00e3o e amea\u00e7as \u00e0s v\u00edtimas.\u201d<\/strong><\/p>\n\n\n\n<p><strong>Dados da Secretaria da Seguran\u00e7a P\u00fablica do Estado de S\u00e3o Paulo apontou que de 2017 a 2021 foram anotados oficialmente 155 casos de estupros de vulner\u00e1veis no munic\u00edpio.<\/strong><\/p>\n\n\n\n<p><strong>Ao participar de uma reuni\u00e3o esta semana do Conselho Municipal dos Direitos da Mulher, o jornalista Carlos Rossini, editor de vitrine online e diretor da TVNA, na condi\u00e7\u00e3o de soci\u00f3logo, qualificou esses eventos como claros sinais de psicopatologias sociais graves vitimando exatamente pessoas vulner\u00e1veis, como crian\u00e7as e adolescentes, principalmente.<\/strong><\/p>\n\n\n\n<p><strong>Lembrou que no dia 8 de dezembro de 2023, um desses portadores de doen\u00e7a mental, que vinha fazendo tratamento no CAPs at\u00e9 2016, em plena luz do dia e em uma das duas principais vias p\u00fablicas do centro de Ibi\u00fana, desferiu um violento soco no rosto da Evelly uma menina de 11 anos que descia a cal\u00e7ada ao lado da m\u00e3e. A menina caiu devido \u00e0 viol\u00eancia do golpe. Mais tarde a GCM prenderia o criminoso e o levaria \u00e0 delegacia. Ele, no entanto, n\u00e3o ficou preso.<\/strong><\/p>\n\n\n\n<p><strong>Agora, ent\u00e3o, um outro caso chocante, que repercutiu at\u00e9 mesmo no exterior, envolvendo a Karen, uma adolescente de 13 anos, v\u00edtima de uma crueldade indescrit\u00edvel. A dor e a revolta se espalharam por toda a sociedade.<\/strong><\/p>\n\n\n\n<p><strong>Nesse ambiente, al\u00e9m da apura\u00e7\u00e3o dos fatos, da indispens\u00e1vel captura e pris\u00e3o dos criminosos, e se sabe que a Delegacia de Pol\u00edcia de Ibi\u00fana est\u00e1 trabalhando intensamente no caso, \u00e9 preciso que toda a sociedade se mobilize a fim de criar robustas defesas preventivas para evitar a ocorr\u00eancia de novos casos que, infelizmente, podem ocorrer quando menos se espera.<\/strong><\/p>\n\n\n\n<p><strong>Lamentavelmente, pessoas com graves problemas mentais fora do controle dos poderes p\u00fablicos e considerando a exist\u00eancia de muitas cl\u00ednicas particulares no munic\u00edpio, se movimentam pelas ruas da cidade e nas dezenas de bairros rurais, o que, pelos fatos apontados pedem novas iniciativas de pol\u00edticas p\u00fablicas mais eficazes.<\/strong><\/p>\n\n\n\n<p><strong>N\u00e3o menos importante \u00e9 a constata\u00e7\u00e3o de que muitas das viola\u00e7\u00f5es de crian\u00e7as e adolescentes ocorrem no interior do ambiente familiar e de pessoas pr\u00f3ximas das v\u00edtimas.<\/strong><\/p>\n\n\n\n<p><strong>Triste realidade!<\/strong><\/p>\n","protected":false},"excerpt":{"rendered":"<p>Ainda sob o dolorido choque provocado pela brutal morte da Karen em rela\u00e7\u00e3o \u00e0 qual a sociedade clama por justi\u00e7a,<\/p>\n","protected":false},"author":1,"featured_media":31834,"comment_status":"open","ping_status":"open","sticky":false,"template":"","format":"standard","meta":[],"categories":[3],"tags":[],"yoast_head":"<!-- This site is optimized with the Yoast SEO plugin v15.8 - https:\/\/yoast.com\/wordpress\/plugins\/seo\/ -->\n<title>A TRISTE REALIDADE DE CRIAN\u00c7AS E ADOLESCENTES EM IBI\u00daNA - Revista Vitrine Online<\/title>\n<meta name=\"robots\" content=\"index, follow, max-snippet:-1, max-image-preview:large, max-video-preview:-1\" \/>\n<link rel=\"canonical\" href=\"https:\/\/revistavitrineibiuna.com.br\/?p=31833\" \/>\n<meta property=\"og:locale\" content=\"pt_BR\" \/>\n<meta property=\"og:type\" content=\"article\" \/>\n<meta property=\"og:title\" content=\"A TRISTE REALIDADE DE CRIAN\u00c7AS E ADOLESCENTES EM IBI\u00daNA - Revista Vitrine Online\" \/>\n<meta property=\"og:description\" content=\"Ainda sob o dolorido choque provocado pela brutal morte da Karen em rela\u00e7\u00e3o \u00e0 qual a sociedade clama por justi\u00e7a,\" \/>\n<meta property=\"og:url\" content=\"https:\/\/revistavitrineibiuna.com.br\/?p=31833\" \/>\n<meta property=\"og:site_name\" content=\"Revista Vitrine Online\" \/>\n<meta property=\"article:published_time\" content=\"2024-07-19T15:58:25+00:00\" \/>\n<meta property=\"article:modified_time\" content=\"2024-07-19T15:58:26+00:00\" \/>\n<meta property=\"og:image\" content=\"http:\/\/revistavitrineibiuna.com.br\/wp-content\/uploads\/2024\/07\/pobres-criancas-de-Ibiuna.png\" \/>\n\t<meta property=\"og:image:width\" content=\"865\" \/>\n\t<meta property=\"og:image:height\" content=\"548\" \/>\n<meta name=\"twitter:card\" content=\"summary\" \/>\n<meta name=\"twitter:label1\" content=\"Est. reading time\">\n\t<meta name=\"twitter:data1\" content=\"3 minutos\">\n<script type=\"application\/ld+json\" class=\"yoast-schema-graph\">{\"@context\":\"https:\/\/schema.org\",\"@graph\":[{\"@type\":\"WebSite\",\"@id\":\"https:\/\/revistavitrineibiuna.com.br\/#website\",\"url\":\"https:\/\/revistavitrineibiuna.com.br\/\",\"name\":\"Revista Vitrine Ibi\\u00fana\",\"description\":\"A Revista de Ibi\\u00fana e Regi\\u00e3o\",\"publisher\":{\"@id\":\"https:\/\/revistavitrineibiuna.com.br\/#\/schema\/person\/e51ef49d6d88170ea21ceabff3f73deb\"},\"potentialAction\":[{\"@type\":\"SearchAction\",\"target\":\"https:\/\/revistavitrineibiuna.com.br\/?s={search_term_string}\",\"query-input\":\"required name=search_term_string\"}],\"inLanguage\":\"pt-BR\"},{\"@type\":\"ImageObject\",\"@id\":\"https:\/\/revistavitrineibiuna.com.br\/?p=31833#primaryimage\",\"inLanguage\":\"pt-BR\",\"url\":\"http:\/\/revistavitrineibiuna.com.br\/wp-content\/uploads\/2024\/07\/pobres-criancas-de-Ibiuna.png\",\"width\":865,\"height\":548},{\"@type\":\"WebPage\",\"@id\":\"https:\/\/revistavitrineibiuna.com.br\/?p=31833#webpage\",\"url\":\"https:\/\/revistavitrineibiuna.com.br\/?p=31833\",\"name\":\"A TRISTE REALIDADE DE CRIAN\\u00c7AS E ADOLESCENTES EM IBI\\u00daNA - Revista Vitrine Online\",\"isPartOf\":{\"@id\":\"https:\/\/revistavitrineibiuna.com.br\/#website\"},\"primaryImageOfPage\":{\"@id\":\"https:\/\/revistavitrineibiuna.com.br\/?p=31833#primaryimage\"},\"datePublished\":\"2024-07-19T15:58:25+00:00\",\"dateModified\":\"2024-07-19T15:58:26+00:00\",\"breadcrumb\":{\"@id\":\"https:\/\/revistavitrineibiuna.com.br\/?p=31833#breadcrumb\"},\"inLanguage\":\"pt-BR\",\"potentialAction\":[{\"@type\":\"ReadAction\",\"target\":[\"https:\/\/revistavitrineibiuna.com.br\/?p=31833\"]}]},{\"@type\":\"BreadcrumbList\",\"@id\":\"https:\/\/revistavitrineibiuna.com.br\/?p=31833#breadcrumb\",\"itemListElement\":[{\"@type\":\"ListItem\",\"position\":1,\"item\":{\"@type\":\"WebPage\",\"@id\":\"https:\/\/revistavitrineibiuna.com.br\/\",\"url\":\"https:\/\/revistavitrineibiuna.com.br\/\",\"name\":\"In\\u00edcio\"}},{\"@type\":\"ListItem\",\"position\":2,\"item\":{\"@type\":\"WebPage\",\"@id\":\"https:\/\/revistavitrineibiuna.com.br\/?p=31833\",\"url\":\"https:\/\/revistavitrineibiuna.com.br\/?p=31833\",\"name\":\"A TRISTE REALIDADE DE CRIAN\\u00c7AS E ADOLESCENTES EM IBI\\u00daNA\"}}]},{\"@type\":\"Article\",\"@id\":\"https:\/\/revistavitrineibiuna.com.br\/?p=31833#article\",\"isPartOf\":{\"@id\":\"https:\/\/revistavitrineibiuna.com.br\/?p=31833#webpage\"},\"author\":{\"@id\":\"https:\/\/revistavitrineibiuna.com.br\/#\/schema\/person\/e51ef49d6d88170ea21ceabff3f73deb\"},\"headline\":\"A TRISTE REALIDADE DE CRIAN\\u00c7AS E ADOLESCENTES EM IBI\\u00daNA\",\"datePublished\":\"2024-07-19T15:58:25+00:00\",\"dateModified\":\"2024-07-19T15:58:26+00:00\",\"mainEntityOfPage\":{\"@id\":\"https:\/\/revistavitrineibiuna.com.br\/?p=31833#webpage\"},\"commentCount\":0,\"publisher\":{\"@id\":\"https:\/\/revistavitrineibiuna.com.br\/#\/schema\/person\/e51ef49d6d88170ea21ceabff3f73deb\"},\"image\":{\"@id\":\"https:\/\/revistavitrineibiuna.com.br\/?p=31833#primaryimage\"},\"articleSection\":\"Not\\u00edcias\",\"inLanguage\":\"pt-BR\",\"potentialAction\":[{\"@type\":\"CommentAction\",\"name\":\"Comment\",\"target\":[\"https:\/\/revistavitrineibiuna.com.br\/?p=31833#respond\"]}]},{\"@type\":[\"Person\",\"Organization\"],\"@id\":\"https:\/\/revistavitrineibiuna.com.br\/#\/schema\/person\/e51ef49d6d88170ea21ceabff3f73deb\",\"name\":\"Carlos Rossini\",\"image\":{\"@type\":\"ImageObject\",\"@id\":\"https:\/\/revistavitrineibiuna.com.br\/#personlogo\",\"inLanguage\":\"pt-BR\",\"url\":\"http:\/\/1.gravatar.com\/avatar\/4f2d0f99fac1f85c7d643f21f5c8d900?s=96&d=mm&r=g\",\"caption\":\"Carlos Rossini\"},\"logo\":{\"@id\":\"https:\/\/revistavitrineibiuna.com.br\/#personlogo\"},\"description\":\"Carlos Rossini \\u00e9 jornalista, soci\\u00f3logo, escritor e professor universit\\u00e1rio, tendo sido professor de jornalismo por vinte anos. Trabalhou em ve\\u00edculos de comunica\\u00e7\\u00e3o nas fun\\u00e7\\u00f5es de rep\\u00f3rter, redator, editor, articulista e colaborador, como Folha de S. Paulo, O Estado de S. Paulo, Di\\u00e1rio Popular, entre outros. Ao transferir a revista vitrine, vers\\u00e3o imprensa, de S\\u00e3o Paulo para Ibi\\u00fana h\\u00e1 alguns anos, iniciou uma nova experi\\u00eancia profissional, dedicando-se ao jornalismo regional, depois de cumprir uma trajet\\u00f3ria bem-sucedida na grande imprensa brasileira. Seu primeiro livro A Coragem de Comunicar foi lan\\u00e7ado na Bienal do Livro em S\\u00e3o Paulo no ano 2000, pela editora Madras.\"}]}<\/script>\n<!-- \/ Yoast SEO plugin. -->","_links":{"self":[{"href":"http:\/\/revistavitrineibiuna.com.br\/index.php?rest_route=\/wp\/v2\/posts\/31833"}],"collection":[{"href":"http:\/\/revistavitrineibiuna.com.br\/index.php?rest_route=\/wp\/v2\/posts"}],"about":[{"href":"http:\/\/revistavitrineibiuna.com.br\/index.php?rest_route=\/wp\/v2\/types\/post"}],"author":[{"embeddable":true,"href":"http:\/\/revistavitrineibiuna.com.br\/index.php?rest_route=\/wp\/v2\/users\/1"}],"replies":[{"embeddable":true,"href":"http:\/\/revistavitrineibiuna.com.br\/index.php?rest_route=%2Fwp%2Fv2%2Fcomments&post=31833"}],"version-history":[{"count":1,"href":"http:\/\/revistavitrineibiuna.com.br\/index.php?rest_route=\/wp\/v2\/posts\/31833\/revisions"}],"predecessor-version":[{"id":31835,"href":"http:\/\/revistavitrineibiuna.com.br\/index.php?rest_route=\/wp\/v2\/posts\/31833\/revisions\/31835"}],"wp:featuredmedia":[{"embeddable":true,"href":"http:\/\/revistavitrineibiuna.com.br\/index.php?rest_route=\/wp\/v2\/media\/31834"}],"wp:attachment":[{"href":"http:\/\/revistavitrineibiuna.com.br\/index.php?rest_route=%2Fwp%2Fv2%2Fmedia&parent=31833"}],"wp:term":[{"taxonomy":"category","embeddable":true,"href":"http:\/\/revistavitrineibiuna.com.br\/index.php?rest_route=%2Fwp%2Fv2%2Fcategories&post=31833"},{"taxonomy":"post_tag","embeddable":true,"href":"http:\/\/revistavitrineibiuna.com.br\/index.php?rest_route=%2Fwp%2Fv2%2Ftags&post=31833"}],"curies":[{"name":"wp","href":"https:\/\/api.w.org\/{rel}","templated":true}]}}