{"id":31844,"date":"2024-07-26T10:05:32","date_gmt":"2024-07-26T13:05:32","guid":{"rendered":"http:\/\/revistavitrineibiuna.com.br\/?p=31844"},"modified":"2024-07-26T10:05:33","modified_gmt":"2024-07-26T13:05:33","slug":"ibiuna-furto-em-instalacao-da-sabesp-pode-afetar-abastecimento","status":"publish","type":"post","link":"http:\/\/revistavitrineibiuna.com.br\/?p=31844","title":{"rendered":"IBI\u00daNA &#8211; FURTO EM INSTALA\u00c7\u00c3O DA SABESP PODE AFETAR ABASTECIMENTO"},"content":{"rendered":"\n<p class=\"has-drop-cap\"><strong>A Sabesp divulgou comunicado nesta sexta-feira (26) informando que devido a furto ocorrido em sua instala\u00e7\u00e3o que provocou danos nos pain\u00e9is de energiza\u00e7\u00e3o da capta\u00e7\u00e3o de \u00e1gua bruta no rio Sorocabu\u00e7u, o fornecimento de \u00e1gua pode ficar prejudicado no munic\u00edpio.<\/strong><\/p>\n\n\n\n<p><strong>A Sabesp informa ainda que \u201cequipes est\u00e3o trabalhando para solucionar a situa\u00e7\u00e3o e restaurar a energia o mais breve poss\u00edvel, para que o sistema volte a operar com abastecimento cont\u00ednuo\u201d.<\/strong><\/p>\n\n\n\n<p><strong>A normaliza\u00e7\u00e3o do fornecimento de \u00e1gua, segundo a empresa, deve ocorrer de forma gradual t\u00e3o logo o sistema volte a operar.<\/strong><\/p>\n\n\n\n<p><strong>Os casos de emerg\u00eancia ser\u00e3o atendidos pela Central de Atendimento ao Cliente, pelo telefone 0800 055 0195, que funciona 24 horas e a liga\u00e7\u00e3o \u00e9 gratuita. Os clientes tamb\u00e9m podem acessar a ag\u00eancia virtual no site www.sabesp.com.br<\/strong><\/p>\n","protected":false},"excerpt":{"rendered":"<p>A Sabesp divulgou comunicado nesta sexta-feira (26) informando que devido a furto ocorrido em sua instala\u00e7\u00e3o que provocou danos nos<\/p>\n","protected":false},"author":1,"featured_media":31845,"comment_status":"open","ping_status":"open","sticky":false,"template":"","format":"standard","meta":[],"categories":[3],"tags":[],"yoast_head":"<!-- This site is optimized with the Yoast SEO plugin v15.8 - https:\/\/yoast.com\/wordpress\/plugins\/seo\/ -->\n<title>IBI\u00daNA - FURTO EM INSTALA\u00c7\u00c3O DA SABESP PODE AFETAR ABASTECIMENTO - Revista Vitrine Online<\/title>\n<meta name=\"robots\" content=\"index, follow, max-snippet:-1, max-image-preview:large, max-video-preview:-1\" \/>\n<link rel=\"canonical\" href=\"https:\/\/revistavitrineibiuna.com.br\/?p=31844\" \/>\n<meta property=\"og:locale\" content=\"pt_BR\" \/>\n<meta property=\"og:type\" content=\"article\" \/>\n<meta property=\"og:title\" content=\"IBI\u00daNA - FURTO EM INSTALA\u00c7\u00c3O DA SABESP PODE AFETAR ABASTECIMENTO - Revista Vitrine Online\" \/>\n<meta property=\"og:description\" content=\"A Sabesp divulgou comunicado nesta sexta-feira (26) informando que devido a furto ocorrido em sua instala\u00e7\u00e3o que provocou danos nos\" \/>\n<meta property=\"og:url\" content=\"https:\/\/revistavitrineibiuna.com.br\/?p=31844\" \/>\n<meta property=\"og:site_name\" content=\"Revista Vitrine Online\" \/>\n<meta property=\"article:published_time\" content=\"2024-07-26T13:05:32+00:00\" \/>\n<meta property=\"article:modified_time\" content=\"2024-07-26T13:05:33+00:00\" \/>\n<meta property=\"og:image\" content=\"http:\/\/revistavitrineibiuna.com.br\/wp-content\/uploads\/2024\/07\/furto-na-sabesp-foto.png\" \/>\n\t<meta property=\"og:image:width\" content=\"717\" \/>\n\t<meta property=\"og:image:height\" content=\"452\" \/>\n<meta name=\"twitter:card\" content=\"summary\" \/>\n<meta name=\"twitter:label1\" content=\"Est. reading time\">\n\t<meta name=\"twitter:data1\" content=\"1 minuto\">\n<script type=\"application\/ld+json\" class=\"yoast-schema-graph\">{\"@context\":\"https:\/\/schema.org\",\"@graph\":[{\"@type\":\"WebSite\",\"@id\":\"https:\/\/revistavitrineibiuna.com.br\/#website\",\"url\":\"https:\/\/revistavitrineibiuna.com.br\/\",\"name\":\"Revista Vitrine Ibi\\u00fana\",\"description\":\"A Revista de Ibi\\u00fana e Regi\\u00e3o\",\"publisher\":{\"@id\":\"https:\/\/revistavitrineibiuna.com.br\/#\/schema\/person\/e51ef49d6d88170ea21ceabff3f73deb\"},\"potentialAction\":[{\"@type\":\"SearchAction\",\"target\":\"https:\/\/revistavitrineibiuna.com.br\/?s={search_term_string}\",\"query-input\":\"required name=search_term_string\"}],\"inLanguage\":\"pt-BR\"},{\"@type\":\"ImageObject\",\"@id\":\"https:\/\/revistavitrineibiuna.com.br\/?p=31844#primaryimage\",\"inLanguage\":\"pt-BR\",\"url\":\"http:\/\/revistavitrineibiuna.com.br\/wp-content\/uploads\/2024\/07\/furto-na-sabesp-foto.png\",\"width\":717,\"height\":452},{\"@type\":\"WebPage\",\"@id\":\"https:\/\/revistavitrineibiuna.com.br\/?p=31844#webpage\",\"url\":\"https:\/\/revistavitrineibiuna.com.br\/?p=31844\",\"name\":\"IBI\\u00daNA - FURTO EM INSTALA\\u00c7\\u00c3O DA SABESP PODE AFETAR ABASTECIMENTO - Revista Vitrine Online\",\"isPartOf\":{\"@id\":\"https:\/\/revistavitrineibiuna.com.br\/#website\"},\"primaryImageOfPage\":{\"@id\":\"https:\/\/revistavitrineibiuna.com.br\/?p=31844#primaryimage\"},\"datePublished\":\"2024-07-26T13:05:32+00:00\",\"dateModified\":\"2024-07-26T13:05:33+00:00\",\"breadcrumb\":{\"@id\":\"https:\/\/revistavitrineibiuna.com.br\/?p=31844#breadcrumb\"},\"inLanguage\":\"pt-BR\",\"potentialAction\":[{\"@type\":\"ReadAction\",\"target\":[\"https:\/\/revistavitrineibiuna.com.br\/?p=31844\"]}]},{\"@type\":\"BreadcrumbList\",\"@id\":\"https:\/\/revistavitrineibiuna.com.br\/?p=31844#breadcrumb\",\"itemListElement\":[{\"@type\":\"ListItem\",\"position\":1,\"item\":{\"@type\":\"WebPage\",\"@id\":\"https:\/\/revistavitrineibiuna.com.br\/\",\"url\":\"https:\/\/revistavitrineibiuna.com.br\/\",\"name\":\"In\\u00edcio\"}},{\"@type\":\"ListItem\",\"position\":2,\"item\":{\"@type\":\"WebPage\",\"@id\":\"https:\/\/revistavitrineibiuna.com.br\/?p=31844\",\"url\":\"https:\/\/revistavitrineibiuna.com.br\/?p=31844\",\"name\":\"IBI\\u00daNA &#8211; FURTO EM INSTALA\\u00c7\\u00c3O DA SABESP PODE AFETAR ABASTECIMENTO\"}}]},{\"@type\":\"Article\",\"@id\":\"https:\/\/revistavitrineibiuna.com.br\/?p=31844#article\",\"isPartOf\":{\"@id\":\"https:\/\/revistavitrineibiuna.com.br\/?p=31844#webpage\"},\"author\":{\"@id\":\"https:\/\/revistavitrineibiuna.com.br\/#\/schema\/person\/e51ef49d6d88170ea21ceabff3f73deb\"},\"headline\":\"IBI\\u00daNA &#8211; FURTO EM INSTALA\\u00c7\\u00c3O DA SABESP PODE AFETAR ABASTECIMENTO\",\"datePublished\":\"2024-07-26T13:05:32+00:00\",\"dateModified\":\"2024-07-26T13:05:33+00:00\",\"mainEntityOfPage\":{\"@id\":\"https:\/\/revistavitrineibiuna.com.br\/?p=31844#webpage\"},\"commentCount\":0,\"publisher\":{\"@id\":\"https:\/\/revistavitrineibiuna.com.br\/#\/schema\/person\/e51ef49d6d88170ea21ceabff3f73deb\"},\"image\":{\"@id\":\"https:\/\/revistavitrineibiuna.com.br\/?p=31844#primaryimage\"},\"articleSection\":\"Not\\u00edcias\",\"inLanguage\":\"pt-BR\",\"potentialAction\":[{\"@type\":\"CommentAction\",\"name\":\"Comment\",\"target\":[\"https:\/\/revistavitrineibiuna.com.br\/?p=31844#respond\"]}]},{\"@type\":[\"Person\",\"Organization\"],\"@id\":\"https:\/\/revistavitrineibiuna.com.br\/#\/schema\/person\/e51ef49d6d88170ea21ceabff3f73deb\",\"name\":\"Carlos Rossini\",\"image\":{\"@type\":\"ImageObject\",\"@id\":\"https:\/\/revistavitrineibiuna.com.br\/#personlogo\",\"inLanguage\":\"pt-BR\",\"url\":\"http:\/\/1.gravatar.com\/avatar\/4f2d0f99fac1f85c7d643f21f5c8d900?s=96&d=mm&r=g\",\"caption\":\"Carlos Rossini\"},\"logo\":{\"@id\":\"https:\/\/revistavitrineibiuna.com.br\/#personlogo\"},\"description\":\"Carlos Rossini \\u00e9 jornalista, soci\\u00f3logo, escritor e professor universit\\u00e1rio, tendo sido professor de jornalismo por vinte anos. Trabalhou em ve\\u00edculos de comunica\\u00e7\\u00e3o nas fun\\u00e7\\u00f5es de rep\\u00f3rter, redator, editor, articulista e colaborador, como Folha de S. Paulo, O Estado de S. Paulo, Di\\u00e1rio Popular, entre outros. Ao transferir a revista vitrine, vers\\u00e3o imprensa, de S\\u00e3o Paulo para Ibi\\u00fana h\\u00e1 alguns anos, iniciou uma nova experi\\u00eancia profissional, dedicando-se ao jornalismo regional, depois de cumprir uma trajet\\u00f3ria bem-sucedida na grande imprensa brasileira. Seu primeiro livro A Coragem de Comunicar foi lan\\u00e7ado na Bienal do Livro em S\\u00e3o Paulo no ano 2000, pela editora Madras.\"}]}<\/script>\n<!-- \/ Yoast SEO plugin. -->","_links":{"self":[{"href":"http:\/\/revistavitrineibiuna.com.br\/index.php?rest_route=\/wp\/v2\/posts\/31844"}],"collection":[{"href":"http:\/\/revistavitrineibiuna.com.br\/index.php?rest_route=\/wp\/v2\/posts"}],"about":[{"href":"http:\/\/revistavitrineibiuna.com.br\/index.php?rest_route=\/wp\/v2\/types\/post"}],"author":[{"embeddable":true,"href":"http:\/\/revistavitrineibiuna.com.br\/index.php?rest_route=\/wp\/v2\/users\/1"}],"replies":[{"embeddable":true,"href":"http:\/\/revistavitrineibiuna.com.br\/index.php?rest_route=%2Fwp%2Fv2%2Fcomments&post=31844"}],"version-history":[{"count":1,"href":"http:\/\/revistavitrineibiuna.com.br\/index.php?rest_route=\/wp\/v2\/posts\/31844\/revisions"}],"predecessor-version":[{"id":31846,"href":"http:\/\/revistavitrineibiuna.com.br\/index.php?rest_route=\/wp\/v2\/posts\/31844\/revisions\/31846"}],"wp:featuredmedia":[{"embeddable":true,"href":"http:\/\/revistavitrineibiuna.com.br\/index.php?rest_route=\/wp\/v2\/media\/31845"}],"wp:attachment":[{"href":"http:\/\/revistavitrineibiuna.com.br\/index.php?rest_route=%2Fwp%2Fv2%2Fmedia&parent=31844"}],"wp:term":[{"taxonomy":"category","embeddable":true,"href":"http:\/\/revistavitrineibiuna.com.br\/index.php?rest_route=%2Fwp%2Fv2%2Fcategories&post=31844"},{"taxonomy":"post_tag","embeddable":true,"href":"http:\/\/revistavitrineibiuna.com.br\/index.php?rest_route=%2Fwp%2Fv2%2Ftags&post=31844"}],"curies":[{"name":"wp","href":"https:\/\/api.w.org\/{rel}","templated":true}]}}