{"id":31848,"date":"2024-08-02T14:30:52","date_gmt":"2024-08-02T17:30:52","guid":{"rendered":"http:\/\/revistavitrineibiuna.com.br\/?p=31848"},"modified":"2024-08-02T14:38:53","modified_gmt":"2024-08-02T17:38:53","slug":"ibiuna-eleicoes-2024-buchichos-atuais-de-uma-politica-arcaica","status":"publish","type":"post","link":"http:\/\/revistavitrineibiuna.com.br\/?p=31848","title":{"rendered":"IBI\u00daNA ELEI\u00c7\u00d5ES 2024 \u2013 BUCHICHOS ATUAIS DE UMA POL\u00cdTICA ARCAICA"},"content":{"rendered":"\n<p class=\"has-drop-cap\"><strong><em>&nbsp;[Vitrine online, visando a contribuir com o processo eleitoral deste ano no munic\u00edpio de Ibi\u00fana, iniciou a publica\u00e7\u00e3o de uma s\u00e9rie de mat\u00e9rias em prol do voto popular livre e consciente. Voto consciente \u00e9 aquele que o eleitor decide por si mesmo.]<\/em><\/strong><\/p>\n\n\n\n<p><strong>Os buchichos entre os que acompanham mais de perto a movimenta\u00e7\u00e3o dos pol\u00edticos ibiunenses relacionados \u00e0s elei\u00e7\u00f5es para prefeito, vice e vereadores no dia 6 de outubro, apontam a nefasta for\u00e7a da tradi\u00e7\u00e3o pol\u00edtica conservadora no munic\u00edpio, marcada por alguns sintom\u00e1ticos h\u00e1bitos que incluem comportamentos sem escr\u00fapulos<\/strong>.<\/p>\n\n\n\n<p><strong>Uma sondagem preliminar, exibindo-se, por exemplo a fotografias dos cinco pr\u00e9-candidatos&nbsp; a prefeito, revela que uma larga parcela da popula\u00e7\u00e3o mais simples do munic\u00edpio desconhece quem s\u00e3o esses personagens que pretendem administrar um munic\u00edpio que se intitula est\u00e2ncia tur\u00edstica com uma extens\u00e3o territorial desafiadora.<\/strong><\/p>\n\n\n\n<p><strong>Ainda sem uma base cient\u00edfica, fundamentada em uma pesquisa criteriosa, \u00e9 poss\u00edvel ouvir frequentemente que s\u00e3o tr\u00eas os pr\u00e9-candidatos com mais chances eleitorais, e n\u00e3o estamos aqui nos referindo \u00e0s suas qualifica\u00e7\u00f5es para essa importante fun\u00e7\u00e3o numa cidade de muitas car\u00eancias.<\/strong><\/p>\n\n\n\n<p><strong>Uma das preocupa\u00e7\u00f5es observadas aponta para o que pode ser qualificada de uma fragilidade humana reconhecida pela psicologia social que estuda cientificamente os comportamentos humanos.<\/strong><\/p>\n\n\n\n<p><strong>Uma massa eleitoral formada por cerca de trinta mil pessoas dever\u00e1 decidir o pleito. Ela \u00e9 composta por cerca de 40% de eleitores que vivem nos bairros rurais e 60% na regi\u00e3o central da cidade. Quem e com que \u201cargumentos\u201d os futuros candidatos tentar\u00e3o seduzir a maioria desses eleitores, considerando que boa parte das decis\u00f5es humanas s\u00e3o desprovidas de consci\u00eancia e racionalidade.<\/strong><\/p>\n\n\n\n<p><strong>Alguns temores s\u00e3o observados. Um deles diz respeito ao poder financeiro de advers\u00e1rios, que podem criar situa\u00e7\u00f5es espetaculares ou convencer os indiv\u00edduos por meio de \u201cargumentos irresist\u00edveis\u201d, num cen\u00e1rio marcado por car\u00eancias econ\u00f4micas gritantes.<\/strong><\/p>\n\n\n\n<p><strong>Outro \u00e9 o \u201cmarketing pol\u00edtico\u201d cujo fundamento, mesmo que desconhecido por seus planejadores, diz respeito \u00e0 tend\u00eancia de conformidade das pessoas, tamb\u00e9m popularmente conhecida como \u201cMaria vai com as outras\u201d em atitudes eleitorais insensatas.<\/strong><\/p>\n\n\n\n<p><strong>Se n\u00e3o bastassem esses riscos consider\u00e1veis, existe ainda a ser considerada a \u201cteoria das janelas quebradas\u201d que se manifesta quando o ambiente cria um clima em que as pessoas n\u00e3o se importam realmente com o que pode acontecer, base de um desinteresse formid\u00e1vel em pol\u00edtica. Numa palavra: o voto, nesse caso, n\u00e3o passar\u00e1 de um mero ato inconsciente porque est\u00e1 sujeito a mil influ\u00eancias sociais diretas dos agentes pol\u00edticos e de suas m\u00e1quinas partid\u00e1rias.<\/strong><\/p>\n\n\n\n<p><strong>Essas palavras s\u00e3o dirigidas a todos aqueles e aquelas que ainda sentem perplexidade e indigna\u00e7\u00e3o com uma pol\u00edtica teimosa em manter a realidade congelada por d\u00e9cadas e sucessivos governantes que, depois de eleitos, repetem a mesma ladainha do antecessor, acusado de deixar uma \u201cheran\u00e7a maldita\u201d pelo novo mandat\u00e1rio. Rir dessa situa\u00e7\u00e3o tragic\u00f4mica parece mesmo ser o melhor rem\u00e9dio para manter a sanidade mental! (C.R.)<\/strong><\/p>\n","protected":false},"excerpt":{"rendered":"<p>&nbsp;[Vitrine online, visando a contribuir com o processo eleitoral deste ano no munic\u00edpio de Ibi\u00fana, iniciou a publica\u00e7\u00e3o de uma<\/p>\n","protected":false},"author":1,"featured_media":31780,"comment_status":"open","ping_status":"open","sticky":false,"template":"","format":"standard","meta":[],"categories":[1],"tags":[],"yoast_head":"<!-- This site is optimized with the Yoast SEO plugin v15.8 - https:\/\/yoast.com\/wordpress\/plugins\/seo\/ -->\n<title>IBI\u00daNA ELEI\u00c7\u00d5ES 2024 \u2013 BUCHICHOS ATUAIS DE UMA POL\u00cdTICA ARCAICA - Revista Vitrine Online<\/title>\n<meta name=\"robots\" content=\"index, follow, max-snippet:-1, max-image-preview:large, max-video-preview:-1\" \/>\n<link rel=\"canonical\" href=\"http:\/\/revistavitrineibiuna.com.br\/?p=31848\" \/>\n<meta property=\"og:locale\" content=\"pt_BR\" \/>\n<meta property=\"og:type\" content=\"article\" \/>\n<meta property=\"og:title\" content=\"IBI\u00daNA ELEI\u00c7\u00d5ES 2024 \u2013 BUCHICHOS ATUAIS DE UMA POL\u00cdTICA ARCAICA - Revista Vitrine Online\" \/>\n<meta property=\"og:description\" content=\"&nbsp;[Vitrine online, visando a contribuir com o processo eleitoral deste ano no munic\u00edpio de Ibi\u00fana, iniciou a publica\u00e7\u00e3o de uma\" \/>\n<meta property=\"og:url\" content=\"http:\/\/revistavitrineibiuna.com.br\/?p=31848\" \/>\n<meta property=\"og:site_name\" content=\"Revista Vitrine Online\" \/>\n<meta property=\"article:published_time\" content=\"2024-08-02T17:30:52+00:00\" \/>\n<meta property=\"article:modified_time\" content=\"2024-08-02T17:38:53+00:00\" \/>\n<meta property=\"og:image\" content=\"http:\/\/revistavitrineibiuna.com.br\/wp-content\/uploads\/2024\/06\/a-maldicao-do-padre-e-os-politicos-de-ibiuna-1024x596.png\" \/>\n\t<meta property=\"og:image:width\" content=\"1024\" \/>\n\t<meta property=\"og:image:height\" content=\"596\" \/>\n<meta name=\"twitter:card\" content=\"summary\" \/>\n<meta name=\"twitter:label1\" content=\"Est. reading time\">\n\t<meta name=\"twitter:data1\" content=\"3 minutos\">\n<script type=\"application\/ld+json\" class=\"yoast-schema-graph\">{\"@context\":\"https:\/\/schema.org\",\"@graph\":[{\"@type\":\"WebSite\",\"@id\":\"https:\/\/revistavitrineibiuna.com.br\/#website\",\"url\":\"https:\/\/revistavitrineibiuna.com.br\/\",\"name\":\"Revista Vitrine Ibi\\u00fana\",\"description\":\"A Revista de Ibi\\u00fana e Regi\\u00e3o\",\"publisher\":{\"@id\":\"https:\/\/revistavitrineibiuna.com.br\/#\/schema\/person\/e51ef49d6d88170ea21ceabff3f73deb\"},\"potentialAction\":[{\"@type\":\"SearchAction\",\"target\":\"https:\/\/revistavitrineibiuna.com.br\/?s={search_term_string}\",\"query-input\":\"required name=search_term_string\"}],\"inLanguage\":\"pt-BR\"},{\"@type\":\"ImageObject\",\"@id\":\"http:\/\/revistavitrineibiuna.com.br\/?p=31848#primaryimage\",\"inLanguage\":\"pt-BR\",\"url\":\"http:\/\/revistavitrineibiuna.com.br\/wp-content\/uploads\/2024\/06\/a-maldicao-do-padre-e-os-politicos-de-ibiuna.png\",\"width\":1595,\"height\":929},{\"@type\":\"WebPage\",\"@id\":\"http:\/\/revistavitrineibiuna.com.br\/?p=31848#webpage\",\"url\":\"http:\/\/revistavitrineibiuna.com.br\/?p=31848\",\"name\":\"IBI\\u00daNA ELEI\\u00c7\\u00d5ES 2024 \\u2013 BUCHICHOS ATUAIS DE UMA POL\\u00cdTICA ARCAICA - Revista Vitrine Online\",\"isPartOf\":{\"@id\":\"https:\/\/revistavitrineibiuna.com.br\/#website\"},\"primaryImageOfPage\":{\"@id\":\"http:\/\/revistavitrineibiuna.com.br\/?p=31848#primaryimage\"},\"datePublished\":\"2024-08-02T17:30:52+00:00\",\"dateModified\":\"2024-08-02T17:38:53+00:00\",\"breadcrumb\":{\"@id\":\"http:\/\/revistavitrineibiuna.com.br\/?p=31848#breadcrumb\"},\"inLanguage\":\"pt-BR\",\"potentialAction\":[{\"@type\":\"ReadAction\",\"target\":[\"http:\/\/revistavitrineibiuna.com.br\/?p=31848\"]}]},{\"@type\":\"BreadcrumbList\",\"@id\":\"http:\/\/revistavitrineibiuna.com.br\/?p=31848#breadcrumb\",\"itemListElement\":[{\"@type\":\"ListItem\",\"position\":1,\"item\":{\"@type\":\"WebPage\",\"@id\":\"https:\/\/revistavitrineibiuna.com.br\/\",\"url\":\"https:\/\/revistavitrineibiuna.com.br\/\",\"name\":\"In\\u00edcio\"}},{\"@type\":\"ListItem\",\"position\":2,\"item\":{\"@type\":\"WebPage\",\"@id\":\"http:\/\/revistavitrineibiuna.com.br\/?p=31848\",\"url\":\"http:\/\/revistavitrineibiuna.com.br\/?p=31848\",\"name\":\"IBI\\u00daNA ELEI\\u00c7\\u00d5ES 2024 \\u2013 BUCHICHOS ATUAIS DE UMA POL\\u00cdTICA ARCAICA\"}}]},{\"@type\":\"Article\",\"@id\":\"http:\/\/revistavitrineibiuna.com.br\/?p=31848#article\",\"isPartOf\":{\"@id\":\"http:\/\/revistavitrineibiuna.com.br\/?p=31848#webpage\"},\"author\":{\"@id\":\"https:\/\/revistavitrineibiuna.com.br\/#\/schema\/person\/e51ef49d6d88170ea21ceabff3f73deb\"},\"headline\":\"IBI\\u00daNA ELEI\\u00c7\\u00d5ES 2024 \\u2013 BUCHICHOS ATUAIS DE UMA POL\\u00cdTICA ARCAICA\",\"datePublished\":\"2024-08-02T17:30:52+00:00\",\"dateModified\":\"2024-08-02T17:38:53+00:00\",\"mainEntityOfPage\":{\"@id\":\"http:\/\/revistavitrineibiuna.com.br\/?p=31848#webpage\"},\"commentCount\":0,\"publisher\":{\"@id\":\"https:\/\/revistavitrineibiuna.com.br\/#\/schema\/person\/e51ef49d6d88170ea21ceabff3f73deb\"},\"image\":{\"@id\":\"http:\/\/revistavitrineibiuna.com.br\/?p=31848#primaryimage\"},\"articleSection\":\"Uncategorized\",\"inLanguage\":\"pt-BR\",\"potentialAction\":[{\"@type\":\"CommentAction\",\"name\":\"Comment\",\"target\":[\"http:\/\/revistavitrineibiuna.com.br\/?p=31848#respond\"]}]},{\"@type\":[\"Person\",\"Organization\"],\"@id\":\"https:\/\/revistavitrineibiuna.com.br\/#\/schema\/person\/e51ef49d6d88170ea21ceabff3f73deb\",\"name\":\"Carlos Rossini\",\"image\":{\"@type\":\"ImageObject\",\"@id\":\"https:\/\/revistavitrineibiuna.com.br\/#personlogo\",\"inLanguage\":\"pt-BR\",\"url\":\"http:\/\/1.gravatar.com\/avatar\/4f2d0f99fac1f85c7d643f21f5c8d900?s=96&d=mm&r=g\",\"caption\":\"Carlos Rossini\"},\"logo\":{\"@id\":\"https:\/\/revistavitrineibiuna.com.br\/#personlogo\"},\"description\":\"Carlos Rossini \\u00e9 jornalista, soci\\u00f3logo, escritor e professor universit\\u00e1rio, tendo sido professor de jornalismo por vinte anos. Trabalhou em ve\\u00edculos de comunica\\u00e7\\u00e3o nas fun\\u00e7\\u00f5es de rep\\u00f3rter, redator, editor, articulista e colaborador, como Folha de S. Paulo, O Estado de S. Paulo, Di\\u00e1rio Popular, entre outros. Ao transferir a revista vitrine, vers\\u00e3o imprensa, de S\\u00e3o Paulo para Ibi\\u00fana h\\u00e1 alguns anos, iniciou uma nova experi\\u00eancia profissional, dedicando-se ao jornalismo regional, depois de cumprir uma trajet\\u00f3ria bem-sucedida na grande imprensa brasileira. Seu primeiro livro A Coragem de Comunicar foi lan\\u00e7ado na Bienal do Livro em S\\u00e3o Paulo no ano 2000, pela editora Madras.\"}]}<\/script>\n<!-- \/ Yoast SEO plugin. -->","_links":{"self":[{"href":"http:\/\/revistavitrineibiuna.com.br\/index.php?rest_route=\/wp\/v2\/posts\/31848"}],"collection":[{"href":"http:\/\/revistavitrineibiuna.com.br\/index.php?rest_route=\/wp\/v2\/posts"}],"about":[{"href":"http:\/\/revistavitrineibiuna.com.br\/index.php?rest_route=\/wp\/v2\/types\/post"}],"author":[{"embeddable":true,"href":"http:\/\/revistavitrineibiuna.com.br\/index.php?rest_route=\/wp\/v2\/users\/1"}],"replies":[{"embeddable":true,"href":"http:\/\/revistavitrineibiuna.com.br\/index.php?rest_route=%2Fwp%2Fv2%2Fcomments&post=31848"}],"version-history":[{"count":3,"href":"http:\/\/revistavitrineibiuna.com.br\/index.php?rest_route=\/wp\/v2\/posts\/31848\/revisions"}],"predecessor-version":[{"id":31853,"href":"http:\/\/revistavitrineibiuna.com.br\/index.php?rest_route=\/wp\/v2\/posts\/31848\/revisions\/31853"}],"wp:featuredmedia":[{"embeddable":true,"href":"http:\/\/revistavitrineibiuna.com.br\/index.php?rest_route=\/wp\/v2\/media\/31780"}],"wp:attachment":[{"href":"http:\/\/revistavitrineibiuna.com.br\/index.php?rest_route=%2Fwp%2Fv2%2Fmedia&parent=31848"}],"wp:term":[{"taxonomy":"category","embeddable":true,"href":"http:\/\/revistavitrineibiuna.com.br\/index.php?rest_route=%2Fwp%2Fv2%2Fcategories&post=31848"},{"taxonomy":"post_tag","embeddable":true,"href":"http:\/\/revistavitrineibiuna.com.br\/index.php?rest_route=%2Fwp%2Fv2%2Ftags&post=31848"}],"curies":[{"name":"wp","href":"https:\/\/api.w.org\/{rel}","templated":true}]}}