{"id":31858,"date":"2024-08-04T18:24:22","date_gmt":"2024-08-04T21:24:22","guid":{"rendered":"http:\/\/revistavitrineibiuna.com.br\/?p=31858"},"modified":"2024-08-04T18:26:15","modified_gmt":"2024-08-04T21:26:15","slug":"ibiuna-convencoes-partidarias-definem-nomes-dos-pre-candidatos","status":"publish","type":"post","link":"http:\/\/revistavitrineibiuna.com.br\/?p=31858","title":{"rendered":"IBI\u00daNA \u2013 CONVEN\u00c7\u00d5ES PARTID\u00c1RIAS DEFINEM NOMES DOS PR\u00c9-CANDIDATOS"},"content":{"rendered":"\n<p class=\"has-drop-cap\"><strong>Conclu\u00eddas as conven\u00e7\u00f5es partid\u00e1rias relativas \u00e0s elei\u00e7\u00f5es de 6 de outubro est\u00e3o definidos os cinco pr\u00e9-candidatos a prefeito, vice e vereadores das agremia\u00e7\u00f5es partid\u00e1rias no munic\u00edpio de Ibi\u00fana.<\/strong><\/p>\n\n\n\n<p><strong>Gostaria de compartilhar com os leitores um fato que chamou a aten\u00e7\u00e3o pelo volume de pessoas que se concentraram no Centro Cultural e Esportivo de Ibi\u00fana, que possui o maior sal\u00e3o de eventos da cidade.<\/strong><\/p>\n\n\n\n<p><strong>Preparado com o objetivo not\u00e1vel para ser um evento apote\u00f3tico, e por isso mesmo o mais caro de todos, incluindo um intensivo n\u00famero de chamadas nas redes sociais, a conven\u00e7\u00e3o do dia 1\u00ba de agosto, dos partidos que ap\u00f3iam a candidatura do atual prefeito pela reelei\u00e7\u00e3o tamb\u00e9m foi alvo de coment\u00e1rios \u00e1cidos por parte de cidad\u00e3os divergentes dessa pr\u00e9-candidatura.<\/strong><\/p>\n\n\n\n<p><strong>Segundo essas cr\u00edticas rebatidas por alguns dos presentes e apologistas da atual administra\u00e7\u00e3o, teria havido uma forte e \u201cincisiva\u201d influ\u00eancia sobre comissionados e servidores, a fim de que comparecessem na reuni\u00e3o que, de fato, lotou todo o espa\u00e7o do sal\u00e3o.<\/strong><\/p>\n\n\n\n<p><strong>A cobertura de imagens com sobrevoos sobre a plateia em movimentos fren\u00e9ticos de c\u00e2meras e celulares ter\u00e1 visado exatamente causar forte emo\u00e7\u00e3o e \u201ccontagiar\u201d popula\u00e7\u00e3o do munic\u00edpio.<\/strong><\/p>\n\n\n\n<p><strong>Quem observou o conjunto das veicula\u00e7\u00f5es teve a sensa\u00e7\u00e3o de que quem estava presente entrou num clima de euforia n\u00e3o economizando aplausos ou utilizando a luz de seus celulares como se faz nos est\u00e1dios de futebol ou grandes eventos art\u00edsticos.<\/strong><\/p>\n\n\n\n<p><strong>\u00c9 prov\u00e1vel que tanto o atual prefeito quanto seus auxiliares e os envolvidos diretamente da campanha se sentiram protagonistas de um grande sucesso.<\/strong><\/p>\n\n\n\n<p><strong>Houve no mesmo local outra conven\u00e7\u00e3o igualmente atraiu grande p\u00fablico e tamb\u00e9m revelou um clima de triunfo e confian\u00e7a entre seus aliados e seguidores. Os demais tiveram uma propor\u00e7\u00e3o dentro do que se verifica na tradi\u00e7\u00e3o pol\u00edtica local.<\/strong><\/p>\n\n\n\n<p><strong>Uma quest\u00e3o, no entanto, se imp\u00f5e: um evento dessa grandeza \u00e9 capaz de definir o resultado de uma elei\u00e7\u00e3o? Digamos que houvesse ali mil ou pouco mais de pessoas com algum tipo de rela\u00e7\u00e3o com a Prefeitura, incluindo parentes de dezenas de candidatos a vereador.<\/strong><\/p>\n\n\n\n<p><strong>Qual ser\u00e1 o impacto real sobre o resultado da elei\u00e7\u00e3o, que dever\u00e1 ser decidida por cerca de 30 a 35 mil eleitores, dos cerca de 60 aptos a votar no munic\u00edpio?<\/strong><\/p>\n\n\n\n<p><strong>Nesse caso, o que t\u00eam dito as pesquisas que est\u00e3o sendo encomendadas e cujos resultados jamais chegam ao conhecimento da popula\u00e7\u00e3o? &nbsp;<\/strong><\/p>\n\n\n\n<p><strong>\u00c9 certo que as conven\u00e7\u00f5es partid\u00e1rias s\u00e3o fundamentais, assim como os encontros pr\u00e9vios que s\u00e3o promovidos pelos partidos, porque se trata, afinal, de um trabalho de unir for\u00e7as, confian\u00e7a e esperan\u00e7a de obter o SIM da maioria dos eleitores.<\/strong><\/p>\n\n\n\n<p><strong>De qualquer forma, fica patente o objetivo de demonstrar poder e criar um clima prop\u00edcio para a vit\u00f3ria que, no entanto, somente ser\u00e1 conhecida depois que as urnas forem fechadas e os votos contabilizados. Trata-se de um fato que est\u00e1 no futuro e n\u00f3s somente vivemos no presente.<\/strong><\/p>\n\n\n\n<p><strong>A torcida \u00e9 que a popula\u00e7\u00e3o ibiunense desperte e se lembre como tem sido a vida na cidade e, sobretudo, o quanto \u00e9 preciso haver de melhorias substantivas que ao longo de d\u00e9cadas t\u00eam sido mais um sonho, com alguns pesadelos.<\/strong><\/p>\n","protected":false},"excerpt":{"rendered":"<p>Conclu\u00eddas as conven\u00e7\u00f5es partid\u00e1rias relativas \u00e0s elei\u00e7\u00f5es de 6 de outubro est\u00e3o definidos os cinco pr\u00e9-candidatos a prefeito, vice e<\/p>\n","protected":false},"author":1,"featured_media":31859,"comment_status":"open","ping_status":"open","sticky":false,"template":"","format":"standard","meta":[],"categories":[1],"tags":[],"yoast_head":"<!-- This site is optimized with the Yoast SEO plugin v15.8 - https:\/\/yoast.com\/wordpress\/plugins\/seo\/ -->\n<title>IBI\u00daNA \u2013 CONVEN\u00c7\u00d5ES PARTID\u00c1RIAS DEFINEM NOMES DOS PR\u00c9-CANDIDATOS - Revista Vitrine Online<\/title>\n<meta name=\"robots\" content=\"index, follow, max-snippet:-1, max-image-preview:large, max-video-preview:-1\" \/>\n<link rel=\"canonical\" href=\"http:\/\/revistavitrineibiuna.com.br\/?p=31858\" \/>\n<meta property=\"og:locale\" content=\"pt_BR\" \/>\n<meta property=\"og:type\" content=\"article\" \/>\n<meta property=\"og:title\" content=\"IBI\u00daNA \u2013 CONVEN\u00c7\u00d5ES PARTID\u00c1RIAS DEFINEM NOMES DOS PR\u00c9-CANDIDATOS - Revista Vitrine Online\" \/>\n<meta property=\"og:description\" content=\"Conclu\u00eddas as conven\u00e7\u00f5es partid\u00e1rias relativas \u00e0s elei\u00e7\u00f5es de 6 de outubro est\u00e3o definidos os cinco pr\u00e9-candidatos a prefeito, vice e\" \/>\n<meta property=\"og:url\" content=\"http:\/\/revistavitrineibiuna.com.br\/?p=31858\" \/>\n<meta property=\"og:site_name\" content=\"Revista Vitrine Online\" \/>\n<meta property=\"article:published_time\" content=\"2024-08-04T21:24:22+00:00\" \/>\n<meta property=\"article:modified_time\" content=\"2024-08-04T21:26:15+00:00\" \/>\n<meta property=\"og:image\" content=\"http:\/\/revistavitrineibiuna.com.br\/wp-content\/uploads\/2024\/08\/foto-da-convencao-1.png\" \/>\n\t<meta property=\"og:image:width\" content=\"718\" \/>\n\t<meta property=\"og:image:height\" content=\"500\" \/>\n<meta name=\"twitter:card\" content=\"summary\" \/>\n<meta name=\"twitter:label1\" content=\"Est. reading time\">\n\t<meta name=\"twitter:data1\" content=\"3 minutos\">\n<script type=\"application\/ld+json\" class=\"yoast-schema-graph\">{\"@context\":\"https:\/\/schema.org\",\"@graph\":[{\"@type\":\"WebSite\",\"@id\":\"https:\/\/revistavitrineibiuna.com.br\/#website\",\"url\":\"https:\/\/revistavitrineibiuna.com.br\/\",\"name\":\"Revista Vitrine Ibi\\u00fana\",\"description\":\"A Revista de Ibi\\u00fana e Regi\\u00e3o\",\"publisher\":{\"@id\":\"https:\/\/revistavitrineibiuna.com.br\/#\/schema\/person\/e51ef49d6d88170ea21ceabff3f73deb\"},\"potentialAction\":[{\"@type\":\"SearchAction\",\"target\":\"https:\/\/revistavitrineibiuna.com.br\/?s={search_term_string}\",\"query-input\":\"required name=search_term_string\"}],\"inLanguage\":\"pt-BR\"},{\"@type\":\"ImageObject\",\"@id\":\"http:\/\/revistavitrineibiuna.com.br\/?p=31858#primaryimage\",\"inLanguage\":\"pt-BR\",\"url\":\"http:\/\/revistavitrineibiuna.com.br\/wp-content\/uploads\/2024\/08\/foto-da-convencao-1.png\",\"width\":718,\"height\":500},{\"@type\":\"WebPage\",\"@id\":\"http:\/\/revistavitrineibiuna.com.br\/?p=31858#webpage\",\"url\":\"http:\/\/revistavitrineibiuna.com.br\/?p=31858\",\"name\":\"IBI\\u00daNA \\u2013 CONVEN\\u00c7\\u00d5ES PARTID\\u00c1RIAS DEFINEM NOMES DOS PR\\u00c9-CANDIDATOS - Revista Vitrine Online\",\"isPartOf\":{\"@id\":\"https:\/\/revistavitrineibiuna.com.br\/#website\"},\"primaryImageOfPage\":{\"@id\":\"http:\/\/revistavitrineibiuna.com.br\/?p=31858#primaryimage\"},\"datePublished\":\"2024-08-04T21:24:22+00:00\",\"dateModified\":\"2024-08-04T21:26:15+00:00\",\"breadcrumb\":{\"@id\":\"http:\/\/revistavitrineibiuna.com.br\/?p=31858#breadcrumb\"},\"inLanguage\":\"pt-BR\",\"potentialAction\":[{\"@type\":\"ReadAction\",\"target\":[\"http:\/\/revistavitrineibiuna.com.br\/?p=31858\"]}]},{\"@type\":\"BreadcrumbList\",\"@id\":\"http:\/\/revistavitrineibiuna.com.br\/?p=31858#breadcrumb\",\"itemListElement\":[{\"@type\":\"ListItem\",\"position\":1,\"item\":{\"@type\":\"WebPage\",\"@id\":\"https:\/\/revistavitrineibiuna.com.br\/\",\"url\":\"https:\/\/revistavitrineibiuna.com.br\/\",\"name\":\"In\\u00edcio\"}},{\"@type\":\"ListItem\",\"position\":2,\"item\":{\"@type\":\"WebPage\",\"@id\":\"http:\/\/revistavitrineibiuna.com.br\/?p=31858\",\"url\":\"http:\/\/revistavitrineibiuna.com.br\/?p=31858\",\"name\":\"IBI\\u00daNA \\u2013 CONVEN\\u00c7\\u00d5ES PARTID\\u00c1RIAS DEFINEM NOMES DOS PR\\u00c9-CANDIDATOS\"}}]},{\"@type\":\"Article\",\"@id\":\"http:\/\/revistavitrineibiuna.com.br\/?p=31858#article\",\"isPartOf\":{\"@id\":\"http:\/\/revistavitrineibiuna.com.br\/?p=31858#webpage\"},\"author\":{\"@id\":\"https:\/\/revistavitrineibiuna.com.br\/#\/schema\/person\/e51ef49d6d88170ea21ceabff3f73deb\"},\"headline\":\"IBI\\u00daNA \\u2013 CONVEN\\u00c7\\u00d5ES PARTID\\u00c1RIAS DEFINEM NOMES DOS PR\\u00c9-CANDIDATOS\",\"datePublished\":\"2024-08-04T21:24:22+00:00\",\"dateModified\":\"2024-08-04T21:26:15+00:00\",\"mainEntityOfPage\":{\"@id\":\"http:\/\/revistavitrineibiuna.com.br\/?p=31858#webpage\"},\"commentCount\":0,\"publisher\":{\"@id\":\"https:\/\/revistavitrineibiuna.com.br\/#\/schema\/person\/e51ef49d6d88170ea21ceabff3f73deb\"},\"image\":{\"@id\":\"http:\/\/revistavitrineibiuna.com.br\/?p=31858#primaryimage\"},\"articleSection\":\"Uncategorized\",\"inLanguage\":\"pt-BR\",\"potentialAction\":[{\"@type\":\"CommentAction\",\"name\":\"Comment\",\"target\":[\"http:\/\/revistavitrineibiuna.com.br\/?p=31858#respond\"]}]},{\"@type\":[\"Person\",\"Organization\"],\"@id\":\"https:\/\/revistavitrineibiuna.com.br\/#\/schema\/person\/e51ef49d6d88170ea21ceabff3f73deb\",\"name\":\"Carlos Rossini\",\"image\":{\"@type\":\"ImageObject\",\"@id\":\"https:\/\/revistavitrineibiuna.com.br\/#personlogo\",\"inLanguage\":\"pt-BR\",\"url\":\"http:\/\/1.gravatar.com\/avatar\/4f2d0f99fac1f85c7d643f21f5c8d900?s=96&d=mm&r=g\",\"caption\":\"Carlos Rossini\"},\"logo\":{\"@id\":\"https:\/\/revistavitrineibiuna.com.br\/#personlogo\"},\"description\":\"Carlos Rossini \\u00e9 jornalista, soci\\u00f3logo, escritor e professor universit\\u00e1rio, tendo sido professor de jornalismo por vinte anos. Trabalhou em ve\\u00edculos de comunica\\u00e7\\u00e3o nas fun\\u00e7\\u00f5es de rep\\u00f3rter, redator, editor, articulista e colaborador, como Folha de S. Paulo, O Estado de S. Paulo, Di\\u00e1rio Popular, entre outros. Ao transferir a revista vitrine, vers\\u00e3o imprensa, de S\\u00e3o Paulo para Ibi\\u00fana h\\u00e1 alguns anos, iniciou uma nova experi\\u00eancia profissional, dedicando-se ao jornalismo regional, depois de cumprir uma trajet\\u00f3ria bem-sucedida na grande imprensa brasileira. Seu primeiro livro A Coragem de Comunicar foi lan\\u00e7ado na Bienal do Livro em S\\u00e3o Paulo no ano 2000, pela editora Madras.\"}]}<\/script>\n<!-- \/ Yoast SEO plugin. -->","_links":{"self":[{"href":"http:\/\/revistavitrineibiuna.com.br\/index.php?rest_route=\/wp\/v2\/posts\/31858"}],"collection":[{"href":"http:\/\/revistavitrineibiuna.com.br\/index.php?rest_route=\/wp\/v2\/posts"}],"about":[{"href":"http:\/\/revistavitrineibiuna.com.br\/index.php?rest_route=\/wp\/v2\/types\/post"}],"author":[{"embeddable":true,"href":"http:\/\/revistavitrineibiuna.com.br\/index.php?rest_route=\/wp\/v2\/users\/1"}],"replies":[{"embeddable":true,"href":"http:\/\/revistavitrineibiuna.com.br\/index.php?rest_route=%2Fwp%2Fv2%2Fcomments&post=31858"}],"version-history":[{"count":1,"href":"http:\/\/revistavitrineibiuna.com.br\/index.php?rest_route=\/wp\/v2\/posts\/31858\/revisions"}],"predecessor-version":[{"id":31860,"href":"http:\/\/revistavitrineibiuna.com.br\/index.php?rest_route=\/wp\/v2\/posts\/31858\/revisions\/31860"}],"wp:featuredmedia":[{"embeddable":true,"href":"http:\/\/revistavitrineibiuna.com.br\/index.php?rest_route=\/wp\/v2\/media\/31859"}],"wp:attachment":[{"href":"http:\/\/revistavitrineibiuna.com.br\/index.php?rest_route=%2Fwp%2Fv2%2Fmedia&parent=31858"}],"wp:term":[{"taxonomy":"category","embeddable":true,"href":"http:\/\/revistavitrineibiuna.com.br\/index.php?rest_route=%2Fwp%2Fv2%2Fcategories&post=31858"},{"taxonomy":"post_tag","embeddable":true,"href":"http:\/\/revistavitrineibiuna.com.br\/index.php?rest_route=%2Fwp%2Fv2%2Ftags&post=31858"}],"curies":[{"name":"wp","href":"https:\/\/api.w.org\/{rel}","templated":true}]}}