{"id":31861,"date":"2024-08-05T17:51:32","date_gmt":"2024-08-05T20:51:32","guid":{"rendered":"http:\/\/revistavitrineibiuna.com.br\/?p=31861"},"modified":"2024-08-05T17:55:18","modified_gmt":"2024-08-05T20:55:18","slug":"ibiuna-ganha-moderna-academia-de-natacao","status":"publish","type":"post","link":"http:\/\/revistavitrineibiuna.com.br\/?p=31861","title":{"rendered":"IBI\u00daNA GANHA MODERNA ACADEMIA DE NATA\u00c7\u00c3O"},"content":{"rendered":"\n<p class=\"has-drop-cap\"><strong>Inaugurada no \u00faltimo s\u00e1bado (3), a Academia de Nata\u00e7\u00e3o Acqua Fit \u00e9 um espa\u00e7o inovador e moderno. Foi projetada com o que h\u00e1 de mais moderno em tecnologia e conforto.<\/strong><\/p>\n\n\n\n<p><strong>Aulas de nata\u00e7\u00e3o para beb\u00eas, crian\u00e7as, adultos e melhor idade s\u00e3o supervisionadas por professores formados, em um ambiente acolhedor e confort\u00e1vel, que inclui frald\u00e1rio e wifi.<\/strong><\/p>\n\n\n\n<p><strong>Segundo os propriet\u00e1rios, a piscina aquecida \u00e9 ideal para aulas de nata\u00e7\u00e3o, hidrogin\u00e1stica e aulas recreativas, conta com sistema de filtragem de \u00faltima gera\u00e7\u00e3o, garantindo \u00e1gua cristalina e segura para todos os usu\u00e1rios.<\/strong><\/p>\n\n\n\n<p><strong>A Acqua Fit est\u00e1 localizada na Rodovia Presidente Tancredo Neves, 1.780, pr\u00e9dio 2, no Residencial Europa. Contato: 15 99792-2775<\/strong><\/p>\n\n\n\n<figure class=\"wp-block-image size-large\"><img loading=\"lazy\" width=\"953\" height=\"659\" src=\"https:\/\/revistavitrineibiuna.com.br\/wp-content\/uploads\/2024\/08\/acqua-fit-fachada.png\" alt=\"\" class=\"wp-image-31865\" srcset=\"http:\/\/revistavitrineibiuna.com.br\/wp-content\/uploads\/2024\/08\/acqua-fit-fachada.png 953w, http:\/\/revistavitrineibiuna.com.br\/wp-content\/uploads\/2024\/08\/acqua-fit-fachada-300x207.png 300w, http:\/\/revistavitrineibiuna.com.br\/wp-content\/uploads\/2024\/08\/acqua-fit-fachada-768x531.png 768w, http:\/\/revistavitrineibiuna.com.br\/wp-content\/uploads\/2024\/08\/acqua-fit-fachada-392x272.png 392w, http:\/\/revistavitrineibiuna.com.br\/wp-content\/uploads\/2024\/08\/acqua-fit-fachada-130x90.png 130w\" sizes=\"(max-width: 953px) 100vw, 953px\" \/><\/figure>\n","protected":false},"excerpt":{"rendered":"<p>Inaugurada no \u00faltimo s\u00e1bado (3), a Academia de Nata\u00e7\u00e3o Acqua Fit \u00e9 um espa\u00e7o inovador e moderno. Foi projetada com<\/p>\n","protected":false},"author":1,"featured_media":31862,"comment_status":"open","ping_status":"open","sticky":false,"template":"","format":"standard","meta":[],"categories":[70],"tags":[],"yoast_head":"<!-- This site is optimized with the Yoast SEO plugin v15.8 - https:\/\/yoast.com\/wordpress\/plugins\/seo\/ -->\n<title>IBI\u00daNA GANHA MODERNA ACADEMIA DE NATA\u00c7\u00c3O - Revista Vitrine Online<\/title>\n<meta name=\"robots\" content=\"index, follow, max-snippet:-1, max-image-preview:large, max-video-preview:-1\" \/>\n<link rel=\"canonical\" href=\"https:\/\/revistavitrineibiuna.com.br\/?p=31861\" \/>\n<meta property=\"og:locale\" content=\"pt_BR\" \/>\n<meta property=\"og:type\" content=\"article\" \/>\n<meta property=\"og:title\" content=\"IBI\u00daNA GANHA MODERNA ACADEMIA DE NATA\u00c7\u00c3O - Revista Vitrine Online\" \/>\n<meta property=\"og:description\" content=\"Inaugurada no \u00faltimo s\u00e1bado (3), a Academia de Nata\u00e7\u00e3o Acqua Fit \u00e9 um espa\u00e7o inovador e moderno. Foi projetada com\" \/>\n<meta property=\"og:url\" content=\"https:\/\/revistavitrineibiuna.com.br\/?p=31861\" \/>\n<meta property=\"og:site_name\" content=\"Revista Vitrine Online\" \/>\n<meta property=\"article:published_time\" content=\"2024-08-05T20:51:32+00:00\" \/>\n<meta property=\"article:modified_time\" content=\"2024-08-05T20:55:18+00:00\" \/>\n<meta property=\"og:image\" content=\"http:\/\/revistavitrineibiuna.com.br\/wp-content\/uploads\/2024\/08\/piscina-acqua-fit.png\" \/>\n\t<meta property=\"og:image:width\" content=\"954\" \/>\n\t<meta property=\"og:image:height\" content=\"663\" \/>\n<meta name=\"twitter:card\" content=\"summary\" \/>\n<meta name=\"twitter:label1\" content=\"Est. reading time\">\n\t<meta name=\"twitter:data1\" content=\"1 minuto\">\n<script type=\"application\/ld+json\" class=\"yoast-schema-graph\">{\"@context\":\"https:\/\/schema.org\",\"@graph\":[{\"@type\":\"WebSite\",\"@id\":\"https:\/\/revistavitrineibiuna.com.br\/#website\",\"url\":\"https:\/\/revistavitrineibiuna.com.br\/\",\"name\":\"Revista Vitrine Ibi\\u00fana\",\"description\":\"A Revista de Ibi\\u00fana e Regi\\u00e3o\",\"publisher\":{\"@id\":\"https:\/\/revistavitrineibiuna.com.br\/#\/schema\/person\/e51ef49d6d88170ea21ceabff3f73deb\"},\"potentialAction\":[{\"@type\":\"SearchAction\",\"target\":\"https:\/\/revistavitrineibiuna.com.br\/?s={search_term_string}\",\"query-input\":\"required name=search_term_string\"}],\"inLanguage\":\"pt-BR\"},{\"@type\":\"ImageObject\",\"@id\":\"https:\/\/revistavitrineibiuna.com.br\/?p=31861#primaryimage\",\"inLanguage\":\"pt-BR\",\"url\":\"http:\/\/revistavitrineibiuna.com.br\/wp-content\/uploads\/2024\/08\/piscina-acqua-fit.png\",\"width\":954,\"height\":663},{\"@type\":\"WebPage\",\"@id\":\"https:\/\/revistavitrineibiuna.com.br\/?p=31861#webpage\",\"url\":\"https:\/\/revistavitrineibiuna.com.br\/?p=31861\",\"name\":\"IBI\\u00daNA GANHA MODERNA ACADEMIA DE NATA\\u00c7\\u00c3O - Revista Vitrine Online\",\"isPartOf\":{\"@id\":\"https:\/\/revistavitrineibiuna.com.br\/#website\"},\"primaryImageOfPage\":{\"@id\":\"https:\/\/revistavitrineibiuna.com.br\/?p=31861#primaryimage\"},\"datePublished\":\"2024-08-05T20:51:32+00:00\",\"dateModified\":\"2024-08-05T20:55:18+00:00\",\"breadcrumb\":{\"@id\":\"https:\/\/revistavitrineibiuna.com.br\/?p=31861#breadcrumb\"},\"inLanguage\":\"pt-BR\",\"potentialAction\":[{\"@type\":\"ReadAction\",\"target\":[\"https:\/\/revistavitrineibiuna.com.br\/?p=31861\"]}]},{\"@type\":\"BreadcrumbList\",\"@id\":\"https:\/\/revistavitrineibiuna.com.br\/?p=31861#breadcrumb\",\"itemListElement\":[{\"@type\":\"ListItem\",\"position\":1,\"item\":{\"@type\":\"WebPage\",\"@id\":\"https:\/\/revistavitrineibiuna.com.br\/\",\"url\":\"https:\/\/revistavitrineibiuna.com.br\/\",\"name\":\"In\\u00edcio\"}},{\"@type\":\"ListItem\",\"position\":2,\"item\":{\"@type\":\"WebPage\",\"@id\":\"https:\/\/revistavitrineibiuna.com.br\/?p=31861\",\"url\":\"https:\/\/revistavitrineibiuna.com.br\/?p=31861\",\"name\":\"IBI\\u00daNA GANHA MODERNA ACADEMIA DE NATA\\u00c7\\u00c3O\"}}]},{\"@type\":\"Article\",\"@id\":\"https:\/\/revistavitrineibiuna.com.br\/?p=31861#article\",\"isPartOf\":{\"@id\":\"https:\/\/revistavitrineibiuna.com.br\/?p=31861#webpage\"},\"author\":{\"@id\":\"https:\/\/revistavitrineibiuna.com.br\/#\/schema\/person\/e51ef49d6d88170ea21ceabff3f73deb\"},\"headline\":\"IBI\\u00daNA GANHA MODERNA ACADEMIA DE NATA\\u00c7\\u00c3O\",\"datePublished\":\"2024-08-05T20:51:32+00:00\",\"dateModified\":\"2024-08-05T20:55:18+00:00\",\"mainEntityOfPage\":{\"@id\":\"https:\/\/revistavitrineibiuna.com.br\/?p=31861#webpage\"},\"commentCount\":0,\"publisher\":{\"@id\":\"https:\/\/revistavitrineibiuna.com.br\/#\/schema\/person\/e51ef49d6d88170ea21ceabff3f73deb\"},\"image\":{\"@id\":\"https:\/\/revistavitrineibiuna.com.br\/?p=31861#primaryimage\"},\"articleSection\":\"Rapidinhas\",\"inLanguage\":\"pt-BR\",\"potentialAction\":[{\"@type\":\"CommentAction\",\"name\":\"Comment\",\"target\":[\"https:\/\/revistavitrineibiuna.com.br\/?p=31861#respond\"]}]},{\"@type\":[\"Person\",\"Organization\"],\"@id\":\"https:\/\/revistavitrineibiuna.com.br\/#\/schema\/person\/e51ef49d6d88170ea21ceabff3f73deb\",\"name\":\"Carlos Rossini\",\"image\":{\"@type\":\"ImageObject\",\"@id\":\"https:\/\/revistavitrineibiuna.com.br\/#personlogo\",\"inLanguage\":\"pt-BR\",\"url\":\"http:\/\/1.gravatar.com\/avatar\/4f2d0f99fac1f85c7d643f21f5c8d900?s=96&d=mm&r=g\",\"caption\":\"Carlos Rossini\"},\"logo\":{\"@id\":\"https:\/\/revistavitrineibiuna.com.br\/#personlogo\"},\"description\":\"Carlos Rossini \\u00e9 jornalista, soci\\u00f3logo, escritor e professor universit\\u00e1rio, tendo sido professor de jornalismo por vinte anos. Trabalhou em ve\\u00edculos de comunica\\u00e7\\u00e3o nas fun\\u00e7\\u00f5es de rep\\u00f3rter, redator, editor, articulista e colaborador, como Folha de S. Paulo, O Estado de S. Paulo, Di\\u00e1rio Popular, entre outros. Ao transferir a revista vitrine, vers\\u00e3o imprensa, de S\\u00e3o Paulo para Ibi\\u00fana h\\u00e1 alguns anos, iniciou uma nova experi\\u00eancia profissional, dedicando-se ao jornalismo regional, depois de cumprir uma trajet\\u00f3ria bem-sucedida na grande imprensa brasileira. Seu primeiro livro A Coragem de Comunicar foi lan\\u00e7ado na Bienal do Livro em S\\u00e3o Paulo no ano 2000, pela editora Madras.\"}]}<\/script>\n<!-- \/ Yoast SEO plugin. -->","_links":{"self":[{"href":"http:\/\/revistavitrineibiuna.com.br\/index.php?rest_route=\/wp\/v2\/posts\/31861"}],"collection":[{"href":"http:\/\/revistavitrineibiuna.com.br\/index.php?rest_route=\/wp\/v2\/posts"}],"about":[{"href":"http:\/\/revistavitrineibiuna.com.br\/index.php?rest_route=\/wp\/v2\/types\/post"}],"author":[{"embeddable":true,"href":"http:\/\/revistavitrineibiuna.com.br\/index.php?rest_route=\/wp\/v2\/users\/1"}],"replies":[{"embeddable":true,"href":"http:\/\/revistavitrineibiuna.com.br\/index.php?rest_route=%2Fwp%2Fv2%2Fcomments&post=31861"}],"version-history":[{"count":3,"href":"http:\/\/revistavitrineibiuna.com.br\/index.php?rest_route=\/wp\/v2\/posts\/31861\/revisions"}],"predecessor-version":[{"id":31866,"href":"http:\/\/revistavitrineibiuna.com.br\/index.php?rest_route=\/wp\/v2\/posts\/31861\/revisions\/31866"}],"wp:featuredmedia":[{"embeddable":true,"href":"http:\/\/revistavitrineibiuna.com.br\/index.php?rest_route=\/wp\/v2\/media\/31862"}],"wp:attachment":[{"href":"http:\/\/revistavitrineibiuna.com.br\/index.php?rest_route=%2Fwp%2Fv2%2Fmedia&parent=31861"}],"wp:term":[{"taxonomy":"category","embeddable":true,"href":"http:\/\/revistavitrineibiuna.com.br\/index.php?rest_route=%2Fwp%2Fv2%2Fcategories&post=31861"},{"taxonomy":"post_tag","embeddable":true,"href":"http:\/\/revistavitrineibiuna.com.br\/index.php?rest_route=%2Fwp%2Fv2%2Ftags&post=31861"}],"curies":[{"name":"wp","href":"https:\/\/api.w.org\/{rel}","templated":true}]}}