{"id":31867,"date":"2024-08-06T15:35:03","date_gmt":"2024-08-06T18:35:03","guid":{"rendered":"http:\/\/revistavitrineibiuna.com.br\/?p=31867"},"modified":"2024-08-06T15:51:45","modified_gmt":"2024-08-06T18:51:45","slug":"facebook-permite-banalizacao-do-adulterio-mas-remove-analise-politica-responsavel","status":"publish","type":"post","link":"http:\/\/revistavitrineibiuna.com.br\/?p=31867","title":{"rendered":"FACEBOOK PERMITE BANALIZA\u00c7\u00c3O DO ADULT\u00c9RIO, MAS REMOVE AN\u00c1LISE POL\u00cdTICA RESPONS\u00c1VEL"},"content":{"rendered":"\n<p class=\"has-drop-cap\"><strong>Nestes dias, nunca se viu no Facebook tantas postagens, a maioria absoluta not\u00edcias falsas (fake news), sobre adult\u00e9rio, sobretudo envolvendo mulheres flagradas por seus maridos com os seus amantes.<\/strong><\/p>\n\n\n\n<p><strong>Sabemos que adult\u00e9rio \u00e9 um ato de infidelidade por rela\u00e7\u00e3o carnal com outros parceiros que n\u00e3o o companheiro habitual, seja no caso do homem e da mulher, e faz parte da hist\u00f3ria da humanidade, portanto qualquer cr\u00edtica de natureza moral passar\u00e1 longe da realidade factual.<\/strong><\/p>\n\n\n\n<p><strong>A quest\u00e3o est\u00e1 aqui colocada para apontar para a sociedade os chamados \u201cpadr\u00f5es da comunidade\u201d estabelecidos em todo o mundo pelo Facebook que, logicamente, precisa mesmo de estabelecer crit\u00e9rios considerando a multid\u00e3o de insanos que fazem parte da humanidade.<\/strong><\/p>\n\n\n\n<p><strong>Essa rede social mundial \u00e9 uma obra da genialidade humana, pois ela permite, em tempo real, que as pessoas conversem entre si e compartilhem mensagens, links, v\u00eddeos e fotografias.<\/strong><\/p>\n\n\n\n<p><strong>Pois bem. O Facebook removeu uma not\u00edcia, na verdade uma an\u00e1lise pol\u00edtica do significado das conven\u00e7\u00f5es partid\u00e1rias no munic\u00edpio de Ibi\u00fana. \u00c9 prov\u00e1vel que alguma palavra no t\u00edtulo CONVEN\u00c7\u00c3O PARTID\u00c1RIA LAN\u00c7A EVENTO APOTE\u00d3TICO tenha chamado a aten\u00e7\u00e3o do sistema de censura da corpora\u00e7\u00e3o.<\/strong><\/p>\n\n\n\n<p><strong>\u00c9 improv\u00e1vel, no entanto, que algum funcion\u00e1rio ou o IA da empresa tenha lido o conte\u00fado do texto, pois poderia concluir facilmente tratar-se de um texto profissional, respons\u00e1vel, coerente com o objetivo de permitir aos leitores uma reflex\u00e3o sobre a realidade.<\/strong><\/p>\n\n\n\n<p><strong>Essa \u00e9 uma das miss\u00f5es do jornalismo cr\u00edtico: prestar informa\u00e7\u00f5es em benef\u00edcio de toda a sociedade, chamar a aten\u00e7\u00e3o para fatos relevantes que se encontram ocultos ou foram ocultados de prop\u00f3sito como forma de persuas\u00e3o at\u00e9 mesmo subliminar.<\/strong><\/p>\n\n\n\n<p><strong>Por exemplo, o que significa realizar um megaevento pol\u00edtico em seguida divulgado \u00e0 exaust\u00e3o? Tem certamente um objetivo por tr\u00e1s que \u00e9 convencer a popula\u00e7\u00e3o n\u00e3o presente ao evento a aderir a um suposto movimento eleitoral vitorioso<\/strong>, <strong>pela tend\u00eancia humana de se conformar com movimentos de maiorias.<\/strong><\/p>\n\n\n\n<p><strong>A quest\u00e3o envolvida neste racioc\u00ednio diz respeito \u00e0 liberdade de express\u00e3o, pois a revista vitrine online \u00e9 uma revista de not\u00edcias, an\u00e1lises e presta\u00e7\u00e3o de servi\u00e7o \u00e0 sociedade de forma clara, objetiva e respons\u00e1vel.<\/strong><\/p>\n\n\n\n<p><strong>O pr\u00f3prio Facebook, automaticamente, esclareceu, quando recebeu pedido de an\u00e1lise, que responderia em quatro dias sobre a medida unilateral tomada. \u00c9 prov\u00e1vel que nem volte a tocar no assunto e, assim, perdeu-se um esfor\u00e7o para contribuir para os leitores tivessem a possibilidade de avaliar o assunto sobre outros pontos de vista.<\/strong><\/p>\n\n\n\n<p><strong>Lament\u00e1vel, o Facebook utilizar pesos e medidas diferentes. De um lado permite uma enxurrada de v\u00eddeos que banalizam o adult\u00e9rio e, de outro, interfere imperativamente removendo o conte\u00fado de um coment\u00e1rio jornal\u00edstico.<\/strong><\/p>\n","protected":false},"excerpt":{"rendered":"<p>Nestes dias, nunca se viu no Facebook tantas postagens, a maioria absoluta not\u00edcias falsas (fake news), sobre adult\u00e9rio, sobretudo envolvendo<\/p>\n","protected":false},"author":1,"featured_media":31868,"comment_status":"open","ping_status":"open","sticky":false,"template":"","format":"standard","meta":[],"categories":[1],"tags":[],"yoast_head":"<!-- This site is optimized with the Yoast SEO plugin v15.8 - https:\/\/yoast.com\/wordpress\/plugins\/seo\/ -->\n<title>FACEBOOK PERMITE BANALIZA\u00c7\u00c3O DO ADULT\u00c9RIO, MAS REMOVE AN\u00c1LISE POL\u00cdTICA RESPONS\u00c1VEL - Revista Vitrine Online<\/title>\n<meta name=\"robots\" content=\"index, follow, max-snippet:-1, max-image-preview:large, max-video-preview:-1\" \/>\n<link rel=\"canonical\" href=\"http:\/\/revistavitrineibiuna.com.br\/?p=31867\" \/>\n<meta property=\"og:locale\" content=\"pt_BR\" \/>\n<meta property=\"og:type\" content=\"article\" \/>\n<meta property=\"og:title\" content=\"FACEBOOK PERMITE BANALIZA\u00c7\u00c3O DO ADULT\u00c9RIO, MAS REMOVE AN\u00c1LISE POL\u00cdTICA RESPONS\u00c1VEL - Revista Vitrine Online\" \/>\n<meta property=\"og:description\" content=\"Nestes dias, nunca se viu no Facebook tantas postagens, a maioria absoluta not\u00edcias falsas (fake news), sobre adult\u00e9rio, sobretudo envolvendo\" \/>\n<meta property=\"og:url\" content=\"http:\/\/revistavitrineibiuna.com.br\/?p=31867\" \/>\n<meta property=\"og:site_name\" content=\"Revista Vitrine Online\" \/>\n<meta property=\"article:published_time\" content=\"2024-08-06T18:35:03+00:00\" \/>\n<meta property=\"article:modified_time\" content=\"2024-08-06T18:51:45+00:00\" \/>\n<meta property=\"og:image\" content=\"http:\/\/revistavitrineibiuna.com.br\/wp-content\/uploads\/2024\/08\/foto-de-adulterio.png\" \/>\n\t<meta property=\"og:image:width\" content=\"668\" \/>\n\t<meta property=\"og:image:height\" content=\"454\" \/>\n<meta name=\"twitter:card\" content=\"summary\" \/>\n<meta name=\"twitter:label1\" content=\"Est. reading time\">\n\t<meta name=\"twitter:data1\" content=\"2 minutos\">\n<script type=\"application\/ld+json\" class=\"yoast-schema-graph\">{\"@context\":\"https:\/\/schema.org\",\"@graph\":[{\"@type\":\"WebSite\",\"@id\":\"https:\/\/revistavitrineibiuna.com.br\/#website\",\"url\":\"https:\/\/revistavitrineibiuna.com.br\/\",\"name\":\"Revista Vitrine Ibi\\u00fana\",\"description\":\"A Revista de Ibi\\u00fana e Regi\\u00e3o\",\"publisher\":{\"@id\":\"https:\/\/revistavitrineibiuna.com.br\/#\/schema\/person\/e51ef49d6d88170ea21ceabff3f73deb\"},\"potentialAction\":[{\"@type\":\"SearchAction\",\"target\":\"https:\/\/revistavitrineibiuna.com.br\/?s={search_term_string}\",\"query-input\":\"required name=search_term_string\"}],\"inLanguage\":\"pt-BR\"},{\"@type\":\"ImageObject\",\"@id\":\"http:\/\/revistavitrineibiuna.com.br\/?p=31867#primaryimage\",\"inLanguage\":\"pt-BR\",\"url\":\"http:\/\/revistavitrineibiuna.com.br\/wp-content\/uploads\/2024\/08\/foto-de-adulterio.png\",\"width\":668,\"height\":454},{\"@type\":\"WebPage\",\"@id\":\"http:\/\/revistavitrineibiuna.com.br\/?p=31867#webpage\",\"url\":\"http:\/\/revistavitrineibiuna.com.br\/?p=31867\",\"name\":\"FACEBOOK PERMITE BANALIZA\\u00c7\\u00c3O DO ADULT\\u00c9RIO, MAS REMOVE AN\\u00c1LISE POL\\u00cdTICA RESPONS\\u00c1VEL - Revista Vitrine Online\",\"isPartOf\":{\"@id\":\"https:\/\/revistavitrineibiuna.com.br\/#website\"},\"primaryImageOfPage\":{\"@id\":\"http:\/\/revistavitrineibiuna.com.br\/?p=31867#primaryimage\"},\"datePublished\":\"2024-08-06T18:35:03+00:00\",\"dateModified\":\"2024-08-06T18:51:45+00:00\",\"breadcrumb\":{\"@id\":\"http:\/\/revistavitrineibiuna.com.br\/?p=31867#breadcrumb\"},\"inLanguage\":\"pt-BR\",\"potentialAction\":[{\"@type\":\"ReadAction\",\"target\":[\"http:\/\/revistavitrineibiuna.com.br\/?p=31867\"]}]},{\"@type\":\"BreadcrumbList\",\"@id\":\"http:\/\/revistavitrineibiuna.com.br\/?p=31867#breadcrumb\",\"itemListElement\":[{\"@type\":\"ListItem\",\"position\":1,\"item\":{\"@type\":\"WebPage\",\"@id\":\"https:\/\/revistavitrineibiuna.com.br\/\",\"url\":\"https:\/\/revistavitrineibiuna.com.br\/\",\"name\":\"In\\u00edcio\"}},{\"@type\":\"ListItem\",\"position\":2,\"item\":{\"@type\":\"WebPage\",\"@id\":\"http:\/\/revistavitrineibiuna.com.br\/?p=31867\",\"url\":\"http:\/\/revistavitrineibiuna.com.br\/?p=31867\",\"name\":\"FACEBOOK PERMITE BANALIZA\\u00c7\\u00c3O DO ADULT\\u00c9RIO, MAS REMOVE AN\\u00c1LISE POL\\u00cdTICA RESPONS\\u00c1VEL\"}}]},{\"@type\":\"Article\",\"@id\":\"http:\/\/revistavitrineibiuna.com.br\/?p=31867#article\",\"isPartOf\":{\"@id\":\"http:\/\/revistavitrineibiuna.com.br\/?p=31867#webpage\"},\"author\":{\"@id\":\"https:\/\/revistavitrineibiuna.com.br\/#\/schema\/person\/e51ef49d6d88170ea21ceabff3f73deb\"},\"headline\":\"FACEBOOK PERMITE BANALIZA\\u00c7\\u00c3O DO ADULT\\u00c9RIO, MAS REMOVE AN\\u00c1LISE POL\\u00cdTICA RESPONS\\u00c1VEL\",\"datePublished\":\"2024-08-06T18:35:03+00:00\",\"dateModified\":\"2024-08-06T18:51:45+00:00\",\"mainEntityOfPage\":{\"@id\":\"http:\/\/revistavitrineibiuna.com.br\/?p=31867#webpage\"},\"commentCount\":0,\"publisher\":{\"@id\":\"https:\/\/revistavitrineibiuna.com.br\/#\/schema\/person\/e51ef49d6d88170ea21ceabff3f73deb\"},\"image\":{\"@id\":\"http:\/\/revistavitrineibiuna.com.br\/?p=31867#primaryimage\"},\"articleSection\":\"Uncategorized\",\"inLanguage\":\"pt-BR\",\"potentialAction\":[{\"@type\":\"CommentAction\",\"name\":\"Comment\",\"target\":[\"http:\/\/revistavitrineibiuna.com.br\/?p=31867#respond\"]}]},{\"@type\":[\"Person\",\"Organization\"],\"@id\":\"https:\/\/revistavitrineibiuna.com.br\/#\/schema\/person\/e51ef49d6d88170ea21ceabff3f73deb\",\"name\":\"Carlos Rossini\",\"image\":{\"@type\":\"ImageObject\",\"@id\":\"https:\/\/revistavitrineibiuna.com.br\/#personlogo\",\"inLanguage\":\"pt-BR\",\"url\":\"http:\/\/1.gravatar.com\/avatar\/4f2d0f99fac1f85c7d643f21f5c8d900?s=96&d=mm&r=g\",\"caption\":\"Carlos Rossini\"},\"logo\":{\"@id\":\"https:\/\/revistavitrineibiuna.com.br\/#personlogo\"},\"description\":\"Carlos Rossini \\u00e9 jornalista, soci\\u00f3logo, escritor e professor universit\\u00e1rio, tendo sido professor de jornalismo por vinte anos. Trabalhou em ve\\u00edculos de comunica\\u00e7\\u00e3o nas fun\\u00e7\\u00f5es de rep\\u00f3rter, redator, editor, articulista e colaborador, como Folha de S. Paulo, O Estado de S. Paulo, Di\\u00e1rio Popular, entre outros. Ao transferir a revista vitrine, vers\\u00e3o imprensa, de S\\u00e3o Paulo para Ibi\\u00fana h\\u00e1 alguns anos, iniciou uma nova experi\\u00eancia profissional, dedicando-se ao jornalismo regional, depois de cumprir uma trajet\\u00f3ria bem-sucedida na grande imprensa brasileira. Seu primeiro livro A Coragem de Comunicar foi lan\\u00e7ado na Bienal do Livro em S\\u00e3o Paulo no ano 2000, pela editora Madras.\"}]}<\/script>\n<!-- \/ Yoast SEO plugin. -->","_links":{"self":[{"href":"http:\/\/revistavitrineibiuna.com.br\/index.php?rest_route=\/wp\/v2\/posts\/31867"}],"collection":[{"href":"http:\/\/revistavitrineibiuna.com.br\/index.php?rest_route=\/wp\/v2\/posts"}],"about":[{"href":"http:\/\/revistavitrineibiuna.com.br\/index.php?rest_route=\/wp\/v2\/types\/post"}],"author":[{"embeddable":true,"href":"http:\/\/revistavitrineibiuna.com.br\/index.php?rest_route=\/wp\/v2\/users\/1"}],"replies":[{"embeddable":true,"href":"http:\/\/revistavitrineibiuna.com.br\/index.php?rest_route=%2Fwp%2Fv2%2Fcomments&post=31867"}],"version-history":[{"count":5,"href":"http:\/\/revistavitrineibiuna.com.br\/index.php?rest_route=\/wp\/v2\/posts\/31867\/revisions"}],"predecessor-version":[{"id":31874,"href":"http:\/\/revistavitrineibiuna.com.br\/index.php?rest_route=\/wp\/v2\/posts\/31867\/revisions\/31874"}],"wp:featuredmedia":[{"embeddable":true,"href":"http:\/\/revistavitrineibiuna.com.br\/index.php?rest_route=\/wp\/v2\/media\/31868"}],"wp:attachment":[{"href":"http:\/\/revistavitrineibiuna.com.br\/index.php?rest_route=%2Fwp%2Fv2%2Fmedia&parent=31867"}],"wp:term":[{"taxonomy":"category","embeddable":true,"href":"http:\/\/revistavitrineibiuna.com.br\/index.php?rest_route=%2Fwp%2Fv2%2Fcategories&post=31867"},{"taxonomy":"post_tag","embeddable":true,"href":"http:\/\/revistavitrineibiuna.com.br\/index.php?rest_route=%2Fwp%2Fv2%2Ftags&post=31867"}],"curies":[{"name":"wp","href":"https:\/\/api.w.org\/{rel}","templated":true}]}}