{"id":31902,"date":"2024-08-13T16:00:26","date_gmt":"2024-08-13T19:00:26","guid":{"rendered":"http:\/\/revistavitrineibiuna.com.br\/?p=31902"},"modified":"2024-08-13T16:26:13","modified_gmt":"2024-08-13T19:26:13","slug":"ibiuna-quero-um-prefeito-elegante-no-governo-da-cidade","status":"publish","type":"post","link":"http:\/\/revistavitrineibiuna.com.br\/?p=31902","title":{"rendered":"IBI\u00daNA \u2013 QUERO UM PREFEITO ELEGANTE NO GOVERNO DA CIDADE"},"content":{"rendered":"\n<p class=\"has-drop-cap\"><strong>Nesta sexta-feira (16) come\u00e7a, oficialmente, a campanha das elei\u00e7\u00f5es de 6 de outubro para prefeito, vice e vereadores. Se estiver certa a nossa contagem ela ter\u00e1 a dura\u00e7\u00e3o de 49 dias, at\u00e9 3 de outubro, ou 72 horas antes do pleito.<\/strong><\/p>\n\n\n\n<p><strong>Esse per\u00edodo ser\u00e1 decisivo para eu decidir meu voto. Vou observar como cada candidato se comporta, assim como seu time de marketing e seus aliados an\u00f4nimos nas redes sociais.<\/strong><\/p>\n\n\n\n<p><strong>Meu crit\u00e9rio, j\u00e1 que n\u00e3o h\u00e1 nenhuma garantia pr\u00e9via de que seu governo ser\u00e1 o dos meus sonhos, vou escolher aquele que se mostrar mais elegante. Quero um prefeito elegante nos pr\u00f3ximos 4 anos no governo da cidade. Simples assim!<\/strong><\/p>\n\n\n\n<p><strong>Mas o leitor ter\u00e1 todo o direito de pensar: mas que \u00e9 isso de eleg\u00e2ncia para decidir um voto? Vou tentar uma explica\u00e7\u00e3o.<\/strong><\/p>\n\n\n\n<p><strong>Um homem elegante \u00e9 uma pessoa simples, gentil, educada, distinta e, sobretudo, que age com autonomia, que sabe ouvir e respeitar os cidad\u00e3os. \u00c9 tamb\u00e9m nobre em pensamentos e sentimentos e n\u00e3o se entrega a uma tend\u00eancia de querer ganhar todas para si. \u00c9 um homem p\u00fablico, no melhor sentido desta palavra.<\/strong><\/p>\n\n\n\n<p><strong>Trata-se de um ser resultante de uma hist\u00f3ria familiar, gen\u00e9tica, psicol\u00f3gica e social saud\u00e1vel.<\/strong><\/p>\n\n\n\n<p><strong>O fil\u00f3sofo Luiz Felipe Pond\u00e9 a prop\u00f3sito, afirma: \u201cQuem deseja muito sucesso e prosperidade na vida \u00e9 um deselegante.\u201d<\/strong><\/p>\n\n\n\n<p><strong>Numa tradu\u00e7\u00e3o livre isso significa tirar todo proveito do poder para si e se esquecer que esse poder lhe foi delegado pelo povo soberano por meio do voto. Um prefeito \u00e9 empregado do povo e n\u00e3o faz favor nenhum se fizer uma administra\u00e7\u00e3o a servi\u00e7o da popula\u00e7\u00e3o num ros\u00e1rio cujas contas incluem uma constela\u00e7\u00e3o de servi\u00e7os e obras p\u00fablicos que incluem o imperativo da qualidade not\u00e1vel: sa\u00fade, seguran\u00e7a, transporte, educa\u00e7\u00e3o, lazer, estradas, coleta e destina\u00e7\u00e3o racional do lixo, ilumina\u00e7\u00e3o das ruas, estradas e pra\u00e7as p\u00fablicas e assim por diante.<\/strong><\/p>\n\n\n\n<p><strong>Um prefeito elegante sabe ouvir a voz do povo com humildade, senso de justi\u00e7a e transpar\u00eancia. Um pol\u00edtico elegante quando assume o poder n\u00e3o precisa se valer de mentiras por que n\u00e3o tenciona enganar a popula\u00e7\u00e3o.<\/strong><\/p>\n\n\n\n<p><strong>Em suma, um prefeito elegante jamais \u00e9 indiferente ao sofrimento do seu povo, \u00e9 um l\u00edder que angaria o respeito popular, e n\u00e3o medo, a mais honor\u00e1vel manifesta\u00e7\u00e3o social de que se fez a escolha certa, dentre as alternativas de candidatos que se apresentaram.<\/strong><\/p>\n\n\n\n<p><strong>Um prefeito elegante \u00e9 um homem honesto e a\u00ed, parece, reside uma quest\u00e3o essencial. J\u00e1 perguntamos \u00e0s pessoas nas ruas que qualidade \u00e9 a mais importante em um pol\u00edtico. E a resposta foi: \u201cHonestidade\u201d, um dos fundamentos de uma sociedade saud\u00e1vel e confi\u00e1vel.<\/strong><\/p>\n\n\n\n<p><strong>\u00c9 preciso mais do que tudo ser honesto e n\u00e3o \u201cter vergonha de ser honesto\u201d, como disse Rui Barbosa em dezembro de 1914. A frase completa: \u201cDe tanto ver triunfar as nulidades, de tanto ver crescer a injusti\u00e7a, de tanto ver agigantarem-se os poderes nas m\u00e3os dos maus, o homem chega a desanimar da virtude, a rir-se da honra, a ter vergonha de ser honesto.\u201d<\/strong><\/p>\n\n\n\n<p><strong>Temos, de alguma forma, de manter acesa a esperan\u00e7a de que mudar para melhor \u00e9 poss\u00edvel a partir de agora, por que n\u00e3o? Do contr\u00e1rio, corremos o risco de viver presos nos comportamentos deselegantes que, al\u00e9m de serem definidos como grosseiros, est\u00e3o em desacordo com as boas normas, regras sociais, morais e intelectuais.<\/strong><\/p>\n\n\n\n<p><strong>Tudo isso que foi dito acima tamb\u00e9m vale para os vereadores que influem, de um modo ou de outro, nas decis\u00f5es e atitudes do prefeito de uma cidade. (C<\/strong>arlos Rossini, editor de vitrine online e diretor da TVUNA)<\/p>\n","protected":false},"excerpt":{"rendered":"<p>Nesta sexta-feira (16) come\u00e7a, oficialmente, a campanha das elei\u00e7\u00f5es de 6 de outubro para prefeito, vice e vereadores. Se estiver<\/p>\n","protected":false},"author":1,"featured_media":31903,"comment_status":"open","ping_status":"open","sticky":false,"template":"","format":"standard","meta":[],"categories":[3],"tags":[],"yoast_head":"<!-- This site is optimized with the Yoast SEO plugin v15.8 - https:\/\/yoast.com\/wordpress\/plugins\/seo\/ -->\n<title>IBI\u00daNA \u2013 QUERO UM PREFEITO ELEGANTE NO GOVERNO DA CIDADE - Revista Vitrine Online<\/title>\n<meta name=\"robots\" content=\"index, follow, max-snippet:-1, max-image-preview:large, max-video-preview:-1\" \/>\n<link rel=\"canonical\" href=\"http:\/\/revistavitrineibiuna.com.br\/?p=31902\" \/>\n<meta property=\"og:locale\" content=\"pt_BR\" \/>\n<meta property=\"og:type\" content=\"article\" \/>\n<meta property=\"og:title\" content=\"IBI\u00daNA \u2013 QUERO UM PREFEITO ELEGANTE NO GOVERNO DA CIDADE - Revista Vitrine Online\" \/>\n<meta property=\"og:description\" content=\"Nesta sexta-feira (16) come\u00e7a, oficialmente, a campanha das elei\u00e7\u00f5es de 6 de outubro para prefeito, vice e vereadores. Se estiver\" \/>\n<meta property=\"og:url\" content=\"http:\/\/revistavitrineibiuna.com.br\/?p=31902\" \/>\n<meta property=\"og:site_name\" content=\"Revista Vitrine Online\" \/>\n<meta property=\"article:published_time\" content=\"2024-08-13T19:00:26+00:00\" \/>\n<meta property=\"article:modified_time\" content=\"2024-08-13T19:26:13+00:00\" \/>\n<meta property=\"og:image\" content=\"http:\/\/revistavitrineibiuna.com.br\/wp-content\/uploads\/2024\/08\/os-cinco-pre-cndidtos-2024.png\" \/>\n\t<meta property=\"og:image:width\" content=\"1181\" \/>\n\t<meta property=\"og:image:height\" content=\"591\" \/>\n<meta name=\"twitter:card\" content=\"summary\" \/>\n<meta name=\"twitter:label1\" content=\"Est. reading time\">\n\t<meta name=\"twitter:data1\" content=\"3 minutos\">\n<script type=\"application\/ld+json\" class=\"yoast-schema-graph\">{\"@context\":\"https:\/\/schema.org\",\"@graph\":[{\"@type\":\"WebSite\",\"@id\":\"https:\/\/revistavitrineibiuna.com.br\/#website\",\"url\":\"https:\/\/revistavitrineibiuna.com.br\/\",\"name\":\"Revista Vitrine Ibi\\u00fana\",\"description\":\"A Revista de Ibi\\u00fana e Regi\\u00e3o\",\"publisher\":{\"@id\":\"https:\/\/revistavitrineibiuna.com.br\/#\/schema\/person\/e51ef49d6d88170ea21ceabff3f73deb\"},\"potentialAction\":[{\"@type\":\"SearchAction\",\"target\":\"https:\/\/revistavitrineibiuna.com.br\/?s={search_term_string}\",\"query-input\":\"required name=search_term_string\"}],\"inLanguage\":\"pt-BR\"},{\"@type\":\"ImageObject\",\"@id\":\"http:\/\/revistavitrineibiuna.com.br\/?p=31902#primaryimage\",\"inLanguage\":\"pt-BR\",\"url\":\"http:\/\/revistavitrineibiuna.com.br\/wp-content\/uploads\/2024\/08\/os-cinco-pre-cndidtos-2024.png\",\"width\":1181,\"height\":591},{\"@type\":\"WebPage\",\"@id\":\"http:\/\/revistavitrineibiuna.com.br\/?p=31902#webpage\",\"url\":\"http:\/\/revistavitrineibiuna.com.br\/?p=31902\",\"name\":\"IBI\\u00daNA \\u2013 QUERO UM PREFEITO ELEGANTE NO GOVERNO DA CIDADE - Revista Vitrine Online\",\"isPartOf\":{\"@id\":\"https:\/\/revistavitrineibiuna.com.br\/#website\"},\"primaryImageOfPage\":{\"@id\":\"http:\/\/revistavitrineibiuna.com.br\/?p=31902#primaryimage\"},\"datePublished\":\"2024-08-13T19:00:26+00:00\",\"dateModified\":\"2024-08-13T19:26:13+00:00\",\"breadcrumb\":{\"@id\":\"http:\/\/revistavitrineibiuna.com.br\/?p=31902#breadcrumb\"},\"inLanguage\":\"pt-BR\",\"potentialAction\":[{\"@type\":\"ReadAction\",\"target\":[\"http:\/\/revistavitrineibiuna.com.br\/?p=31902\"]}]},{\"@type\":\"BreadcrumbList\",\"@id\":\"http:\/\/revistavitrineibiuna.com.br\/?p=31902#breadcrumb\",\"itemListElement\":[{\"@type\":\"ListItem\",\"position\":1,\"item\":{\"@type\":\"WebPage\",\"@id\":\"https:\/\/revistavitrineibiuna.com.br\/\",\"url\":\"https:\/\/revistavitrineibiuna.com.br\/\",\"name\":\"In\\u00edcio\"}},{\"@type\":\"ListItem\",\"position\":2,\"item\":{\"@type\":\"WebPage\",\"@id\":\"http:\/\/revistavitrineibiuna.com.br\/?p=31902\",\"url\":\"http:\/\/revistavitrineibiuna.com.br\/?p=31902\",\"name\":\"IBI\\u00daNA \\u2013 QUERO UM PREFEITO ELEGANTE NO GOVERNO DA CIDADE\"}}]},{\"@type\":\"Article\",\"@id\":\"http:\/\/revistavitrineibiuna.com.br\/?p=31902#article\",\"isPartOf\":{\"@id\":\"http:\/\/revistavitrineibiuna.com.br\/?p=31902#webpage\"},\"author\":{\"@id\":\"https:\/\/revistavitrineibiuna.com.br\/#\/schema\/person\/e51ef49d6d88170ea21ceabff3f73deb\"},\"headline\":\"IBI\\u00daNA \\u2013 QUERO UM PREFEITO ELEGANTE NO GOVERNO DA CIDADE\",\"datePublished\":\"2024-08-13T19:00:26+00:00\",\"dateModified\":\"2024-08-13T19:26:13+00:00\",\"mainEntityOfPage\":{\"@id\":\"http:\/\/revistavitrineibiuna.com.br\/?p=31902#webpage\"},\"commentCount\":0,\"publisher\":{\"@id\":\"https:\/\/revistavitrineibiuna.com.br\/#\/schema\/person\/e51ef49d6d88170ea21ceabff3f73deb\"},\"image\":{\"@id\":\"http:\/\/revistavitrineibiuna.com.br\/?p=31902#primaryimage\"},\"articleSection\":\"Not\\u00edcias\",\"inLanguage\":\"pt-BR\",\"potentialAction\":[{\"@type\":\"CommentAction\",\"name\":\"Comment\",\"target\":[\"http:\/\/revistavitrineibiuna.com.br\/?p=31902#respond\"]}]},{\"@type\":[\"Person\",\"Organization\"],\"@id\":\"https:\/\/revistavitrineibiuna.com.br\/#\/schema\/person\/e51ef49d6d88170ea21ceabff3f73deb\",\"name\":\"Carlos Rossini\",\"image\":{\"@type\":\"ImageObject\",\"@id\":\"https:\/\/revistavitrineibiuna.com.br\/#personlogo\",\"inLanguage\":\"pt-BR\",\"url\":\"http:\/\/1.gravatar.com\/avatar\/4f2d0f99fac1f85c7d643f21f5c8d900?s=96&d=mm&r=g\",\"caption\":\"Carlos Rossini\"},\"logo\":{\"@id\":\"https:\/\/revistavitrineibiuna.com.br\/#personlogo\"},\"description\":\"Carlos Rossini \\u00e9 jornalista, soci\\u00f3logo, escritor e professor universit\\u00e1rio, tendo sido professor de jornalismo por vinte anos. Trabalhou em ve\\u00edculos de comunica\\u00e7\\u00e3o nas fun\\u00e7\\u00f5es de rep\\u00f3rter, redator, editor, articulista e colaborador, como Folha de S. Paulo, O Estado de S. Paulo, Di\\u00e1rio Popular, entre outros. Ao transferir a revista vitrine, vers\\u00e3o imprensa, de S\\u00e3o Paulo para Ibi\\u00fana h\\u00e1 alguns anos, iniciou uma nova experi\\u00eancia profissional, dedicando-se ao jornalismo regional, depois de cumprir uma trajet\\u00f3ria bem-sucedida na grande imprensa brasileira. Seu primeiro livro A Coragem de Comunicar foi lan\\u00e7ado na Bienal do Livro em S\\u00e3o Paulo no ano 2000, pela editora Madras.\"}]}<\/script>\n<!-- \/ Yoast SEO plugin. -->","_links":{"self":[{"href":"http:\/\/revistavitrineibiuna.com.br\/index.php?rest_route=\/wp\/v2\/posts\/31902"}],"collection":[{"href":"http:\/\/revistavitrineibiuna.com.br\/index.php?rest_route=\/wp\/v2\/posts"}],"about":[{"href":"http:\/\/revistavitrineibiuna.com.br\/index.php?rest_route=\/wp\/v2\/types\/post"}],"author":[{"embeddable":true,"href":"http:\/\/revistavitrineibiuna.com.br\/index.php?rest_route=\/wp\/v2\/users\/1"}],"replies":[{"embeddable":true,"href":"http:\/\/revistavitrineibiuna.com.br\/index.php?rest_route=%2Fwp%2Fv2%2Fcomments&post=31902"}],"version-history":[{"count":2,"href":"http:\/\/revistavitrineibiuna.com.br\/index.php?rest_route=\/wp\/v2\/posts\/31902\/revisions"}],"predecessor-version":[{"id":31906,"href":"http:\/\/revistavitrineibiuna.com.br\/index.php?rest_route=\/wp\/v2\/posts\/31902\/revisions\/31906"}],"wp:featuredmedia":[{"embeddable":true,"href":"http:\/\/revistavitrineibiuna.com.br\/index.php?rest_route=\/wp\/v2\/media\/31903"}],"wp:attachment":[{"href":"http:\/\/revistavitrineibiuna.com.br\/index.php?rest_route=%2Fwp%2Fv2%2Fmedia&parent=31902"}],"wp:term":[{"taxonomy":"category","embeddable":true,"href":"http:\/\/revistavitrineibiuna.com.br\/index.php?rest_route=%2Fwp%2Fv2%2Fcategories&post=31902"},{"taxonomy":"post_tag","embeddable":true,"href":"http:\/\/revistavitrineibiuna.com.br\/index.php?rest_route=%2Fwp%2Fv2%2Ftags&post=31902"}],"curies":[{"name":"wp","href":"https:\/\/api.w.org\/{rel}","templated":true}]}}