{"id":31907,"date":"2024-08-17T09:20:22","date_gmt":"2024-08-17T12:20:22","guid":{"rendered":"http:\/\/revistavitrineibiuna.com.br\/?p=31907"},"modified":"2024-08-17T10:26:10","modified_gmt":"2024-08-17T13:26:10","slug":"ibiuna-sacudida-pelas-redes-sociais-parte-do-eleitorado-de-2020-nao-e-a-mesma-de-2024","status":"publish","type":"post","link":"http:\/\/revistavitrineibiuna.com.br\/?p=31907","title":{"rendered":"IBI\u00daNA \u2013 SACUDIDA PELAS REDES SOCIAIS, PARTE DO ELEITORADO DE 2020 N\u00c3O \u00c9 A MESMA DE 2024"},"content":{"rendered":"\n<p class=\"has-drop-cap\"><strong>Entra governo, sai governo, e Ibi\u00fana continua sem resolver de modo efetivo seus problemas de sempre que afligem a popula\u00e7\u00e3o, como se estivesse parada no tempo e n\u00e3o conseguisse andar para frente, ao contr\u00e1rio das cidades vizinhas. Esta n\u00e3o \u00e9 apenas a percep\u00e7\u00e3o de um escriba, mas uma constata\u00e7\u00e3o generalizada do que se ouve de sua popula\u00e7\u00e3o em conversas corriqueiras.<\/strong><\/p>\n\n\n\n<p><strong>\u201cIsso aqui nunca vai mudar\u201d, dizem muitos que deixaram de acreditar nas promessas dos pol\u00edticos tradicionais que pretendem se eternizar em seus cargos por meio de reelei\u00e7\u00f5es nas quais investem recursos financeiros consider\u00e1veis. &nbsp;<\/strong><\/p>\n\n\n\n<p><strong>Como est\u00e2ncia tur\u00edstica o panorama \u00e9 desanimador. Em 24 anos, nada de relev\u00e2ncia foi feito em termos de estrutura para atrair e acolher turistas. Nas demais \u00e1reas de responsabilidade do Poder Executivo o cen\u00e1rio n\u00e3o \u00e9 diferente: h\u00e1 s\u00e9rios e cr\u00f4nicos problemas em todos os setores, especialmente na sa\u00fade p\u00fablica, nas condi\u00e7\u00f5es das estradas e no transporte p\u00fablico, campe\u00f5es de queixas dos cidad\u00e3os.<\/strong><\/p>\n\n\n\n<p><strong>A mais recente novidade se espalhou como nuvem soprada pelo vento em todas as dire\u00e7\u00f5es. Trata-se de uma lei encaminhada pela Prefeitura e aprovada na C\u00e2mara Municipal pela base aliada do governo na \u00faltima ter\u00e7a-feira (13), que eleva os subs\u00eddios (sal\u00e1rios) pagos ao prefeito para R$ 35.290,00, vice-prefeito R$ 17.645,00 e secret\u00e1rios municipais R$ 12.909,00, a partir de 1\u00ba de janeiro.<\/strong><\/p>\n\n\n\n<p><strong>Essa medida se tornou motivo de esc\u00e1rnio por parte dos servidores municipais brindados com um reajuste de 1,46% em seus sal\u00e1rios mensais que correspondem a algo em torno de R$ 20,00 a R$ 30,00.<\/strong><\/p>\n\n\n\n<p><strong>No meio dos ambientalistas que atuam em Ibi\u00fana repercutiu mal a resposta dada pelo prefeito em uma entrevista. Perguntado se considerava que a APA (\u00c1rea de Prote\u00e7\u00e3o Ambiental, vital para o sucesso de uma est\u00e2ncia tur\u00edstica) era prejudicial ao progresso da cidade o chefe do Executivo n\u00e3o apenas respondeu afirmativamente como declarou que era preciso haver mudan\u00e7a na legisla\u00e7\u00e3o porque os tempos mudaram.<\/strong><\/p>\n\n\n\n<p><strong>Assim, n\u00e3o \u00e9 de se estranhar que a mesma prefeitura tenha anunciado a cria\u00e7\u00e3o de uma \u00e1rea de lazer na antiga comunidade existente pr\u00f3xima do Gin\u00e1sio Municipal de Esportes que acabou por aterrar uma nascente e seu c\u00f3rrego que des\u00e1gua no rio Sorocabu\u00e7u, de onde a Sabesp coleta \u00e1gua para abastecer a cidade. Felizmente, a Pol\u00edcia Militar Ambiental, acolhendo pedido de uma entidade preservacionista, embargou a obra para prote\u00e7\u00e3o da nascente.<\/strong><\/p>\n\n\n\n<p><strong>Apesar desses e de outros fatos similares, no entanto, h\u00e1 ind\u00edcios de que parte consider\u00e1vel dos eleitores de 2020, por conta das informa\u00e7\u00f5es que circulam nas redes sociais, come\u00e7ou a abrir os olhos e a perceber melhor a realidade pol\u00edtica e administrativa da cidade, como se tivessem feito uma opera\u00e7\u00e3o de catarata.<\/strong><\/p>\n\n\n\n<p><strong>Pessoas que tinham medo de abrir a boca come\u00e7aram a falar, a emitir opini\u00e3o, a observar que as coisas n\u00e3o s\u00e3o bem assim como os pol\u00edticos dizem que s\u00e3o. Come\u00e7aram a enxergar com mais clareza a diferen\u00e7a entre mentiras trombeteadas pelas propagandas ilus\u00f3rias e a dura realidade. E \u00e9 exatamente a\u00ed que surge com mais for\u00e7a a esperan\u00e7a de que no dia 6 de outubro possa haver uma virada espetacular, ainda que muitos poder\u00e3o se sujeitar \u00e0 influ\u00eancia de grupos pol\u00edticos que regem a vida da cidade h\u00e1 d\u00e9cadas.<\/strong><\/p>\n\n\n\n<p><strong>Se essas observa\u00e7\u00f5es estiverem corretas, os cidad\u00e3os ter\u00e3o um motivo a mais para sentirem orgulho de serem ibiunenses, porque ter\u00e3o dado um importante passo para que as pretendidas mudan\u00e7as finalmente possam come\u00e7ar. Ibi\u00fana precisa crescer e proporcionar melhorias substanciais ao seu povo honesto, trabalhador e merecedor de uma vida melhor.<\/strong><\/p>\n","protected":false},"excerpt":{"rendered":"<p>Entra governo, sai governo, e Ibi\u00fana continua sem resolver de modo efetivo seus problemas de sempre que afligem a popula\u00e7\u00e3o,<\/p>\n","protected":false},"author":1,"featured_media":31909,"comment_status":"open","ping_status":"open","sticky":false,"template":"","format":"standard","meta":[],"categories":[3],"tags":[],"yoast_head":"<!-- This site is optimized with the Yoast SEO plugin v15.8 - https:\/\/yoast.com\/wordpress\/plugins\/seo\/ -->\n<title>IBI\u00daNA \u2013 SACUDIDA PELAS REDES SOCIAIS, PARTE DO ELEITORADO DE 2020 N\u00c3O \u00c9 A MESMA DE 2024 - Revista Vitrine Online<\/title>\n<meta name=\"robots\" content=\"index, follow, max-snippet:-1, max-image-preview:large, max-video-preview:-1\" \/>\n<link rel=\"canonical\" href=\"http:\/\/revistavitrineibiuna.com.br\/?p=31907\" \/>\n<meta property=\"og:locale\" content=\"pt_BR\" \/>\n<meta property=\"og:type\" content=\"article\" \/>\n<meta property=\"og:title\" content=\"IBI\u00daNA \u2013 SACUDIDA PELAS REDES SOCIAIS, PARTE DO ELEITORADO DE 2020 N\u00c3O \u00c9 A MESMA DE 2024 - Revista Vitrine Online\" \/>\n<meta property=\"og:description\" content=\"Entra governo, sai governo, e Ibi\u00fana continua sem resolver de modo efetivo seus problemas de sempre que afligem a popula\u00e7\u00e3o,\" \/>\n<meta property=\"og:url\" content=\"http:\/\/revistavitrineibiuna.com.br\/?p=31907\" \/>\n<meta property=\"og:site_name\" content=\"Revista Vitrine Online\" \/>\n<meta property=\"article:published_time\" content=\"2024-08-17T12:20:22+00:00\" \/>\n<meta property=\"article:modified_time\" content=\"2024-08-17T13:26:10+00:00\" \/>\n<meta property=\"og:image\" content=\"http:\/\/revistavitrineibiuna.com.br\/wp-content\/uploads\/2024\/08\/foto-do-alto.png\" \/>\n\t<meta property=\"og:image:width\" content=\"1360\" \/>\n\t<meta property=\"og:image:height\" content=\"860\" \/>\n<meta name=\"twitter:card\" content=\"summary\" \/>\n<meta name=\"twitter:label1\" content=\"Est. reading time\">\n\t<meta name=\"twitter:data1\" content=\"3 minutos\">\n<script type=\"application\/ld+json\" class=\"yoast-schema-graph\">{\"@context\":\"https:\/\/schema.org\",\"@graph\":[{\"@type\":\"WebSite\",\"@id\":\"https:\/\/revistavitrineibiuna.com.br\/#website\",\"url\":\"https:\/\/revistavitrineibiuna.com.br\/\",\"name\":\"Revista Vitrine Ibi\\u00fana\",\"description\":\"A Revista de Ibi\\u00fana e Regi\\u00e3o\",\"publisher\":{\"@id\":\"https:\/\/revistavitrineibiuna.com.br\/#\/schema\/person\/e51ef49d6d88170ea21ceabff3f73deb\"},\"potentialAction\":[{\"@type\":\"SearchAction\",\"target\":\"https:\/\/revistavitrineibiuna.com.br\/?s={search_term_string}\",\"query-input\":\"required name=search_term_string\"}],\"inLanguage\":\"pt-BR\"},{\"@type\":\"ImageObject\",\"@id\":\"http:\/\/revistavitrineibiuna.com.br\/?p=31907#primaryimage\",\"inLanguage\":\"pt-BR\",\"url\":\"http:\/\/revistavitrineibiuna.com.br\/wp-content\/uploads\/2024\/08\/foto-do-alto.png\",\"width\":1360,\"height\":860},{\"@type\":\"WebPage\",\"@id\":\"http:\/\/revistavitrineibiuna.com.br\/?p=31907#webpage\",\"url\":\"http:\/\/revistavitrineibiuna.com.br\/?p=31907\",\"name\":\"IBI\\u00daNA \\u2013 SACUDIDA PELAS REDES SOCIAIS, PARTE DO ELEITORADO DE 2020 N\\u00c3O \\u00c9 A MESMA DE 2024 - Revista Vitrine Online\",\"isPartOf\":{\"@id\":\"https:\/\/revistavitrineibiuna.com.br\/#website\"},\"primaryImageOfPage\":{\"@id\":\"http:\/\/revistavitrineibiuna.com.br\/?p=31907#primaryimage\"},\"datePublished\":\"2024-08-17T12:20:22+00:00\",\"dateModified\":\"2024-08-17T13:26:10+00:00\",\"breadcrumb\":{\"@id\":\"http:\/\/revistavitrineibiuna.com.br\/?p=31907#breadcrumb\"},\"inLanguage\":\"pt-BR\",\"potentialAction\":[{\"@type\":\"ReadAction\",\"target\":[\"http:\/\/revistavitrineibiuna.com.br\/?p=31907\"]}]},{\"@type\":\"BreadcrumbList\",\"@id\":\"http:\/\/revistavitrineibiuna.com.br\/?p=31907#breadcrumb\",\"itemListElement\":[{\"@type\":\"ListItem\",\"position\":1,\"item\":{\"@type\":\"WebPage\",\"@id\":\"https:\/\/revistavitrineibiuna.com.br\/\",\"url\":\"https:\/\/revistavitrineibiuna.com.br\/\",\"name\":\"In\\u00edcio\"}},{\"@type\":\"ListItem\",\"position\":2,\"item\":{\"@type\":\"WebPage\",\"@id\":\"http:\/\/revistavitrineibiuna.com.br\/?p=31907\",\"url\":\"http:\/\/revistavitrineibiuna.com.br\/?p=31907\",\"name\":\"IBI\\u00daNA \\u2013 SACUDIDA PELAS REDES SOCIAIS, PARTE DO ELEITORADO DE 2020 N\\u00c3O \\u00c9 A MESMA DE 2024\"}}]},{\"@type\":\"Article\",\"@id\":\"http:\/\/revistavitrineibiuna.com.br\/?p=31907#article\",\"isPartOf\":{\"@id\":\"http:\/\/revistavitrineibiuna.com.br\/?p=31907#webpage\"},\"author\":{\"@id\":\"https:\/\/revistavitrineibiuna.com.br\/#\/schema\/person\/e51ef49d6d88170ea21ceabff3f73deb\"},\"headline\":\"IBI\\u00daNA \\u2013 SACUDIDA PELAS REDES SOCIAIS, PARTE DO ELEITORADO DE 2020 N\\u00c3O \\u00c9 A MESMA DE 2024\",\"datePublished\":\"2024-08-17T12:20:22+00:00\",\"dateModified\":\"2024-08-17T13:26:10+00:00\",\"mainEntityOfPage\":{\"@id\":\"http:\/\/revistavitrineibiuna.com.br\/?p=31907#webpage\"},\"commentCount\":0,\"publisher\":{\"@id\":\"https:\/\/revistavitrineibiuna.com.br\/#\/schema\/person\/e51ef49d6d88170ea21ceabff3f73deb\"},\"image\":{\"@id\":\"http:\/\/revistavitrineibiuna.com.br\/?p=31907#primaryimage\"},\"articleSection\":\"Not\\u00edcias\",\"inLanguage\":\"pt-BR\",\"potentialAction\":[{\"@type\":\"CommentAction\",\"name\":\"Comment\",\"target\":[\"http:\/\/revistavitrineibiuna.com.br\/?p=31907#respond\"]}]},{\"@type\":[\"Person\",\"Organization\"],\"@id\":\"https:\/\/revistavitrineibiuna.com.br\/#\/schema\/person\/e51ef49d6d88170ea21ceabff3f73deb\",\"name\":\"Carlos Rossini\",\"image\":{\"@type\":\"ImageObject\",\"@id\":\"https:\/\/revistavitrineibiuna.com.br\/#personlogo\",\"inLanguage\":\"pt-BR\",\"url\":\"http:\/\/1.gravatar.com\/avatar\/4f2d0f99fac1f85c7d643f21f5c8d900?s=96&d=mm&r=g\",\"caption\":\"Carlos Rossini\"},\"logo\":{\"@id\":\"https:\/\/revistavitrineibiuna.com.br\/#personlogo\"},\"description\":\"Carlos Rossini \\u00e9 jornalista, soci\\u00f3logo, escritor e professor universit\\u00e1rio, tendo sido professor de jornalismo por vinte anos. Trabalhou em ve\\u00edculos de comunica\\u00e7\\u00e3o nas fun\\u00e7\\u00f5es de rep\\u00f3rter, redator, editor, articulista e colaborador, como Folha de S. Paulo, O Estado de S. Paulo, Di\\u00e1rio Popular, entre outros. Ao transferir a revista vitrine, vers\\u00e3o imprensa, de S\\u00e3o Paulo para Ibi\\u00fana h\\u00e1 alguns anos, iniciou uma nova experi\\u00eancia profissional, dedicando-se ao jornalismo regional, depois de cumprir uma trajet\\u00f3ria bem-sucedida na grande imprensa brasileira. Seu primeiro livro A Coragem de Comunicar foi lan\\u00e7ado na Bienal do Livro em S\\u00e3o Paulo no ano 2000, pela editora Madras.\"}]}<\/script>\n<!-- \/ Yoast SEO plugin. -->","_links":{"self":[{"href":"http:\/\/revistavitrineibiuna.com.br\/index.php?rest_route=\/wp\/v2\/posts\/31907"}],"collection":[{"href":"http:\/\/revistavitrineibiuna.com.br\/index.php?rest_route=\/wp\/v2\/posts"}],"about":[{"href":"http:\/\/revistavitrineibiuna.com.br\/index.php?rest_route=\/wp\/v2\/types\/post"}],"author":[{"embeddable":true,"href":"http:\/\/revistavitrineibiuna.com.br\/index.php?rest_route=\/wp\/v2\/users\/1"}],"replies":[{"embeddable":true,"href":"http:\/\/revistavitrineibiuna.com.br\/index.php?rest_route=%2Fwp%2Fv2%2Fcomments&post=31907"}],"version-history":[{"count":3,"href":"http:\/\/revistavitrineibiuna.com.br\/index.php?rest_route=\/wp\/v2\/posts\/31907\/revisions"}],"predecessor-version":[{"id":31913,"href":"http:\/\/revistavitrineibiuna.com.br\/index.php?rest_route=\/wp\/v2\/posts\/31907\/revisions\/31913"}],"wp:featuredmedia":[{"embeddable":true,"href":"http:\/\/revistavitrineibiuna.com.br\/index.php?rest_route=\/wp\/v2\/media\/31909"}],"wp:attachment":[{"href":"http:\/\/revistavitrineibiuna.com.br\/index.php?rest_route=%2Fwp%2Fv2%2Fmedia&parent=31907"}],"wp:term":[{"taxonomy":"category","embeddable":true,"href":"http:\/\/revistavitrineibiuna.com.br\/index.php?rest_route=%2Fwp%2Fv2%2Fcategories&post=31907"},{"taxonomy":"post_tag","embeddable":true,"href":"http:\/\/revistavitrineibiuna.com.br\/index.php?rest_route=%2Fwp%2Fv2%2Ftags&post=31907"}],"curies":[{"name":"wp","href":"https:\/\/api.w.org\/{rel}","templated":true}]}}