{"id":31914,"date":"2024-08-17T11:24:40","date_gmt":"2024-08-17T14:24:40","guid":{"rendered":"http:\/\/revistavitrineibiuna.com.br\/?p=31914"},"modified":"2024-08-17T12:01:49","modified_gmt":"2024-08-17T15:01:49","slug":"morre-o-homem-show-do-brasil-aos-93-anos","status":"publish","type":"post","link":"http:\/\/revistavitrineibiuna.com.br\/?p=31914","title":{"rendered":"MORRE O HOMEM SHOW DO BRASIL AOS 93 ANOS"},"content":{"rendered":"\n<p class=\"has-drop-cap\"><strong>Silvio Santos, o maior comunicador da hist\u00f3ria da televis\u00e3o brasileira morreu, neste s\u00e1bado (17), \u00e0s 4h50, aos 93 anos, onde estava internado em um hospital paulistano.<\/strong><\/p>\n\n\n\n<p><strong>Amado pelo povo atuou na televis\u00e3o durante mais de 65 anos divertindo e entretendo os telespectadores com seu sorriso largo e uma anima\u00e7\u00e3o contagiante.<\/strong><\/p>\n\n\n\n<p><strong>O SBT, emissora da qual era propriet\u00e1rio h\u00e1 d\u00e9cadas emitiu uma nota que diz:<\/strong><\/p>\n\n\n\n<p><strong>\u201cHoje o c\u00e9u est\u00e1 alegre com a chegada do nosso amado Silvio Santos. Ele viveu 93 anos para levar felicidade e amor a todos os brasileiros.<\/strong><\/p>\n\n\n\n<p>Atuando na televis\u00e3o desde 1960, expandiu seus neg\u00f3cios e construiu um&nbsp;<a href=\"https:\/\/pt.wikipedia.org\/wiki\/Grupo_Silvio_Santos\">grupo empresarial que leva seu nome<\/a>.<sup>.<\/sup>Tamb\u00e9m marcou presen\u00e7a na&nbsp;<a href=\"https:\/\/pt.wikipedia.org\/wiki\/M%C3%BAsica\">m\u00fasica<\/a>&nbsp;e na&nbsp;<a href=\"https:\/\/pt.wikipedia.org\/wiki\/Pol%C3%ADtica\">pol\u00edtica<\/a>.<\/p>\n\n\n\n<p>Silvio Santos (nome art\u00edstico de Senor Abravanel) nasceu no bairro da&nbsp;<a href=\"https:\/\/pt.wikipedia.org\/wiki\/Lapa_(Rio_de_Janeiro)\">Lapa<\/a>, na regi\u00e3o central da cidade do Rio de Janeiro, ent\u00e3o capital do Brasil e sede do ent\u00e3o&nbsp;<a href=\"https:\/\/pt.wikipedia.org\/wiki\/Distrito_Federal_do_Brasil_(1891%E2%80%931960)\">Distrito Federal<\/a>. Era filho primog\u00eanito de um casal de imigrantes&nbsp;<a href=\"https:\/\/pt.wikipedia.org\/wiki\/Judeu\">judeus<\/a>&nbsp;<a href=\"https:\/\/pt.wikipedia.org\/wiki\/Sefarditas\">sefarditas<\/a>&nbsp;vindo em 1924 para o Brasil, Alberto Abravanel (1897\u20131976), nascido em&nbsp;<a href=\"https:\/\/pt.wikipedia.org\/wiki\/Tessal%C3%B4nica\">Tessal\u00f4nica<\/a>e Rebeca Caro (1907 \u2013 1989), nascida em&nbsp;<a href=\"https:\/\/pt.wikipedia.org\/wiki\/Esmirna\">Esmirna<\/a>.<\/p>\n\n\n\n<p>Estreou na televis\u00e3o no in\u00edcio da d\u00e9cada de 1960 apresentando o&nbsp;<em><a href=\"https:\/\/pt.wikipedia.org\/wiki\/Vamos_Brincar_de_Forca\">Vamos Brincar de Forca<\/a><\/em>, exibido pela&nbsp;<a href=\"https:\/\/pt.wikipedia.org\/wiki\/TV_Paulista\">TV Paulista<\/a>, que posteriormente tornou-se o&nbsp;<em>Programa Silvio Santos<\/em>, agrupamento de v\u00e1rios&nbsp;<a href=\"https:\/\/pt.wikipedia.org\/wiki\/Programa_de_audit%C3%B3rio\">programas de audit\u00f3rio<\/a>&nbsp;e quadros. A atra\u00e7\u00e3o transformou Silvio Santos em um dos grandes \u00edcones da&nbsp;<a href=\"https:\/\/pt.wikipedia.org\/wiki\/Televis%C3%A3o_no_Brasil\">televis\u00e3o brasileira<\/a>.<\/p>\n\n\n\n<p>Foi propriet\u00e1rio do&nbsp;<a href=\"https:\/\/pt.wikipedia.org\/wiki\/Grupo_Silvio_Santos\">Grupo Silvio Santos<\/a>, conglomerado que inclui entre suas empresas o&nbsp;<a href=\"https:\/\/pt.wikipedia.org\/wiki\/Sistema_Brasileiro_de_Televis%C3%A3o\">Sistema Brasileiro de Televis\u00e3o<\/a>&nbsp;(popularmente conhecido pela sigla SBT), uma das maiores redes de TV do pa\u00eds, a&nbsp;<a href=\"https:\/\/pt.wikipedia.org\/wiki\/Lideran%C3%A7a_Capitaliza%C3%A7%C3%A3o\">Lideran\u00e7a Capitaliza\u00e7\u00e3o<\/a>&nbsp;(administradora do t\u00edtulo&nbsp;<a href=\"https:\/\/pt.wikipedia.org\/wiki\/Tele_Sena\">Tele Sena<\/a>), a&nbsp;<a href=\"https:\/\/pt.wikipedia.org\/wiki\/Jequiti\">Jequiti<\/a>&nbsp;e a&nbsp;<a href=\"https:\/\/pt.wikipedia.org\/wiki\/TV_Alphaville\">TV Alphaville<\/a>. Seu patrim\u00f4nio l\u00edquido foi estimado em 1,3 bilh\u00e3o de d\u00f3lares em 2013, sendo a \u00fanica celebridade brasileira na&nbsp;<a href=\"https:\/\/pt.wikipedia.org\/wiki\/Listas_de_bilion%C3%A1rios\">lista de bilion\u00e1rios<\/a>&nbsp;da revista&nbsp;<em><a href=\"https:\/\/pt.wikipedia.org\/wiki\/Forbes\">Forbes<\/a><\/em>.&nbsp;Em 2001, Silvio Santos foi homenageado pela&nbsp;<a href=\"https:\/\/pt.wikipedia.org\/wiki\/Escola_de_samba\">escola de samba<\/a>&nbsp;carioca&nbsp;<a href=\"https:\/\/pt.wikipedia.org\/wiki\/Tradi%C3%A7%C3%A3o_(escola_de_samba)\">Tradi\u00e7\u00e3o<\/a>.<\/p>\n\n\n\n<p>LUTO POR SILVIO<\/p>\n\n\n\n<p>Silvio foi internado no Hospital Albert Einstein no dia 18 de julho para tratamento de uma gripe provocada pelo H1n1. Teve alta dois dias depois, mas no dia 1\u00ba de agosto voltou a ser internado no mesmo hospital onde veio a falecer.<\/p>\n\n\n\n<p>A repercuss\u00e3o de sua morte est\u00e1 ocorrendo em todo o Pa\u00eds, atrav\u00e9s de programas especiais nas emissoras de televis\u00e3o e de r\u00e1dio e j\u00e1 viralizou nas redes sociais, com manifesta\u00e7\u00f5es de carinho, respeito e homenagens ao mais popular apresentador de programas da televis\u00e3o brasileira.<\/p>\n","protected":false},"excerpt":{"rendered":"<p>Silvio Santos, o maior comunicador da hist\u00f3ria da televis\u00e3o brasileira morreu, neste s\u00e1bado (17), \u00e0s 4h50, aos 93 anos, onde<\/p>\n","protected":false},"author":1,"featured_media":31915,"comment_status":"open","ping_status":"open","sticky":false,"template":"","format":"standard","meta":[],"categories":[1],"tags":[],"yoast_head":"<!-- This site is optimized with the Yoast SEO plugin v15.8 - https:\/\/yoast.com\/wordpress\/plugins\/seo\/ -->\n<title>MORRE O HOMEM SHOW DO BRASIL AOS 93 ANOS - Revista Vitrine Online<\/title>\n<meta name=\"robots\" content=\"index, follow, max-snippet:-1, max-image-preview:large, max-video-preview:-1\" \/>\n<link rel=\"canonical\" href=\"http:\/\/revistavitrineibiuna.com.br\/?p=31914\" \/>\n<meta property=\"og:locale\" content=\"pt_BR\" \/>\n<meta property=\"og:type\" content=\"article\" \/>\n<meta property=\"og:title\" content=\"MORRE O HOMEM SHOW DO BRASIL AOS 93 ANOS - Revista Vitrine Online\" \/>\n<meta property=\"og:description\" content=\"Silvio Santos, o maior comunicador da hist\u00f3ria da televis\u00e3o brasileira morreu, neste s\u00e1bado (17), \u00e0s 4h50, aos 93 anos, onde\" \/>\n<meta property=\"og:url\" content=\"http:\/\/revistavitrineibiuna.com.br\/?p=31914\" \/>\n<meta property=\"og:site_name\" content=\"Revista Vitrine Online\" \/>\n<meta property=\"article:published_time\" content=\"2024-08-17T14:24:40+00:00\" \/>\n<meta property=\"article:modified_time\" content=\"2024-08-17T15:01:49+00:00\" \/>\n<meta property=\"og:image\" content=\"http:\/\/revistavitrineibiuna.com.br\/wp-content\/uploads\/2024\/08\/silvio-santos-agora.png\" \/>\n\t<meta property=\"og:image:width\" content=\"849\" \/>\n\t<meta property=\"og:image:height\" content=\"549\" \/>\n<meta name=\"twitter:card\" content=\"summary\" \/>\n<meta name=\"twitter:label1\" content=\"Est. reading time\">\n\t<meta name=\"twitter:data1\" content=\"2 minutos\">\n<script type=\"application\/ld+json\" class=\"yoast-schema-graph\">{\"@context\":\"https:\/\/schema.org\",\"@graph\":[{\"@type\":\"WebSite\",\"@id\":\"https:\/\/revistavitrineibiuna.com.br\/#website\",\"url\":\"https:\/\/revistavitrineibiuna.com.br\/\",\"name\":\"Revista Vitrine Ibi\\u00fana\",\"description\":\"A Revista de Ibi\\u00fana e Regi\\u00e3o\",\"publisher\":{\"@id\":\"https:\/\/revistavitrineibiuna.com.br\/#\/schema\/person\/e51ef49d6d88170ea21ceabff3f73deb\"},\"potentialAction\":[{\"@type\":\"SearchAction\",\"target\":\"https:\/\/revistavitrineibiuna.com.br\/?s={search_term_string}\",\"query-input\":\"required name=search_term_string\"}],\"inLanguage\":\"pt-BR\"},{\"@type\":\"ImageObject\",\"@id\":\"http:\/\/revistavitrineibiuna.com.br\/?p=31914#primaryimage\",\"inLanguage\":\"pt-BR\",\"url\":\"http:\/\/revistavitrineibiuna.com.br\/wp-content\/uploads\/2024\/08\/silvio-santos-agora.png\",\"width\":849,\"height\":549},{\"@type\":\"WebPage\",\"@id\":\"http:\/\/revistavitrineibiuna.com.br\/?p=31914#webpage\",\"url\":\"http:\/\/revistavitrineibiuna.com.br\/?p=31914\",\"name\":\"MORRE O HOMEM SHOW DO BRASIL AOS 93 ANOS - Revista Vitrine Online\",\"isPartOf\":{\"@id\":\"https:\/\/revistavitrineibiuna.com.br\/#website\"},\"primaryImageOfPage\":{\"@id\":\"http:\/\/revistavitrineibiuna.com.br\/?p=31914#primaryimage\"},\"datePublished\":\"2024-08-17T14:24:40+00:00\",\"dateModified\":\"2024-08-17T15:01:49+00:00\",\"breadcrumb\":{\"@id\":\"http:\/\/revistavitrineibiuna.com.br\/?p=31914#breadcrumb\"},\"inLanguage\":\"pt-BR\",\"potentialAction\":[{\"@type\":\"ReadAction\",\"target\":[\"http:\/\/revistavitrineibiuna.com.br\/?p=31914\"]}]},{\"@type\":\"BreadcrumbList\",\"@id\":\"http:\/\/revistavitrineibiuna.com.br\/?p=31914#breadcrumb\",\"itemListElement\":[{\"@type\":\"ListItem\",\"position\":1,\"item\":{\"@type\":\"WebPage\",\"@id\":\"https:\/\/revistavitrineibiuna.com.br\/\",\"url\":\"https:\/\/revistavitrineibiuna.com.br\/\",\"name\":\"In\\u00edcio\"}},{\"@type\":\"ListItem\",\"position\":2,\"item\":{\"@type\":\"WebPage\",\"@id\":\"http:\/\/revistavitrineibiuna.com.br\/?p=31914\",\"url\":\"http:\/\/revistavitrineibiuna.com.br\/?p=31914\",\"name\":\"MORRE O HOMEM SHOW DO BRASIL AOS 93 ANOS\"}}]},{\"@type\":\"Article\",\"@id\":\"http:\/\/revistavitrineibiuna.com.br\/?p=31914#article\",\"isPartOf\":{\"@id\":\"http:\/\/revistavitrineibiuna.com.br\/?p=31914#webpage\"},\"author\":{\"@id\":\"https:\/\/revistavitrineibiuna.com.br\/#\/schema\/person\/e51ef49d6d88170ea21ceabff3f73deb\"},\"headline\":\"MORRE O HOMEM SHOW DO BRASIL AOS 93 ANOS\",\"datePublished\":\"2024-08-17T14:24:40+00:00\",\"dateModified\":\"2024-08-17T15:01:49+00:00\",\"mainEntityOfPage\":{\"@id\":\"http:\/\/revistavitrineibiuna.com.br\/?p=31914#webpage\"},\"commentCount\":0,\"publisher\":{\"@id\":\"https:\/\/revistavitrineibiuna.com.br\/#\/schema\/person\/e51ef49d6d88170ea21ceabff3f73deb\"},\"image\":{\"@id\":\"http:\/\/revistavitrineibiuna.com.br\/?p=31914#primaryimage\"},\"articleSection\":\"Uncategorized\",\"inLanguage\":\"pt-BR\",\"potentialAction\":[{\"@type\":\"CommentAction\",\"name\":\"Comment\",\"target\":[\"http:\/\/revistavitrineibiuna.com.br\/?p=31914#respond\"]}]},{\"@type\":[\"Person\",\"Organization\"],\"@id\":\"https:\/\/revistavitrineibiuna.com.br\/#\/schema\/person\/e51ef49d6d88170ea21ceabff3f73deb\",\"name\":\"Carlos Rossini\",\"image\":{\"@type\":\"ImageObject\",\"@id\":\"https:\/\/revistavitrineibiuna.com.br\/#personlogo\",\"inLanguage\":\"pt-BR\",\"url\":\"http:\/\/1.gravatar.com\/avatar\/4f2d0f99fac1f85c7d643f21f5c8d900?s=96&d=mm&r=g\",\"caption\":\"Carlos Rossini\"},\"logo\":{\"@id\":\"https:\/\/revistavitrineibiuna.com.br\/#personlogo\"},\"description\":\"Carlos Rossini \\u00e9 jornalista, soci\\u00f3logo, escritor e professor universit\\u00e1rio, tendo sido professor de jornalismo por vinte anos. Trabalhou em ve\\u00edculos de comunica\\u00e7\\u00e3o nas fun\\u00e7\\u00f5es de rep\\u00f3rter, redator, editor, articulista e colaborador, como Folha de S. Paulo, O Estado de S. Paulo, Di\\u00e1rio Popular, entre outros. Ao transferir a revista vitrine, vers\\u00e3o imprensa, de S\\u00e3o Paulo para Ibi\\u00fana h\\u00e1 alguns anos, iniciou uma nova experi\\u00eancia profissional, dedicando-se ao jornalismo regional, depois de cumprir uma trajet\\u00f3ria bem-sucedida na grande imprensa brasileira. Seu primeiro livro A Coragem de Comunicar foi lan\\u00e7ado na Bienal do Livro em S\\u00e3o Paulo no ano 2000, pela editora Madras.\"}]}<\/script>\n<!-- \/ Yoast SEO plugin. -->","_links":{"self":[{"href":"http:\/\/revistavitrineibiuna.com.br\/index.php?rest_route=\/wp\/v2\/posts\/31914"}],"collection":[{"href":"http:\/\/revistavitrineibiuna.com.br\/index.php?rest_route=\/wp\/v2\/posts"}],"about":[{"href":"http:\/\/revistavitrineibiuna.com.br\/index.php?rest_route=\/wp\/v2\/types\/post"}],"author":[{"embeddable":true,"href":"http:\/\/revistavitrineibiuna.com.br\/index.php?rest_route=\/wp\/v2\/users\/1"}],"replies":[{"embeddable":true,"href":"http:\/\/revistavitrineibiuna.com.br\/index.php?rest_route=%2Fwp%2Fv2%2Fcomments&post=31914"}],"version-history":[{"count":4,"href":"http:\/\/revistavitrineibiuna.com.br\/index.php?rest_route=\/wp\/v2\/posts\/31914\/revisions"}],"predecessor-version":[{"id":31920,"href":"http:\/\/revistavitrineibiuna.com.br\/index.php?rest_route=\/wp\/v2\/posts\/31914\/revisions\/31920"}],"wp:featuredmedia":[{"embeddable":true,"href":"http:\/\/revistavitrineibiuna.com.br\/index.php?rest_route=\/wp\/v2\/media\/31915"}],"wp:attachment":[{"href":"http:\/\/revistavitrineibiuna.com.br\/index.php?rest_route=%2Fwp%2Fv2%2Fmedia&parent=31914"}],"wp:term":[{"taxonomy":"category","embeddable":true,"href":"http:\/\/revistavitrineibiuna.com.br\/index.php?rest_route=%2Fwp%2Fv2%2Fcategories&post=31914"},{"taxonomy":"post_tag","embeddable":true,"href":"http:\/\/revistavitrineibiuna.com.br\/index.php?rest_route=%2Fwp%2Fv2%2Ftags&post=31914"}],"curies":[{"name":"wp","href":"https:\/\/api.w.org\/{rel}","templated":true}]}}