{"id":31925,"date":"2024-08-20T14:53:55","date_gmt":"2024-08-20T17:53:55","guid":{"rendered":"http:\/\/revistavitrineibiuna.com.br\/?p=31925"},"modified":"2024-08-21T13:15:18","modified_gmt":"2024-08-21T16:15:18","slug":"tvuna-eleicoes-2024-ibiuna-vai-mudar-ou-continuar-na-mesma","status":"publish","type":"post","link":"http:\/\/revistavitrineibiuna.com.br\/?p=31925","title":{"rendered":"TVUNA \u2013 ELEI\u00c7\u00d5ES 2024: IBI\u00daNA VAI MUDAR OU CONTINUAR NA MESMA?"},"content":{"rendered":"\n<p class=\"has-drop-cap\"><strong>Um historiador que conhece Ibi\u00fana como pesquisador incans\u00e1vel [ele j\u00e1 escreveu tr\u00eas livros sobre a cidade], uma professora que dirige uma escola e j\u00e1 foi secret\u00e1ria de Educa\u00e7\u00e3o e um jornalista que acompanha os fatos que ocorrem no munic\u00edpio h\u00e1 muitos anos.<\/strong><\/p>\n\n\n\n<p><strong>Os tr\u00eas estar\u00e3o reunidos nesta quarta-feira, dia 21, \u00e0s 20h, em &nbsp;programa ao vivo para avaliar a tradi\u00e7\u00e3o pol\u00edtica ibiunense e, sobretudo, quais s\u00e3o as chances de uma mudan\u00e7a significativa na administra\u00e7\u00e3o p\u00fablica do munic\u00edpio que se traduza na melhoria efetiva das condi\u00e7\u00f5es de vida da popula\u00e7\u00e3o.<\/strong><\/p>\n\n\n\n<p><strong>AO VIVO<\/strong><\/p>\n\n\n\n<p><strong>O programa ser\u00e1 transmitido ao vivo pelo Youtube, Facebook e Instagram e ter\u00e1 a participa\u00e7\u00e3o do historiador Jos\u00e9 Gomes Linense, eleito por tr\u00eas vezes vereador e autor de leis importantes. Tamb\u00e9m participar\u00e1 a professora, diretora de escola e ex-secret\u00e1ria da Educa\u00e7\u00e3o, Naiane Pereira Leite. E o jornalista Carlos Rossini.<\/strong><\/p>\n\n\n\n<p><strong>VOC\u00ca PODE PARTICIPAR<\/strong><\/p>\n\n\n\n<p><strong>Todos os telespectadores poder\u00e3o participar ao vivo do programa com perguntas, ideias, coment\u00e1rios por meio do chat do canal da TVUNA. Basta se inscrever: <a href=\"mailto:youtube.com\/@tv-una\">youtube.com\/@tv-una<\/a>.<\/strong><\/p>\n\n\n\n<p><strong>Eis algumas d\u00favidas que n\u00e3o querem calar:<\/strong><\/p>\n\n\n\n<p><strong>Por que, ao contr\u00e1rio de cidades vizinhas como Piedade e S\u00e3o Roque, Ibi\u00fana se mostra parada no tempo segundo coment\u00e1rios frequentes dos cidad\u00e3os ouvidos em todos os lugares?<\/strong><\/p>\n\n\n\n<p><strong>Por que alguns empres\u00e1rios ibiunenses investem em outros munic\u00edpios em vez de empreender aqui? Por que o decantado polo industrial n\u00e3o decola? E as obras de infraestrutura tur\u00edstica para atrair e acolher visitantes na cidade por que n\u00e3o acontecem, j\u00e1 que Ibi\u00fana \u00e9 uma est\u00e2ncia tur\u00edstica h\u00e1 24 anos?<\/strong><\/p>\n\n\n\n<p><strong>Por que as pessoas quando s\u00e3o ouvidas nas ruas e pra\u00e7as p\u00fablicas, durante uma pesquisa eleitoral, j\u00e1 que este ano haver\u00e1 elei\u00e7\u00f5es em 6 de outubro, dizem n\u00e3o acreditar em mudan\u00e7a e que os pol\u00edticos s\u00e3o \u201ctodos iguais\u201d e que n\u00e3o cumprem o que prometem durante a campanha?<\/strong><\/p>\n\n\n\n<p><strong>O programa \u00e9 mais uma iniciativa para ajudar os eleitores a terem uma compreens\u00e3o da realidade na cidade em que vivem e possam votar de modo mais consciente e independente da tradicional e estereotipada l\u00e1bia dos pol\u00edticos.<\/strong><\/p>\n","protected":false},"excerpt":{"rendered":"<p>Um historiador que conhece Ibi\u00fana como pesquisador incans\u00e1vel [ele j\u00e1 escreveu tr\u00eas livros sobre a cidade], uma professora que dirige<\/p>\n","protected":false},"author":1,"featured_media":31926,"comment_status":"open","ping_status":"open","sticky":false,"template":"","format":"standard","meta":[],"categories":[3],"tags":[],"yoast_head":"<!-- This site is optimized with the Yoast SEO plugin v15.8 - https:\/\/yoast.com\/wordpress\/plugins\/seo\/ -->\n<title>TVUNA \u2013 ELEI\u00c7\u00d5ES 2024: IBI\u00daNA VAI MUDAR OU CONTINUAR NA MESMA? - Revista Vitrine Online<\/title>\n<meta name=\"robots\" content=\"index, follow, max-snippet:-1, max-image-preview:large, max-video-preview:-1\" \/>\n<link rel=\"canonical\" href=\"http:\/\/revistavitrineibiuna.com.br\/?p=31925\" \/>\n<meta property=\"og:locale\" content=\"pt_BR\" \/>\n<meta property=\"og:type\" content=\"article\" \/>\n<meta property=\"og:title\" content=\"TVUNA \u2013 ELEI\u00c7\u00d5ES 2024: IBI\u00daNA VAI MUDAR OU CONTINUAR NA MESMA? - Revista Vitrine Online\" \/>\n<meta property=\"og:description\" content=\"Um historiador que conhece Ibi\u00fana como pesquisador incans\u00e1vel [ele j\u00e1 escreveu tr\u00eas livros sobre a cidade], uma professora que dirige\" \/>\n<meta property=\"og:url\" content=\"http:\/\/revistavitrineibiuna.com.br\/?p=31925\" \/>\n<meta property=\"og:site_name\" content=\"Revista Vitrine Online\" \/>\n<meta property=\"article:published_time\" content=\"2024-08-20T17:53:55+00:00\" \/>\n<meta property=\"article:modified_time\" content=\"2024-08-21T16:15:18+00:00\" \/>\n<meta property=\"og:image\" content=\"http:\/\/revistavitrineibiuna.com.br\/wp-content\/uploads\/2024\/08\/naiane-e-linense.png\" \/>\n\t<meta property=\"og:image:width\" content=\"1428\" \/>\n\t<meta property=\"og:image:height\" content=\"783\" \/>\n<meta name=\"twitter:card\" content=\"summary\" \/>\n<meta name=\"twitter:label1\" content=\"Est. reading time\">\n\t<meta name=\"twitter:data1\" content=\"2 minutos\">\n<script type=\"application\/ld+json\" class=\"yoast-schema-graph\">{\"@context\":\"https:\/\/schema.org\",\"@graph\":[{\"@type\":\"WebSite\",\"@id\":\"https:\/\/revistavitrineibiuna.com.br\/#website\",\"url\":\"https:\/\/revistavitrineibiuna.com.br\/\",\"name\":\"Revista Vitrine Ibi\\u00fana\",\"description\":\"A Revista de Ibi\\u00fana e Regi\\u00e3o\",\"publisher\":{\"@id\":\"https:\/\/revistavitrineibiuna.com.br\/#\/schema\/person\/e51ef49d6d88170ea21ceabff3f73deb\"},\"potentialAction\":[{\"@type\":\"SearchAction\",\"target\":\"https:\/\/revistavitrineibiuna.com.br\/?s={search_term_string}\",\"query-input\":\"required name=search_term_string\"}],\"inLanguage\":\"pt-BR\"},{\"@type\":\"ImageObject\",\"@id\":\"http:\/\/revistavitrineibiuna.com.br\/?p=31925#primaryimage\",\"inLanguage\":\"pt-BR\",\"url\":\"http:\/\/revistavitrineibiuna.com.br\/wp-content\/uploads\/2024\/08\/naiane-e-linense.png\",\"width\":1428,\"height\":783},{\"@type\":\"WebPage\",\"@id\":\"http:\/\/revistavitrineibiuna.com.br\/?p=31925#webpage\",\"url\":\"http:\/\/revistavitrineibiuna.com.br\/?p=31925\",\"name\":\"TVUNA \\u2013 ELEI\\u00c7\\u00d5ES 2024: IBI\\u00daNA VAI MUDAR OU CONTINUAR NA MESMA? - Revista Vitrine Online\",\"isPartOf\":{\"@id\":\"https:\/\/revistavitrineibiuna.com.br\/#website\"},\"primaryImageOfPage\":{\"@id\":\"http:\/\/revistavitrineibiuna.com.br\/?p=31925#primaryimage\"},\"datePublished\":\"2024-08-20T17:53:55+00:00\",\"dateModified\":\"2024-08-21T16:15:18+00:00\",\"breadcrumb\":{\"@id\":\"http:\/\/revistavitrineibiuna.com.br\/?p=31925#breadcrumb\"},\"inLanguage\":\"pt-BR\",\"potentialAction\":[{\"@type\":\"ReadAction\",\"target\":[\"http:\/\/revistavitrineibiuna.com.br\/?p=31925\"]}]},{\"@type\":\"BreadcrumbList\",\"@id\":\"http:\/\/revistavitrineibiuna.com.br\/?p=31925#breadcrumb\",\"itemListElement\":[{\"@type\":\"ListItem\",\"position\":1,\"item\":{\"@type\":\"WebPage\",\"@id\":\"https:\/\/revistavitrineibiuna.com.br\/\",\"url\":\"https:\/\/revistavitrineibiuna.com.br\/\",\"name\":\"In\\u00edcio\"}},{\"@type\":\"ListItem\",\"position\":2,\"item\":{\"@type\":\"WebPage\",\"@id\":\"http:\/\/revistavitrineibiuna.com.br\/?p=31925\",\"url\":\"http:\/\/revistavitrineibiuna.com.br\/?p=31925\",\"name\":\"TVUNA \\u2013 ELEI\\u00c7\\u00d5ES 2024: IBI\\u00daNA VAI MUDAR OU CONTINUAR NA MESMA?\"}}]},{\"@type\":\"Article\",\"@id\":\"http:\/\/revistavitrineibiuna.com.br\/?p=31925#article\",\"isPartOf\":{\"@id\":\"http:\/\/revistavitrineibiuna.com.br\/?p=31925#webpage\"},\"author\":{\"@id\":\"https:\/\/revistavitrineibiuna.com.br\/#\/schema\/person\/e51ef49d6d88170ea21ceabff3f73deb\"},\"headline\":\"TVUNA \\u2013 ELEI\\u00c7\\u00d5ES 2024: IBI\\u00daNA VAI MUDAR OU CONTINUAR NA MESMA?\",\"datePublished\":\"2024-08-20T17:53:55+00:00\",\"dateModified\":\"2024-08-21T16:15:18+00:00\",\"mainEntityOfPage\":{\"@id\":\"http:\/\/revistavitrineibiuna.com.br\/?p=31925#webpage\"},\"commentCount\":0,\"publisher\":{\"@id\":\"https:\/\/revistavitrineibiuna.com.br\/#\/schema\/person\/e51ef49d6d88170ea21ceabff3f73deb\"},\"image\":{\"@id\":\"http:\/\/revistavitrineibiuna.com.br\/?p=31925#primaryimage\"},\"articleSection\":\"Not\\u00edcias\",\"inLanguage\":\"pt-BR\",\"potentialAction\":[{\"@type\":\"CommentAction\",\"name\":\"Comment\",\"target\":[\"http:\/\/revistavitrineibiuna.com.br\/?p=31925#respond\"]}]},{\"@type\":[\"Person\",\"Organization\"],\"@id\":\"https:\/\/revistavitrineibiuna.com.br\/#\/schema\/person\/e51ef49d6d88170ea21ceabff3f73deb\",\"name\":\"Carlos Rossini\",\"image\":{\"@type\":\"ImageObject\",\"@id\":\"https:\/\/revistavitrineibiuna.com.br\/#personlogo\",\"inLanguage\":\"pt-BR\",\"url\":\"http:\/\/1.gravatar.com\/avatar\/4f2d0f99fac1f85c7d643f21f5c8d900?s=96&d=mm&r=g\",\"caption\":\"Carlos Rossini\"},\"logo\":{\"@id\":\"https:\/\/revistavitrineibiuna.com.br\/#personlogo\"},\"description\":\"Carlos Rossini \\u00e9 jornalista, soci\\u00f3logo, escritor e professor universit\\u00e1rio, tendo sido professor de jornalismo por vinte anos. Trabalhou em ve\\u00edculos de comunica\\u00e7\\u00e3o nas fun\\u00e7\\u00f5es de rep\\u00f3rter, redator, editor, articulista e colaborador, como Folha de S. Paulo, O Estado de S. Paulo, Di\\u00e1rio Popular, entre outros. Ao transferir a revista vitrine, vers\\u00e3o imprensa, de S\\u00e3o Paulo para Ibi\\u00fana h\\u00e1 alguns anos, iniciou uma nova experi\\u00eancia profissional, dedicando-se ao jornalismo regional, depois de cumprir uma trajet\\u00f3ria bem-sucedida na grande imprensa brasileira. Seu primeiro livro A Coragem de Comunicar foi lan\\u00e7ado na Bienal do Livro em S\\u00e3o Paulo no ano 2000, pela editora Madras.\"}]}<\/script>\n<!-- \/ Yoast SEO plugin. -->","_links":{"self":[{"href":"http:\/\/revistavitrineibiuna.com.br\/index.php?rest_route=\/wp\/v2\/posts\/31925"}],"collection":[{"href":"http:\/\/revistavitrineibiuna.com.br\/index.php?rest_route=\/wp\/v2\/posts"}],"about":[{"href":"http:\/\/revistavitrineibiuna.com.br\/index.php?rest_route=\/wp\/v2\/types\/post"}],"author":[{"embeddable":true,"href":"http:\/\/revistavitrineibiuna.com.br\/index.php?rest_route=\/wp\/v2\/users\/1"}],"replies":[{"embeddable":true,"href":"http:\/\/revistavitrineibiuna.com.br\/index.php?rest_route=%2Fwp%2Fv2%2Fcomments&post=31925"}],"version-history":[{"count":8,"href":"http:\/\/revistavitrineibiuna.com.br\/index.php?rest_route=\/wp\/v2\/posts\/31925\/revisions"}],"predecessor-version":[{"id":31934,"href":"http:\/\/revistavitrineibiuna.com.br\/index.php?rest_route=\/wp\/v2\/posts\/31925\/revisions\/31934"}],"wp:featuredmedia":[{"embeddable":true,"href":"http:\/\/revistavitrineibiuna.com.br\/index.php?rest_route=\/wp\/v2\/media\/31926"}],"wp:attachment":[{"href":"http:\/\/revistavitrineibiuna.com.br\/index.php?rest_route=%2Fwp%2Fv2%2Fmedia&parent=31925"}],"wp:term":[{"taxonomy":"category","embeddable":true,"href":"http:\/\/revistavitrineibiuna.com.br\/index.php?rest_route=%2Fwp%2Fv2%2Fcategories&post=31925"},{"taxonomy":"post_tag","embeddable":true,"href":"http:\/\/revistavitrineibiuna.com.br\/index.php?rest_route=%2Fwp%2Fv2%2Ftags&post=31925"}],"curies":[{"name":"wp","href":"https:\/\/api.w.org\/{rel}","templated":true}]}}