{"id":31935,"date":"2024-08-25T15:18:34","date_gmt":"2024-08-25T18:18:34","guid":{"rendered":"http:\/\/revistavitrineibiuna.com.br\/?p=31935"},"modified":"2024-08-25T17:06:39","modified_gmt":"2024-08-25T20:06:39","slug":"tvuna-thay-biatriz-segue-seu-proprio-caminho-do-sucesso","status":"publish","type":"post","link":"http:\/\/revistavitrineibiuna.com.br\/?p=31935","title":{"rendered":"TVUNA \u2013 THAY BIATRIZ SEGUE SEU PR\u00d3PRIO CAMINHO DO SUCESSO"},"content":{"rendered":"\n<p class=\"has-drop-cap\"><strong>Cinco milh\u00f5es e quinhentas mil visualiza\u00e7\u00f5es depois que publicou um recorte de sua entrevista ao jornalista Carlos Rossini na TVUNA no dia 5 de junho \u00faltimo, a cantora ibiunense Thay Biatriz estar\u00e1 de volta ao est\u00fadio do canal nesta quarta-feira, dia 28, em programa ao vivo, \u00e0s 20 horas, com uma grande novidade.<\/strong><\/p>\n\n\n\n<p><strong>Naquele dia, em determinado momento, Biatriz afirmou:<\/strong><\/p>\n\n\n\n<p><strong>\u201cO caminho de uma pessoa que n\u00e3o bajula (ningu\u00e9m) \u00e9 o mais dif\u00edcil. Sou questionadora de tudo e n\u00e3o consigo viver dentro de uma panelinha. Vou fazer o meu caminho. Se um dia eu estiver em uma rede de televis\u00e3o, direi que foi por m\u00e9rito meu e a f\u00e9 da minha m\u00e3e, e daqueles que acreditaram em mim.\u201d<\/strong><\/p>\n\n\n\n<p><strong>Pois bem! Esse momento parece estar chegando. No pr\u00f3ximo domingo (1\u00ba) Biatriz vai se apresentar contando a sua hist\u00f3ria no programa \u201cDomingo Espetacular\u201d da TV Record, que vai ao ar \u00e0s 19h45, em rede nacional.<\/strong><\/p>\n\n\n\n<p><strong>Antes a rouxinol ibiunense j\u00e1 havia se apresentado duas vezes no SBT. Na primeira vez, no programa do Ratinho, conquistou o primeiro lugar na elei\u00e7\u00e3o por um jurado da voz mais parecida com a saudosa cantora Mar\u00edlia Mendon\u00e7a.<\/strong><\/p>\n\n\n\n<p><strong>A partir da\u00ed se tornou conhecida e sua agenda de convites para se apresentar foi se ampliando.<\/strong><\/p>\n\n\n\n<p><strong>Neste s\u00e1bado (24) ela se apresentou no Folks Pub Sertanejo, em Sorocaba.<\/strong><\/p>\n\n\n\n<p><strong>NA TVUNA<\/strong><\/p>\n\n\n\n<p><strong>O programa desta quarta-feira (28) da TVUNA ser\u00e1 transmitido ao vivo pelo Youtube, Facebook e Instagram e os telespectadores poder\u00e3o participar diretamente no bate papo com a cantora atrav\u00e9s do chat do canal da emissora ibiunese. Inscreva-se j\u00e1: youtube.com\/@tv-una.<\/strong><\/p>\n\n\n\n<figure class=\"wp-block-image size-large\"><img loading=\"lazy\" width=\"704\" height=\"558\" src=\"https:\/\/revistavitrineibiuna.com.br\/wp-content\/uploads\/2024\/08\/Cristiane-e-Thay.png\" alt=\"\" class=\"wp-image-31938\" srcset=\"http:\/\/revistavitrineibiuna.com.br\/wp-content\/uploads\/2024\/08\/Cristiane-e-Thay.png 704w, http:\/\/revistavitrineibiuna.com.br\/wp-content\/uploads\/2024\/08\/Cristiane-e-Thay-300x238.png 300w\" sizes=\"(max-width: 704px) 100vw, 704px\" \/><figcaption>Cristiane e Thay Biatriz (de p\u00e9): &#8220;M\u00e9rito meu, da f\u00e9 de minha m\u00e3e e das pessoas que acreditaram em mim&#8217;<\/figcaption><\/figure>\n","protected":false},"excerpt":{"rendered":"<p>Cinco milh\u00f5es e quinhentas mil visualiza\u00e7\u00f5es depois que publicou um recorte de sua entrevista ao jornalista Carlos Rossini na TVUNA<\/p>\n","protected":false},"author":1,"featured_media":31936,"comment_status":"open","ping_status":"open","sticky":false,"template":"","format":"standard","meta":[],"categories":[3],"tags":[],"yoast_head":"<!-- This site is optimized with the Yoast SEO plugin v15.8 - https:\/\/yoast.com\/wordpress\/plugins\/seo\/ -->\n<title>TVUNA \u2013 THAY BIATRIZ SEGUE SEU PR\u00d3PRIO CAMINHO DO SUCESSO - Revista Vitrine Online<\/title>\n<meta name=\"robots\" content=\"index, follow, max-snippet:-1, max-image-preview:large, max-video-preview:-1\" \/>\n<link rel=\"canonical\" href=\"http:\/\/revistavitrineibiuna.com.br\/?p=31935\" \/>\n<meta property=\"og:locale\" content=\"pt_BR\" \/>\n<meta property=\"og:type\" content=\"article\" \/>\n<meta property=\"og:title\" content=\"TVUNA \u2013 THAY BIATRIZ SEGUE SEU PR\u00d3PRIO CAMINHO DO SUCESSO - Revista Vitrine Online\" \/>\n<meta property=\"og:description\" content=\"Cinco milh\u00f5es e quinhentas mil visualiza\u00e7\u00f5es depois que publicou um recorte de sua entrevista ao jornalista Carlos Rossini na TVUNA\" \/>\n<meta property=\"og:url\" content=\"http:\/\/revistavitrineibiuna.com.br\/?p=31935\" \/>\n<meta property=\"og:site_name\" content=\"Revista Vitrine Online\" \/>\n<meta property=\"article:published_time\" content=\"2024-08-25T18:18:34+00:00\" \/>\n<meta property=\"article:modified_time\" content=\"2024-08-25T20:06:39+00:00\" \/>\n<meta property=\"og:image\" content=\"http:\/\/revistavitrineibiuna.com.br\/wp-content\/uploads\/2024\/08\/thay-biatriz-25.8.2024.png\" \/>\n\t<meta property=\"og:image:width\" content=\"879\" \/>\n\t<meta property=\"og:image:height\" content=\"578\" \/>\n<meta name=\"twitter:card\" content=\"summary\" \/>\n<meta name=\"twitter:label1\" content=\"Est. reading time\">\n\t<meta name=\"twitter:data1\" content=\"2 minutos\">\n<script type=\"application\/ld+json\" class=\"yoast-schema-graph\">{\"@context\":\"https:\/\/schema.org\",\"@graph\":[{\"@type\":\"WebSite\",\"@id\":\"https:\/\/revistavitrineibiuna.com.br\/#website\",\"url\":\"https:\/\/revistavitrineibiuna.com.br\/\",\"name\":\"Revista Vitrine Ibi\\u00fana\",\"description\":\"A Revista de Ibi\\u00fana e Regi\\u00e3o\",\"publisher\":{\"@id\":\"https:\/\/revistavitrineibiuna.com.br\/#\/schema\/person\/e51ef49d6d88170ea21ceabff3f73deb\"},\"potentialAction\":[{\"@type\":\"SearchAction\",\"target\":\"https:\/\/revistavitrineibiuna.com.br\/?s={search_term_string}\",\"query-input\":\"required name=search_term_string\"}],\"inLanguage\":\"pt-BR\"},{\"@type\":\"ImageObject\",\"@id\":\"http:\/\/revistavitrineibiuna.com.br\/?p=31935#primaryimage\",\"inLanguage\":\"pt-BR\",\"url\":\"http:\/\/revistavitrineibiuna.com.br\/wp-content\/uploads\/2024\/08\/thay-biatriz-25.8.2024.png\",\"width\":879,\"height\":578},{\"@type\":\"WebPage\",\"@id\":\"http:\/\/revistavitrineibiuna.com.br\/?p=31935#webpage\",\"url\":\"http:\/\/revistavitrineibiuna.com.br\/?p=31935\",\"name\":\"TVUNA \\u2013 THAY BIATRIZ SEGUE SEU PR\\u00d3PRIO CAMINHO DO SUCESSO - Revista Vitrine Online\",\"isPartOf\":{\"@id\":\"https:\/\/revistavitrineibiuna.com.br\/#website\"},\"primaryImageOfPage\":{\"@id\":\"http:\/\/revistavitrineibiuna.com.br\/?p=31935#primaryimage\"},\"datePublished\":\"2024-08-25T18:18:34+00:00\",\"dateModified\":\"2024-08-25T20:06:39+00:00\",\"breadcrumb\":{\"@id\":\"http:\/\/revistavitrineibiuna.com.br\/?p=31935#breadcrumb\"},\"inLanguage\":\"pt-BR\",\"potentialAction\":[{\"@type\":\"ReadAction\",\"target\":[\"http:\/\/revistavitrineibiuna.com.br\/?p=31935\"]}]},{\"@type\":\"BreadcrumbList\",\"@id\":\"http:\/\/revistavitrineibiuna.com.br\/?p=31935#breadcrumb\",\"itemListElement\":[{\"@type\":\"ListItem\",\"position\":1,\"item\":{\"@type\":\"WebPage\",\"@id\":\"https:\/\/revistavitrineibiuna.com.br\/\",\"url\":\"https:\/\/revistavitrineibiuna.com.br\/\",\"name\":\"In\\u00edcio\"}},{\"@type\":\"ListItem\",\"position\":2,\"item\":{\"@type\":\"WebPage\",\"@id\":\"http:\/\/revistavitrineibiuna.com.br\/?p=31935\",\"url\":\"http:\/\/revistavitrineibiuna.com.br\/?p=31935\",\"name\":\"TVUNA \\u2013 THAY BIATRIZ SEGUE SEU PR\\u00d3PRIO CAMINHO DO SUCESSO\"}}]},{\"@type\":\"Article\",\"@id\":\"http:\/\/revistavitrineibiuna.com.br\/?p=31935#article\",\"isPartOf\":{\"@id\":\"http:\/\/revistavitrineibiuna.com.br\/?p=31935#webpage\"},\"author\":{\"@id\":\"https:\/\/revistavitrineibiuna.com.br\/#\/schema\/person\/e51ef49d6d88170ea21ceabff3f73deb\"},\"headline\":\"TVUNA \\u2013 THAY BIATRIZ SEGUE SEU PR\\u00d3PRIO CAMINHO DO SUCESSO\",\"datePublished\":\"2024-08-25T18:18:34+00:00\",\"dateModified\":\"2024-08-25T20:06:39+00:00\",\"mainEntityOfPage\":{\"@id\":\"http:\/\/revistavitrineibiuna.com.br\/?p=31935#webpage\"},\"commentCount\":0,\"publisher\":{\"@id\":\"https:\/\/revistavitrineibiuna.com.br\/#\/schema\/person\/e51ef49d6d88170ea21ceabff3f73deb\"},\"image\":{\"@id\":\"http:\/\/revistavitrineibiuna.com.br\/?p=31935#primaryimage\"},\"articleSection\":\"Not\\u00edcias\",\"inLanguage\":\"pt-BR\",\"potentialAction\":[{\"@type\":\"CommentAction\",\"name\":\"Comment\",\"target\":[\"http:\/\/revistavitrineibiuna.com.br\/?p=31935#respond\"]}]},{\"@type\":[\"Person\",\"Organization\"],\"@id\":\"https:\/\/revistavitrineibiuna.com.br\/#\/schema\/person\/e51ef49d6d88170ea21ceabff3f73deb\",\"name\":\"Carlos Rossini\",\"image\":{\"@type\":\"ImageObject\",\"@id\":\"https:\/\/revistavitrineibiuna.com.br\/#personlogo\",\"inLanguage\":\"pt-BR\",\"url\":\"http:\/\/1.gravatar.com\/avatar\/4f2d0f99fac1f85c7d643f21f5c8d900?s=96&d=mm&r=g\",\"caption\":\"Carlos Rossini\"},\"logo\":{\"@id\":\"https:\/\/revistavitrineibiuna.com.br\/#personlogo\"},\"description\":\"Carlos Rossini \\u00e9 jornalista, soci\\u00f3logo, escritor e professor universit\\u00e1rio, tendo sido professor de jornalismo por vinte anos. Trabalhou em ve\\u00edculos de comunica\\u00e7\\u00e3o nas fun\\u00e7\\u00f5es de rep\\u00f3rter, redator, editor, articulista e colaborador, como Folha de S. Paulo, O Estado de S. Paulo, Di\\u00e1rio Popular, entre outros. Ao transferir a revista vitrine, vers\\u00e3o imprensa, de S\\u00e3o Paulo para Ibi\\u00fana h\\u00e1 alguns anos, iniciou uma nova experi\\u00eancia profissional, dedicando-se ao jornalismo regional, depois de cumprir uma trajet\\u00f3ria bem-sucedida na grande imprensa brasileira. Seu primeiro livro A Coragem de Comunicar foi lan\\u00e7ado na Bienal do Livro em S\\u00e3o Paulo no ano 2000, pela editora Madras.\"}]}<\/script>\n<!-- \/ Yoast SEO plugin. -->","_links":{"self":[{"href":"http:\/\/revistavitrineibiuna.com.br\/index.php?rest_route=\/wp\/v2\/posts\/31935"}],"collection":[{"href":"http:\/\/revistavitrineibiuna.com.br\/index.php?rest_route=\/wp\/v2\/posts"}],"about":[{"href":"http:\/\/revistavitrineibiuna.com.br\/index.php?rest_route=\/wp\/v2\/types\/post"}],"author":[{"embeddable":true,"href":"http:\/\/revistavitrineibiuna.com.br\/index.php?rest_route=\/wp\/v2\/users\/1"}],"replies":[{"embeddable":true,"href":"http:\/\/revistavitrineibiuna.com.br\/index.php?rest_route=%2Fwp%2Fv2%2Fcomments&post=31935"}],"version-history":[{"count":4,"href":"http:\/\/revistavitrineibiuna.com.br\/index.php?rest_route=\/wp\/v2\/posts\/31935\/revisions"}],"predecessor-version":[{"id":31942,"href":"http:\/\/revistavitrineibiuna.com.br\/index.php?rest_route=\/wp\/v2\/posts\/31935\/revisions\/31942"}],"wp:featuredmedia":[{"embeddable":true,"href":"http:\/\/revistavitrineibiuna.com.br\/index.php?rest_route=\/wp\/v2\/media\/31936"}],"wp:attachment":[{"href":"http:\/\/revistavitrineibiuna.com.br\/index.php?rest_route=%2Fwp%2Fv2%2Fmedia&parent=31935"}],"wp:term":[{"taxonomy":"category","embeddable":true,"href":"http:\/\/revistavitrineibiuna.com.br\/index.php?rest_route=%2Fwp%2Fv2%2Fcategories&post=31935"},{"taxonomy":"post_tag","embeddable":true,"href":"http:\/\/revistavitrineibiuna.com.br\/index.php?rest_route=%2Fwp%2Fv2%2Ftags&post=31935"}],"curies":[{"name":"wp","href":"https:\/\/api.w.org\/{rel}","templated":true}]}}