{"id":31944,"date":"2024-09-01T09:35:29","date_gmt":"2024-09-01T12:35:29","guid":{"rendered":"http:\/\/revistavitrineibiuna.com.br\/?p=31944"},"modified":"2024-09-02T10:38:56","modified_gmt":"2024-09-02T13:38:56","slug":"ibiuna-velho-do-cajado-sagrado-deixou-a-cidade-e-foi-para-sampa","status":"publish","type":"post","link":"http:\/\/revistavitrineibiuna.com.br\/?p=31944","title":{"rendered":"IBI\u00daNA \u2013 VELHO DO CAJADO SAGRADO DEIXOU A CIDADE E FOI PARA SAMPA"},"content":{"rendered":"\n<p class=\"has-drop-cap\"><strong>No dia 8 de junho de 2019 foi visto pela primeira vez um homem caminhando na Estrada da Cachoeira com um cajado, no munic\u00edpio de Ibi\u00fana.<\/strong><\/p>\n\n\n\n<p><strong>Seu jeito era de um andarilho vestido de modo despojado, carregando um cajado de madeira com um furo na ponta por onde passava um barbante.<\/strong><\/p>\n\n\n\n<p><strong>Para as pessoas menos atentas era simplesmente um homem andando numa estrada, como, ali\u00e1s, \u00e9 fato comum.<\/strong><\/p>\n\n\n\n<p><strong>No entanto, um raio de luz o seguia como se fosse um anjo, em seu caminhar silencioso.<\/strong><\/p>\n\n\n\n<p><strong>Foi a primeira vez que o vira e nem seria capaz de imaginar que teria longos encontros recheados de sabedoria (dele) com esse homem que, na verdade, percebi tratar-se de um velho. Por isso, passei a cham\u00e1-lo do Velho do Cajado Sagrado, que ele considerou \u201cum modo adequado de se referir a ele\u201d.<\/strong><\/p>\n\n\n\n<p><strong>Com o tempo passei a amar esse velho, uma criatura fora do tempo em que vivemos em nosso dia a dia comum, com a cegueira que nos acomete pelo condicionamento social ao qual somos todos submetidos desde nossa inf\u00e2ncia mais remota.<\/strong><\/p>\n\n\n\n<p><strong>Aqueles que t\u00eam boa mem\u00f3ria devem se lembrar do Velho do Cajado Sagrado, um s\u00e1bio transcendental que andou perambulando pelas estradas de Ibi\u00fana e compartilhando mensagens da mais pura sabedoria e simplicidade.<\/strong><\/p>\n\n\n\n<p><strong>Tive o privil\u00e9gio de encontr\u00e1-lo algumas vezes. Na verdade ele aparecia repentinamente diante de mim surgindo do invis\u00edvel, sempre precedido por uma s\u00fabita luminosidade em que tomava forma como o Aladim, mediante um esfreg\u00e3o da l\u00e2mpada m\u00e1gica.<\/strong><\/p>\n\n\n\n<p><strong>Sempre nos demos bem, eu sempre na posi\u00e7\u00e3o de ouvinte aprendiz. Nessa \u00e9poca, eu costumava ficar ouvindo o sil\u00eancio, o que se tornou um h\u00e1bito na minha vida, cujo pior inimigo \u00e9 a luta di\u00e1ria pela nossa sobreviv\u00eancia material.<\/strong><\/p>\n\n\n\n<p><strong>No final dessas linhas voc\u00eas ficar\u00e3o sabendo por que volto a escrever sobre o Velho do Cajado Sagrado, um ser que se apaixonou por Ibi\u00fana e que conquistou meu respeito para sempre.<\/strong><\/p>\n\n\n\n<p><strong>RELATOS<\/strong><\/p>\n\n\n\n<p><strong>Vitrine online publicou diversos artigos inspirados nos ensinamentos do Velho do Cajado Sagrado, inicialmente, como disse acima chamado de Homem do Cajado Sagrado.<\/strong><\/p>\n\n\n\n<p><strong>Em 29 de junho de 2019 ele aparece diante de mim e fala sobre a condi\u00e7\u00e3o humana.<\/strong><\/p>\n\n\n\n<p><strong>No dia 20 de julho de 2019, publicava \u201cHomem do Cajado Sagrado testemunha exemplo admir\u00e1vel de uma mulher ibiunense\u201d. Ele tinha observado uma mulher que seguia pelas estradas recolhendo diversos objetos jogados em suas margens para amenizar a situa\u00e7\u00e3o do lixo no meio ambiente. \u201cAh, se tiv\u00e9ssemos a consci\u00eancia e o respeito dessa mulher pela natureza!\u201d<\/strong><\/p>\n\n\n\n<p><strong>No dia 1\u00ba de setembro suas palavras se resumiram no seguinte t\u00edtulo: \u201cHoje, o c\u00e9u de Ibi\u00fana estava cheio de anjos.\u201d<\/strong><\/p>\n\n\n\n<p><strong>Num momento de grande generosidade e compaix\u00e3o com os seres humanos, o Velho do Cajado Sagrado [de vez em quando ele sumia] apareceu e ensinou \u201cum jeito simples de viver\u201d.<\/strong><\/p>\n\n\n\n<p><strong>Ainda em 2019, no dia 21 de novembro, deixando entrever um sentimento de tristeza percebeu que o povo se mostrava diferente: \u201cJ\u00e1 n\u00e3o acreditam mais nas palavras, que dizem uns aos outros.\u201d<\/strong><\/p>\n\n\n\n<p><strong>Bem, vitrine online publicou outras not\u00edcias sobre o Velho do Cajado Sagrado e voc\u00ea, leitor, se tiver interesse pode entrar na p\u00e1gina da revista <a href=\"http:\/\/www.revistavitrineibiuna.com.br\">www.revistavitrineibiuna.com.br<\/a> e encontrar todas elas, mensagens compartilhadas como uma forma de amor ao pr\u00f3ximo, a todos os pr\u00f3ximos, e isso o inclui, leitor destas linhas.<\/strong><\/p>\n\n\n\n<p><strong>O fato que n\u00e3o gostar\u00edamos de noticiar talvez nos fa\u00e7a refletir sobre a realidade onde vivemos, pois o Velho do Cajado Sagrado simplesmente deixou nossa cidade. Embora pudesse voar foi a p\u00e9 para S\u00e3o Paulo, para filosofar sobre a exist\u00eancia humana <\/strong>tal como ela <strong>\u00e9, embora n\u00e3o raro desejamos que fosse diferente.<\/strong> <strong>O &#8220;velho&#8221; queria fazer a diferen\u00e7a, pelo menos \u00e9 o que eu sentia em suas palavras amorosas em rela\u00e7\u00e3o aos seres humanos, animais e a natureza em sua completitude.<\/strong> Ele, na realidade, vivia no mundo da numinosidade.<\/p>\n\n\n\n<p><strong>Da minha parte, ficou a saudade de n\u00e3o mais v\u00ea-lo caminhando com seu cajado nas estradas ibiunenses.<\/strong><\/p>\n\n\n\n<p><strong>Outro dia estava caminhando no meio da multid\u00e3o na Avenida Paulista, em S\u00e3o Paulo, e por quest\u00e3o de segundos tive a impress\u00e3o de t\u00ea-lo visto no cal\u00e7ad\u00e3o em frente ao Conjunto Nacional. Corri em sua dire\u00e7\u00e3o, mas ele simplesmente se volatilizou no ar. Mas, pude ver que sorriu pra mim, j\u00e1 que sempre foi bem-humorado e feliz.<\/strong><\/p>\n\n\n\n<p><strong>Talvez me d\u00ea, mais uma vez, o privil\u00e9gio de falar comigo em Sampa. Por que, n\u00e3o? Em Ibi\u00fana, cheg\u00e1vamos a conversar durante horas, at\u00e9 mesmo nas madrugadas em que muitos dormiam na mais c\u00e2ndida inoc\u00eancia.<\/strong> (C.R.)<\/p>\n","protected":false},"excerpt":{"rendered":"<p>No dia 8 de junho de 2019 foi visto pela primeira vez um homem caminhando na Estrada da Cachoeira com<\/p>\n","protected":false},"author":1,"featured_media":31945,"comment_status":"open","ping_status":"open","sticky":false,"template":"","format":"standard","meta":[],"categories":[3,1],"tags":[],"yoast_head":"<!-- This site is optimized with the Yoast SEO plugin v15.8 - https:\/\/yoast.com\/wordpress\/plugins\/seo\/ -->\n<title>IBI\u00daNA \u2013 VELHO DO CAJADO SAGRADO DEIXOU A CIDADE E FOI PARA SAMPA - Revista Vitrine Online<\/title>\n<meta name=\"robots\" content=\"index, follow, max-snippet:-1, max-image-preview:large, max-video-preview:-1\" \/>\n<link rel=\"canonical\" href=\"http:\/\/revistavitrineibiuna.com.br\/?p=31944\" \/>\n<meta property=\"og:locale\" content=\"pt_BR\" \/>\n<meta property=\"og:type\" content=\"article\" \/>\n<meta property=\"og:title\" content=\"IBI\u00daNA \u2013 VELHO DO CAJADO SAGRADO DEIXOU A CIDADE E FOI PARA SAMPA - Revista Vitrine Online\" \/>\n<meta property=\"og:description\" content=\"No dia 8 de junho de 2019 foi visto pela primeira vez um homem caminhando na Estrada da Cachoeira com\" \/>\n<meta property=\"og:url\" content=\"http:\/\/revistavitrineibiuna.com.br\/?p=31944\" \/>\n<meta property=\"og:site_name\" content=\"Revista Vitrine Online\" \/>\n<meta property=\"article:published_time\" content=\"2024-09-01T12:35:29+00:00\" \/>\n<meta property=\"article:modified_time\" content=\"2024-09-02T13:38:56+00:00\" \/>\n<meta property=\"og:image\" content=\"http:\/\/revistavitrineibiuna.com.br\/wp-content\/uploads\/2024\/09\/Cajado.jpg\" \/>\n\t<meta property=\"og:image:width\" content=\"640\" \/>\n\t<meta property=\"og:image:height\" content=\"360\" \/>\n<meta name=\"twitter:card\" content=\"summary\" \/>\n<meta name=\"twitter:label1\" content=\"Est. reading time\">\n\t<meta name=\"twitter:data1\" content=\"4 minutos\">\n<script type=\"application\/ld+json\" class=\"yoast-schema-graph\">{\"@context\":\"https:\/\/schema.org\",\"@graph\":[{\"@type\":\"WebSite\",\"@id\":\"https:\/\/revistavitrineibiuna.com.br\/#website\",\"url\":\"https:\/\/revistavitrineibiuna.com.br\/\",\"name\":\"Revista Vitrine Ibi\\u00fana\",\"description\":\"A Revista de Ibi\\u00fana e Regi\\u00e3o\",\"publisher\":{\"@id\":\"https:\/\/revistavitrineibiuna.com.br\/#\/schema\/person\/e51ef49d6d88170ea21ceabff3f73deb\"},\"potentialAction\":[{\"@type\":\"SearchAction\",\"target\":\"https:\/\/revistavitrineibiuna.com.br\/?s={search_term_string}\",\"query-input\":\"required name=search_term_string\"}],\"inLanguage\":\"pt-BR\"},{\"@type\":\"ImageObject\",\"@id\":\"http:\/\/revistavitrineibiuna.com.br\/?p=31944#primaryimage\",\"inLanguage\":\"pt-BR\",\"url\":\"http:\/\/revistavitrineibiuna.com.br\/wp-content\/uploads\/2024\/09\/Cajado.jpg\",\"width\":640,\"height\":360,\"caption\":\"OLYMPUS DIGITAL CAMERA\"},{\"@type\":\"WebPage\",\"@id\":\"http:\/\/revistavitrineibiuna.com.br\/?p=31944#webpage\",\"url\":\"http:\/\/revistavitrineibiuna.com.br\/?p=31944\",\"name\":\"IBI\\u00daNA \\u2013 VELHO DO CAJADO SAGRADO DEIXOU A CIDADE E FOI PARA SAMPA - Revista Vitrine Online\",\"isPartOf\":{\"@id\":\"https:\/\/revistavitrineibiuna.com.br\/#website\"},\"primaryImageOfPage\":{\"@id\":\"http:\/\/revistavitrineibiuna.com.br\/?p=31944#primaryimage\"},\"datePublished\":\"2024-09-01T12:35:29+00:00\",\"dateModified\":\"2024-09-02T13:38:56+00:00\",\"breadcrumb\":{\"@id\":\"http:\/\/revistavitrineibiuna.com.br\/?p=31944#breadcrumb\"},\"inLanguage\":\"pt-BR\",\"potentialAction\":[{\"@type\":\"ReadAction\",\"target\":[\"http:\/\/revistavitrineibiuna.com.br\/?p=31944\"]}]},{\"@type\":\"BreadcrumbList\",\"@id\":\"http:\/\/revistavitrineibiuna.com.br\/?p=31944#breadcrumb\",\"itemListElement\":[{\"@type\":\"ListItem\",\"position\":1,\"item\":{\"@type\":\"WebPage\",\"@id\":\"https:\/\/revistavitrineibiuna.com.br\/\",\"url\":\"https:\/\/revistavitrineibiuna.com.br\/\",\"name\":\"In\\u00edcio\"}},{\"@type\":\"ListItem\",\"position\":2,\"item\":{\"@type\":\"WebPage\",\"@id\":\"http:\/\/revistavitrineibiuna.com.br\/?p=31944\",\"url\":\"http:\/\/revistavitrineibiuna.com.br\/?p=31944\",\"name\":\"IBI\\u00daNA \\u2013 VELHO DO CAJADO SAGRADO DEIXOU A CIDADE E FOI PARA SAMPA\"}}]},{\"@type\":\"Article\",\"@id\":\"http:\/\/revistavitrineibiuna.com.br\/?p=31944#article\",\"isPartOf\":{\"@id\":\"http:\/\/revistavitrineibiuna.com.br\/?p=31944#webpage\"},\"author\":{\"@id\":\"https:\/\/revistavitrineibiuna.com.br\/#\/schema\/person\/e51ef49d6d88170ea21ceabff3f73deb\"},\"headline\":\"IBI\\u00daNA \\u2013 VELHO DO CAJADO SAGRADO DEIXOU A CIDADE E FOI PARA SAMPA\",\"datePublished\":\"2024-09-01T12:35:29+00:00\",\"dateModified\":\"2024-09-02T13:38:56+00:00\",\"mainEntityOfPage\":{\"@id\":\"http:\/\/revistavitrineibiuna.com.br\/?p=31944#webpage\"},\"commentCount\":0,\"publisher\":{\"@id\":\"https:\/\/revistavitrineibiuna.com.br\/#\/schema\/person\/e51ef49d6d88170ea21ceabff3f73deb\"},\"image\":{\"@id\":\"http:\/\/revistavitrineibiuna.com.br\/?p=31944#primaryimage\"},\"articleSection\":\"Not\\u00edcias,Uncategorized\",\"inLanguage\":\"pt-BR\",\"potentialAction\":[{\"@type\":\"CommentAction\",\"name\":\"Comment\",\"target\":[\"http:\/\/revistavitrineibiuna.com.br\/?p=31944#respond\"]}]},{\"@type\":[\"Person\",\"Organization\"],\"@id\":\"https:\/\/revistavitrineibiuna.com.br\/#\/schema\/person\/e51ef49d6d88170ea21ceabff3f73deb\",\"name\":\"Carlos Rossini\",\"image\":{\"@type\":\"ImageObject\",\"@id\":\"https:\/\/revistavitrineibiuna.com.br\/#personlogo\",\"inLanguage\":\"pt-BR\",\"url\":\"http:\/\/1.gravatar.com\/avatar\/4f2d0f99fac1f85c7d643f21f5c8d900?s=96&d=mm&r=g\",\"caption\":\"Carlos Rossini\"},\"logo\":{\"@id\":\"https:\/\/revistavitrineibiuna.com.br\/#personlogo\"},\"description\":\"Carlos Rossini \\u00e9 jornalista, soci\\u00f3logo, escritor e professor universit\\u00e1rio, tendo sido professor de jornalismo por vinte anos. Trabalhou em ve\\u00edculos de comunica\\u00e7\\u00e3o nas fun\\u00e7\\u00f5es de rep\\u00f3rter, redator, editor, articulista e colaborador, como Folha de S. Paulo, O Estado de S. Paulo, Di\\u00e1rio Popular, entre outros. Ao transferir a revista vitrine, vers\\u00e3o imprensa, de S\\u00e3o Paulo para Ibi\\u00fana h\\u00e1 alguns anos, iniciou uma nova experi\\u00eancia profissional, dedicando-se ao jornalismo regional, depois de cumprir uma trajet\\u00f3ria bem-sucedida na grande imprensa brasileira. Seu primeiro livro A Coragem de Comunicar foi lan\\u00e7ado na Bienal do Livro em S\\u00e3o Paulo no ano 2000, pela editora Madras.\"}]}<\/script>\n<!-- \/ Yoast SEO plugin. -->","_links":{"self":[{"href":"http:\/\/revistavitrineibiuna.com.br\/index.php?rest_route=\/wp\/v2\/posts\/31944"}],"collection":[{"href":"http:\/\/revistavitrineibiuna.com.br\/index.php?rest_route=\/wp\/v2\/posts"}],"about":[{"href":"http:\/\/revistavitrineibiuna.com.br\/index.php?rest_route=\/wp\/v2\/types\/post"}],"author":[{"embeddable":true,"href":"http:\/\/revistavitrineibiuna.com.br\/index.php?rest_route=\/wp\/v2\/users\/1"}],"replies":[{"embeddable":true,"href":"http:\/\/revistavitrineibiuna.com.br\/index.php?rest_route=%2Fwp%2Fv2%2Fcomments&post=31944"}],"version-history":[{"count":6,"href":"http:\/\/revistavitrineibiuna.com.br\/index.php?rest_route=\/wp\/v2\/posts\/31944\/revisions"}],"predecessor-version":[{"id":31953,"href":"http:\/\/revistavitrineibiuna.com.br\/index.php?rest_route=\/wp\/v2\/posts\/31944\/revisions\/31953"}],"wp:featuredmedia":[{"embeddable":true,"href":"http:\/\/revistavitrineibiuna.com.br\/index.php?rest_route=\/wp\/v2\/media\/31945"}],"wp:attachment":[{"href":"http:\/\/revistavitrineibiuna.com.br\/index.php?rest_route=%2Fwp%2Fv2%2Fmedia&parent=31944"}],"wp:term":[{"taxonomy":"category","embeddable":true,"href":"http:\/\/revistavitrineibiuna.com.br\/index.php?rest_route=%2Fwp%2Fv2%2Fcategories&post=31944"},{"taxonomy":"post_tag","embeddable":true,"href":"http:\/\/revistavitrineibiuna.com.br\/index.php?rest_route=%2Fwp%2Fv2%2Ftags&post=31944"}],"curies":[{"name":"wp","href":"https:\/\/api.w.org\/{rel}","templated":true}]}}