{"id":31954,"date":"2024-09-02T10:21:16","date_gmt":"2024-09-02T13:21:16","guid":{"rendered":"http:\/\/revistavitrineibiuna.com.br\/?p=31954"},"modified":"2024-09-03T09:32:27","modified_gmt":"2024-09-03T12:32:27","slug":"tvuna-presta-tributo-a-corporacao-musical-lyra-unense-nesta-quarta-feira","status":"publish","type":"post","link":"http:\/\/revistavitrineibiuna.com.br\/?p=31954","title":{"rendered":"TVUNA PRESTA TRIBUTO \u00c0 CORPORA\u00c7\u00c3O MUSICAL LYRA UNENSE NESTA QUARTA-FEIRA"},"content":{"rendered":"\n<p class=\"has-drop-cap\"><strong>Aos 117 anos, a Corpora\u00e7\u00e3o Musical Lyra Unense \u00e9 um importante marco musical na hist\u00f3ria do munic\u00edpio de Ibi\u00fana.<\/strong><\/p>\n\n\n\n<p><strong>A banda sempre participou de eventos e festividades de Ibi\u00fana e regi\u00e3o, desde a primeira edi\u00e7\u00e3o da maior festa religiosa consagrada a S\u00e3o Sebasti\u00e3o, bem como desfiles c\u00edvicos, de anivers\u00e1rio da cidade e dos carnavais com suas marchinhas que animam os foli\u00f5es.<\/strong><\/p>\n\n\n\n<p><strong>Nesta quarta-feira (4), \u00e0s 20h, em programa ao vivo, a TVUNA presta tributo \u00e0 corpora\u00e7\u00e3o em reconhecimento pela sua valiosa contribui\u00e7\u00e3o \u00e0 cultura do munic\u00edpio reconhecida e aplaudida pela popula\u00e7\u00e3o.<\/strong><\/p>\n\n\n\n<p><strong>A TVUNA receber\u00e1 o presidente da banda, Donizete de Almeida Lima e secret\u00e1rio Oliveira Soares de Campos para um bate papo sobre uma institui\u00e7\u00e3o longeva e que sempre que se apresenta \u00e9 motivo de alegria e de lembran\u00e7a de que a musicalidade faz parte da vida de um povo.<\/strong><\/p>\n\n\n\n<p><strong>TRANSMISS\u00c3O AO VIVO<\/strong><\/p>\n\n\n\n<p><strong>O programa ser\u00e1 transmitido pelo Youtube, Facebook e Instagram e voc\u00ea poder\u00e1 participar diretamente por meio do chat do canal da TVUNA. Inscreva-se desde j\u00e1 no canal: <a href=\"mailto:youtube.com\/@tv-una\">youtube.com\/@tv-una<\/a>.<\/strong><\/p>\n\n\n\n<p><strong>A FOR\u00c7A DA TRADI\u00c7\u00c3O<\/strong><\/p>\n\n\n\n<p><strong>Voc\u00ea ficar\u00e1 sabendo da origem da Corpora\u00e7\u00e3o nos idos de 1907 e da import\u00e2ncia e do trabalho musical que ela desenvolve com crian\u00e7as e adolescentes, jovens e adultos com excel\u00eancia e tem seu reconhecimento por manter a tradi\u00e7\u00e3o do ensino da m\u00fasica passada de gera\u00e7\u00e3o a gera\u00e7\u00e3o com carinho, amor e respeito. \u00a0<\/strong><\/p>\n\n\n\n<figure class=\"wp-block-image size-large\"><img loading=\"lazy\" width=\"1024\" height=\"591\" src=\"https:\/\/revistavitrineibiuna.com.br\/wp-content\/uploads\/2024\/09\/ESCOLINHA-DE-MUSICA-1024x591.png\" alt=\"\" class=\"wp-image-31958\" srcset=\"http:\/\/revistavitrineibiuna.com.br\/wp-content\/uploads\/2024\/09\/ESCOLINHA-DE-MUSICA-1024x591.png 1024w, http:\/\/revistavitrineibiuna.com.br\/wp-content\/uploads\/2024\/09\/ESCOLINHA-DE-MUSICA-300x173.png 300w, http:\/\/revistavitrineibiuna.com.br\/wp-content\/uploads\/2024\/09\/ESCOLINHA-DE-MUSICA-768x443.png 768w, http:\/\/revistavitrineibiuna.com.br\/wp-content\/uploads\/2024\/09\/ESCOLINHA-DE-MUSICA.png 1233w\" sizes=\"(max-width: 1024px) 100vw, 1024px\" \/><figcaption>Escolinha da Corpora\u00e7\u00e3o Musical Lyra Unense<\/figcaption><\/figure>\n","protected":false},"excerpt":{"rendered":"<p>Aos 117 anos, a Corpora\u00e7\u00e3o Musical Lyra Unense \u00e9 um importante marco musical na hist\u00f3ria do munic\u00edpio de Ibi\u00fana. A<\/p>\n","protected":false},"author":1,"featured_media":31955,"comment_status":"open","ping_status":"open","sticky":false,"template":"","format":"standard","meta":[],"categories":[3,1],"tags":[],"yoast_head":"<!-- This site is optimized with the Yoast SEO plugin v15.8 - https:\/\/yoast.com\/wordpress\/plugins\/seo\/ -->\n<title>TVUNA PRESTA TRIBUTO \u00c0 CORPORA\u00c7\u00c3O MUSICAL LYRA UNENSE NESTA QUARTA-FEIRA - Revista Vitrine Online<\/title>\n<meta name=\"robots\" content=\"index, follow, max-snippet:-1, max-image-preview:large, max-video-preview:-1\" \/>\n<link rel=\"canonical\" href=\"http:\/\/revistavitrineibiuna.com.br\/?p=31954\" \/>\n<meta property=\"og:locale\" content=\"pt_BR\" \/>\n<meta property=\"og:type\" content=\"article\" \/>\n<meta property=\"og:title\" content=\"TVUNA PRESTA TRIBUTO \u00c0 CORPORA\u00c7\u00c3O MUSICAL LYRA UNENSE NESTA QUARTA-FEIRA - Revista Vitrine Online\" \/>\n<meta property=\"og:description\" content=\"Aos 117 anos, a Corpora\u00e7\u00e3o Musical Lyra Unense \u00e9 um importante marco musical na hist\u00f3ria do munic\u00edpio de Ibi\u00fana. A\" \/>\n<meta property=\"og:url\" content=\"http:\/\/revistavitrineibiuna.com.br\/?p=31954\" \/>\n<meta property=\"og:site_name\" content=\"Revista Vitrine Online\" \/>\n<meta property=\"article:published_time\" content=\"2024-09-02T13:21:16+00:00\" \/>\n<meta property=\"article:modified_time\" content=\"2024-09-03T12:32:27+00:00\" \/>\n<meta property=\"og:image\" content=\"http:\/\/revistavitrineibiuna.com.br\/wp-content\/uploads\/2024\/09\/donizete-e-oliveira-1024x558.png\" \/>\n\t<meta property=\"og:image:width\" content=\"1024\" \/>\n\t<meta property=\"og:image:height\" content=\"558\" \/>\n<meta name=\"twitter:card\" content=\"summary\" \/>\n<meta name=\"twitter:label1\" content=\"Est. reading time\">\n\t<meta name=\"twitter:data1\" content=\"2 minutos\">\n<script type=\"application\/ld+json\" class=\"yoast-schema-graph\">{\"@context\":\"https:\/\/schema.org\",\"@graph\":[{\"@type\":\"WebSite\",\"@id\":\"https:\/\/revistavitrineibiuna.com.br\/#website\",\"url\":\"https:\/\/revistavitrineibiuna.com.br\/\",\"name\":\"Revista Vitrine Ibi\\u00fana\",\"description\":\"A Revista de Ibi\\u00fana e Regi\\u00e3o\",\"publisher\":{\"@id\":\"https:\/\/revistavitrineibiuna.com.br\/#\/schema\/person\/e51ef49d6d88170ea21ceabff3f73deb\"},\"potentialAction\":[{\"@type\":\"SearchAction\",\"target\":\"https:\/\/revistavitrineibiuna.com.br\/?s={search_term_string}\",\"query-input\":\"required name=search_term_string\"}],\"inLanguage\":\"pt-BR\"},{\"@type\":\"ImageObject\",\"@id\":\"http:\/\/revistavitrineibiuna.com.br\/?p=31954#primaryimage\",\"inLanguage\":\"pt-BR\",\"url\":\"http:\/\/revistavitrineibiuna.com.br\/wp-content\/uploads\/2024\/09\/donizete-e-oliveira.png\",\"width\":1435,\"height\":782},{\"@type\":\"WebPage\",\"@id\":\"http:\/\/revistavitrineibiuna.com.br\/?p=31954#webpage\",\"url\":\"http:\/\/revistavitrineibiuna.com.br\/?p=31954\",\"name\":\"TVUNA PRESTA TRIBUTO \\u00c0 CORPORA\\u00c7\\u00c3O MUSICAL LYRA UNENSE NESTA QUARTA-FEIRA - Revista Vitrine Online\",\"isPartOf\":{\"@id\":\"https:\/\/revistavitrineibiuna.com.br\/#website\"},\"primaryImageOfPage\":{\"@id\":\"http:\/\/revistavitrineibiuna.com.br\/?p=31954#primaryimage\"},\"datePublished\":\"2024-09-02T13:21:16+00:00\",\"dateModified\":\"2024-09-03T12:32:27+00:00\",\"breadcrumb\":{\"@id\":\"http:\/\/revistavitrineibiuna.com.br\/?p=31954#breadcrumb\"},\"inLanguage\":\"pt-BR\",\"potentialAction\":[{\"@type\":\"ReadAction\",\"target\":[\"http:\/\/revistavitrineibiuna.com.br\/?p=31954\"]}]},{\"@type\":\"BreadcrumbList\",\"@id\":\"http:\/\/revistavitrineibiuna.com.br\/?p=31954#breadcrumb\",\"itemListElement\":[{\"@type\":\"ListItem\",\"position\":1,\"item\":{\"@type\":\"WebPage\",\"@id\":\"https:\/\/revistavitrineibiuna.com.br\/\",\"url\":\"https:\/\/revistavitrineibiuna.com.br\/\",\"name\":\"In\\u00edcio\"}},{\"@type\":\"ListItem\",\"position\":2,\"item\":{\"@type\":\"WebPage\",\"@id\":\"http:\/\/revistavitrineibiuna.com.br\/?p=31954\",\"url\":\"http:\/\/revistavitrineibiuna.com.br\/?p=31954\",\"name\":\"TVUNA PRESTA TRIBUTO \\u00c0 CORPORA\\u00c7\\u00c3O MUSICAL LYRA UNENSE NESTA QUARTA-FEIRA\"}}]},{\"@type\":\"Article\",\"@id\":\"http:\/\/revistavitrineibiuna.com.br\/?p=31954#article\",\"isPartOf\":{\"@id\":\"http:\/\/revistavitrineibiuna.com.br\/?p=31954#webpage\"},\"author\":{\"@id\":\"https:\/\/revistavitrineibiuna.com.br\/#\/schema\/person\/e51ef49d6d88170ea21ceabff3f73deb\"},\"headline\":\"TVUNA PRESTA TRIBUTO \\u00c0 CORPORA\\u00c7\\u00c3O MUSICAL LYRA UNENSE NESTA QUARTA-FEIRA\",\"datePublished\":\"2024-09-02T13:21:16+00:00\",\"dateModified\":\"2024-09-03T12:32:27+00:00\",\"mainEntityOfPage\":{\"@id\":\"http:\/\/revistavitrineibiuna.com.br\/?p=31954#webpage\"},\"commentCount\":0,\"publisher\":{\"@id\":\"https:\/\/revistavitrineibiuna.com.br\/#\/schema\/person\/e51ef49d6d88170ea21ceabff3f73deb\"},\"image\":{\"@id\":\"http:\/\/revistavitrineibiuna.com.br\/?p=31954#primaryimage\"},\"articleSection\":\"Not\\u00edcias,Uncategorized\",\"inLanguage\":\"pt-BR\",\"potentialAction\":[{\"@type\":\"CommentAction\",\"name\":\"Comment\",\"target\":[\"http:\/\/revistavitrineibiuna.com.br\/?p=31954#respond\"]}]},{\"@type\":[\"Person\",\"Organization\"],\"@id\":\"https:\/\/revistavitrineibiuna.com.br\/#\/schema\/person\/e51ef49d6d88170ea21ceabff3f73deb\",\"name\":\"Carlos Rossini\",\"image\":{\"@type\":\"ImageObject\",\"@id\":\"https:\/\/revistavitrineibiuna.com.br\/#personlogo\",\"inLanguage\":\"pt-BR\",\"url\":\"http:\/\/1.gravatar.com\/avatar\/4f2d0f99fac1f85c7d643f21f5c8d900?s=96&d=mm&r=g\",\"caption\":\"Carlos Rossini\"},\"logo\":{\"@id\":\"https:\/\/revistavitrineibiuna.com.br\/#personlogo\"},\"description\":\"Carlos Rossini \\u00e9 jornalista, soci\\u00f3logo, escritor e professor universit\\u00e1rio, tendo sido professor de jornalismo por vinte anos. Trabalhou em ve\\u00edculos de comunica\\u00e7\\u00e3o nas fun\\u00e7\\u00f5es de rep\\u00f3rter, redator, editor, articulista e colaborador, como Folha de S. Paulo, O Estado de S. Paulo, Di\\u00e1rio Popular, entre outros. Ao transferir a revista vitrine, vers\\u00e3o imprensa, de S\\u00e3o Paulo para Ibi\\u00fana h\\u00e1 alguns anos, iniciou uma nova experi\\u00eancia profissional, dedicando-se ao jornalismo regional, depois de cumprir uma trajet\\u00f3ria bem-sucedida na grande imprensa brasileira. Seu primeiro livro A Coragem de Comunicar foi lan\\u00e7ado na Bienal do Livro em S\\u00e3o Paulo no ano 2000, pela editora Madras.\"}]}<\/script>\n<!-- \/ Yoast SEO plugin. -->","_links":{"self":[{"href":"http:\/\/revistavitrineibiuna.com.br\/index.php?rest_route=\/wp\/v2\/posts\/31954"}],"collection":[{"href":"http:\/\/revistavitrineibiuna.com.br\/index.php?rest_route=\/wp\/v2\/posts"}],"about":[{"href":"http:\/\/revistavitrineibiuna.com.br\/index.php?rest_route=\/wp\/v2\/types\/post"}],"author":[{"embeddable":true,"href":"http:\/\/revistavitrineibiuna.com.br\/index.php?rest_route=\/wp\/v2\/users\/1"}],"replies":[{"embeddable":true,"href":"http:\/\/revistavitrineibiuna.com.br\/index.php?rest_route=%2Fwp%2Fv2%2Fcomments&post=31954"}],"version-history":[{"count":2,"href":"http:\/\/revistavitrineibiuna.com.br\/index.php?rest_route=\/wp\/v2\/posts\/31954\/revisions"}],"predecessor-version":[{"id":31959,"href":"http:\/\/revistavitrineibiuna.com.br\/index.php?rest_route=\/wp\/v2\/posts\/31954\/revisions\/31959"}],"wp:featuredmedia":[{"embeddable":true,"href":"http:\/\/revistavitrineibiuna.com.br\/index.php?rest_route=\/wp\/v2\/media\/31955"}],"wp:attachment":[{"href":"http:\/\/revistavitrineibiuna.com.br\/index.php?rest_route=%2Fwp%2Fv2%2Fmedia&parent=31954"}],"wp:term":[{"taxonomy":"category","embeddable":true,"href":"http:\/\/revistavitrineibiuna.com.br\/index.php?rest_route=%2Fwp%2Fv2%2Fcategories&post=31954"},{"taxonomy":"post_tag","embeddable":true,"href":"http:\/\/revistavitrineibiuna.com.br\/index.php?rest_route=%2Fwp%2Fv2%2Ftags&post=31954"}],"curies":[{"name":"wp","href":"https:\/\/api.w.org\/{rel}","templated":true}]}}