{"id":31960,"date":"2024-09-04T13:11:16","date_gmt":"2024-09-04T16:11:16","guid":{"rendered":"http:\/\/revistavitrineibiuna.com.br\/?p=31960"},"modified":"2024-09-04T13:40:42","modified_gmt":"2024-09-04T16:40:42","slug":"ensaio-a-politica-entre-o-nojo-e-a-necessidade","status":"publish","type":"post","link":"http:\/\/revistavitrineibiuna.com.br\/?p=31960","title":{"rendered":"ENSAIO \u2013 A POL\u00cdTICA ENTRE O NOJO E A NECESSIDADE"},"content":{"rendered":"\n<p class=\"has-drop-cap\"><strong>Ouvi pessoalmente centenas de ibiunenses durante dez dias para conhecer, entre outros objetivos mais espec\u00edficos, como se comportam em rela\u00e7\u00e3o \u00e0 pol\u00edtica, especialmente num ano eleitoral.<\/strong><\/p>\n\n\n\n<p><strong>Atento \u00e0s palavras e gestos de cada um dos indiv\u00edduos consultados foi inevit\u00e1vel encontrar aqueles que sentem uma esp\u00e9cie de alergia moral em rela\u00e7\u00e3o a esse tema t\u00e3o importante para a sociedade, j\u00e1 que a pol\u00edtica \u00e9 uma realidade inescap\u00e1vel, para o bem ou para o mal.<\/strong><\/p>\n\n\n\n<p><strong>A conclus\u00e3o mais \u00f3bvia \u00e9 que essas pessoas que simplesmente detestam pol\u00edtica e pol\u00edticos, pela forma hip\u00f3crita como esses agem, nem todos claro, \u00e9 que experimentaram um cont\u00ednuo processo de decep\u00e7\u00e3o tanto no plano nacional, quanto estadual e municipal.<\/strong><\/p>\n\n\n\n<p><strong>Alguns disseram sentir \u201cnojo\u201d por pol\u00edtica e pediram educadamente desculpas por n\u00e3o responderem \u00e0s minhas poucas e breves indaga\u00e7\u00f5es. Um deles chegou at\u00e9 mesmo a me dizer \u201cDeus te aben\u00e7oe\u201d, quando dele me despedia, o que n\u00e3o deixa de ser a express\u00e3o bem-vinda de um bom sentimento.<\/strong><\/p>\n\n\n\n<p><strong>Temos que concordar que nossos h\u00e1bitos pol\u00edticos s\u00e3o do tipo &nbsp;dupla face, uma para dar a apar\u00eancia sedutora de bondade e outra para ocultar projetos obscuros e vergonhosos, que n\u00e3o se podem enxergar dentro da mente dos seus protagonistas.<\/strong><\/p>\n\n\n\n<p><strong>N\u00e3o \u00e9 \u00e0 toa que, com a alma repleta de decep\u00e7\u00e3o com promessas v\u00e3s e esperan\u00e7as frustradas, haja mesmo aqueles que n\u00e3o falam de pol\u00edtica, e a evitam como o diabo a cruz.<\/strong><\/p>\n\n\n\n<p><strong>No entanto, a pol\u00edtica \u00e9 uma necessidade desde que os homens se aproximaram uns dos outros e formaram grupos primitivos. Uma decis\u00e3o sobre compartilhamento de tarefas ligadas \u00e0 sobreviv\u00eancia da comunidade tem natureza pol\u00edtica.<\/strong><\/p>\n\n\n\n<p><strong>Depois que a chamada civiliza\u00e7\u00e3o fundou a sociedade moderna e organizou modos econ\u00f4micos, estruturas de poder [estado, parlamento, judici\u00e1rio], normas de comportamentos sociais, defini\u00e7\u00e3o de propriedade privada, etc., ent\u00e3o a pol\u00edtica passou a reinar imperativamente, gostemos ou n\u00e3o.<\/strong><\/p>\n\n\n\n<p><strong>Assim, mesmo diante dessa repulsa, \u00e9 preciso refletir um pouco mais, mas, sobretudo, n\u00e3o se afastar de um fen\u00f4meno que influencia a vida de todos, a pol\u00edtica.<\/strong><\/p>\n\n\n\n<p><strong>Se os candidatos que se apresentam n\u00e3o fazem um time para disputar um campeonato, ao menos se poder\u00e1 pensar em qual deles se poder\u00e1 destinar o voto, talvez no menos perneta ou menos pior.<\/strong><\/p>\n\n\n\n<p><strong>O que n\u00e3o se deve, como efeito mais repulsivo, \u00e9 vender o voto por dinheiro, cestas b\u00e1sicas, sacos de cimento, latas de tinta, pares de \u00f3culos, rem\u00e9dios, botij\u00f5es de g\u00e1s. A\u00ed sim, se demonstra uma volta \u00e0 barb\u00e1rie, \u00e0 lei do mais forte e poderoso e a falta de respeito aos seres humanos mais carentes.<\/strong><\/p>\n\n\n\n<p><strong>E esse, infelizmente, \u00e9 um h\u00e1bito recorrente em nosso pa\u00eds e em nossa cidade. Isso, sim, \u00e9 uma nojeira que se repete a cada nova elei\u00e7\u00e3o, claro sempre de modo dissimulado porque \u00e9 um crime<\/strong> <strong>eleitoral.<\/strong> (C.R.)<\/p>\n","protected":false},"excerpt":{"rendered":"<p>Ouvi pessoalmente centenas de ibiunenses durante dez dias para conhecer, entre outros objetivos mais espec\u00edficos, como se comportam em rela\u00e7\u00e3o<\/p>\n","protected":false},"author":1,"featured_media":31961,"comment_status":"open","ping_status":"open","sticky":false,"template":"","format":"standard","meta":[],"categories":[3],"tags":[],"yoast_head":"<!-- This site is optimized with the Yoast SEO plugin v15.8 - https:\/\/yoast.com\/wordpress\/plugins\/seo\/ -->\n<title>ENSAIO \u2013 A POL\u00cdTICA ENTRE O NOJO E A NECESSIDADE - Revista Vitrine Online<\/title>\n<meta name=\"robots\" content=\"index, follow, max-snippet:-1, max-image-preview:large, max-video-preview:-1\" \/>\n<link rel=\"canonical\" href=\"http:\/\/revistavitrineibiuna.com.br\/?p=31960\" \/>\n<meta property=\"og:locale\" content=\"pt_BR\" \/>\n<meta property=\"og:type\" content=\"article\" \/>\n<meta property=\"og:title\" content=\"ENSAIO \u2013 A POL\u00cdTICA ENTRE O NOJO E A NECESSIDADE - Revista Vitrine Online\" \/>\n<meta property=\"og:description\" content=\"Ouvi pessoalmente centenas de ibiunenses durante dez dias para conhecer, entre outros objetivos mais espec\u00edficos, como se comportam em rela\u00e7\u00e3o\" \/>\n<meta property=\"og:url\" content=\"http:\/\/revistavitrineibiuna.com.br\/?p=31960\" \/>\n<meta property=\"og:site_name\" content=\"Revista Vitrine Online\" \/>\n<meta property=\"article:published_time\" content=\"2024-09-04T16:11:16+00:00\" \/>\n<meta property=\"article:modified_time\" content=\"2024-09-04T16:40:42+00:00\" \/>\n<meta property=\"og:image\" content=\"http:\/\/revistavitrineibiuna.com.br\/wp-content\/uploads\/2024\/09\/venda-de-votos.png\" \/>\n\t<meta property=\"og:image:width\" content=\"830\" \/>\n\t<meta property=\"og:image:height\" content=\"492\" \/>\n<meta name=\"twitter:card\" content=\"summary\" \/>\n<meta name=\"twitter:label1\" content=\"Est. reading time\">\n\t<meta name=\"twitter:data1\" content=\"2 minutos\">\n<script type=\"application\/ld+json\" class=\"yoast-schema-graph\">{\"@context\":\"https:\/\/schema.org\",\"@graph\":[{\"@type\":\"WebSite\",\"@id\":\"https:\/\/revistavitrineibiuna.com.br\/#website\",\"url\":\"https:\/\/revistavitrineibiuna.com.br\/\",\"name\":\"Revista Vitrine Ibi\\u00fana\",\"description\":\"A Revista de Ibi\\u00fana e Regi\\u00e3o\",\"publisher\":{\"@id\":\"https:\/\/revistavitrineibiuna.com.br\/#\/schema\/person\/e51ef49d6d88170ea21ceabff3f73deb\"},\"potentialAction\":[{\"@type\":\"SearchAction\",\"target\":\"https:\/\/revistavitrineibiuna.com.br\/?s={search_term_string}\",\"query-input\":\"required name=search_term_string\"}],\"inLanguage\":\"pt-BR\"},{\"@type\":\"ImageObject\",\"@id\":\"http:\/\/revistavitrineibiuna.com.br\/?p=31960#primaryimage\",\"inLanguage\":\"pt-BR\",\"url\":\"http:\/\/revistavitrineibiuna.com.br\/wp-content\/uploads\/2024\/09\/venda-de-votos.png\",\"width\":830,\"height\":492},{\"@type\":\"WebPage\",\"@id\":\"http:\/\/revistavitrineibiuna.com.br\/?p=31960#webpage\",\"url\":\"http:\/\/revistavitrineibiuna.com.br\/?p=31960\",\"name\":\"ENSAIO \\u2013 A POL\\u00cdTICA ENTRE O NOJO E A NECESSIDADE - Revista Vitrine Online\",\"isPartOf\":{\"@id\":\"https:\/\/revistavitrineibiuna.com.br\/#website\"},\"primaryImageOfPage\":{\"@id\":\"http:\/\/revistavitrineibiuna.com.br\/?p=31960#primaryimage\"},\"datePublished\":\"2024-09-04T16:11:16+00:00\",\"dateModified\":\"2024-09-04T16:40:42+00:00\",\"breadcrumb\":{\"@id\":\"http:\/\/revistavitrineibiuna.com.br\/?p=31960#breadcrumb\"},\"inLanguage\":\"pt-BR\",\"potentialAction\":[{\"@type\":\"ReadAction\",\"target\":[\"http:\/\/revistavitrineibiuna.com.br\/?p=31960\"]}]},{\"@type\":\"BreadcrumbList\",\"@id\":\"http:\/\/revistavitrineibiuna.com.br\/?p=31960#breadcrumb\",\"itemListElement\":[{\"@type\":\"ListItem\",\"position\":1,\"item\":{\"@type\":\"WebPage\",\"@id\":\"https:\/\/revistavitrineibiuna.com.br\/\",\"url\":\"https:\/\/revistavitrineibiuna.com.br\/\",\"name\":\"In\\u00edcio\"}},{\"@type\":\"ListItem\",\"position\":2,\"item\":{\"@type\":\"WebPage\",\"@id\":\"http:\/\/revistavitrineibiuna.com.br\/?p=31960\",\"url\":\"http:\/\/revistavitrineibiuna.com.br\/?p=31960\",\"name\":\"ENSAIO \\u2013 A POL\\u00cdTICA ENTRE O NOJO E A NECESSIDADE\"}}]},{\"@type\":\"Article\",\"@id\":\"http:\/\/revistavitrineibiuna.com.br\/?p=31960#article\",\"isPartOf\":{\"@id\":\"http:\/\/revistavitrineibiuna.com.br\/?p=31960#webpage\"},\"author\":{\"@id\":\"https:\/\/revistavitrineibiuna.com.br\/#\/schema\/person\/e51ef49d6d88170ea21ceabff3f73deb\"},\"headline\":\"ENSAIO \\u2013 A POL\\u00cdTICA ENTRE O NOJO E A NECESSIDADE\",\"datePublished\":\"2024-09-04T16:11:16+00:00\",\"dateModified\":\"2024-09-04T16:40:42+00:00\",\"mainEntityOfPage\":{\"@id\":\"http:\/\/revistavitrineibiuna.com.br\/?p=31960#webpage\"},\"commentCount\":0,\"publisher\":{\"@id\":\"https:\/\/revistavitrineibiuna.com.br\/#\/schema\/person\/e51ef49d6d88170ea21ceabff3f73deb\"},\"image\":{\"@id\":\"http:\/\/revistavitrineibiuna.com.br\/?p=31960#primaryimage\"},\"articleSection\":\"Not\\u00edcias\",\"inLanguage\":\"pt-BR\",\"potentialAction\":[{\"@type\":\"CommentAction\",\"name\":\"Comment\",\"target\":[\"http:\/\/revistavitrineibiuna.com.br\/?p=31960#respond\"]}]},{\"@type\":[\"Person\",\"Organization\"],\"@id\":\"https:\/\/revistavitrineibiuna.com.br\/#\/schema\/person\/e51ef49d6d88170ea21ceabff3f73deb\",\"name\":\"Carlos Rossini\",\"image\":{\"@type\":\"ImageObject\",\"@id\":\"https:\/\/revistavitrineibiuna.com.br\/#personlogo\",\"inLanguage\":\"pt-BR\",\"url\":\"http:\/\/1.gravatar.com\/avatar\/4f2d0f99fac1f85c7d643f21f5c8d900?s=96&d=mm&r=g\",\"caption\":\"Carlos Rossini\"},\"logo\":{\"@id\":\"https:\/\/revistavitrineibiuna.com.br\/#personlogo\"},\"description\":\"Carlos Rossini \\u00e9 jornalista, soci\\u00f3logo, escritor e professor universit\\u00e1rio, tendo sido professor de jornalismo por vinte anos. Trabalhou em ve\\u00edculos de comunica\\u00e7\\u00e3o nas fun\\u00e7\\u00f5es de rep\\u00f3rter, redator, editor, articulista e colaborador, como Folha de S. Paulo, O Estado de S. Paulo, Di\\u00e1rio Popular, entre outros. Ao transferir a revista vitrine, vers\\u00e3o imprensa, de S\\u00e3o Paulo para Ibi\\u00fana h\\u00e1 alguns anos, iniciou uma nova experi\\u00eancia profissional, dedicando-se ao jornalismo regional, depois de cumprir uma trajet\\u00f3ria bem-sucedida na grande imprensa brasileira. Seu primeiro livro A Coragem de Comunicar foi lan\\u00e7ado na Bienal do Livro em S\\u00e3o Paulo no ano 2000, pela editora Madras.\"}]}<\/script>\n<!-- \/ Yoast SEO plugin. -->","_links":{"self":[{"href":"http:\/\/revistavitrineibiuna.com.br\/index.php?rest_route=\/wp\/v2\/posts\/31960"}],"collection":[{"href":"http:\/\/revistavitrineibiuna.com.br\/index.php?rest_route=\/wp\/v2\/posts"}],"about":[{"href":"http:\/\/revistavitrineibiuna.com.br\/index.php?rest_route=\/wp\/v2\/types\/post"}],"author":[{"embeddable":true,"href":"http:\/\/revistavitrineibiuna.com.br\/index.php?rest_route=\/wp\/v2\/users\/1"}],"replies":[{"embeddable":true,"href":"http:\/\/revistavitrineibiuna.com.br\/index.php?rest_route=%2Fwp%2Fv2%2Fcomments&post=31960"}],"version-history":[{"count":5,"href":"http:\/\/revistavitrineibiuna.com.br\/index.php?rest_route=\/wp\/v2\/posts\/31960\/revisions"}],"predecessor-version":[{"id":31967,"href":"http:\/\/revistavitrineibiuna.com.br\/index.php?rest_route=\/wp\/v2\/posts\/31960\/revisions\/31967"}],"wp:featuredmedia":[{"embeddable":true,"href":"http:\/\/revistavitrineibiuna.com.br\/index.php?rest_route=\/wp\/v2\/media\/31961"}],"wp:attachment":[{"href":"http:\/\/revistavitrineibiuna.com.br\/index.php?rest_route=%2Fwp%2Fv2%2Fmedia&parent=31960"}],"wp:term":[{"taxonomy":"category","embeddable":true,"href":"http:\/\/revistavitrineibiuna.com.br\/index.php?rest_route=%2Fwp%2Fv2%2Fcategories&post=31960"},{"taxonomy":"post_tag","embeddable":true,"href":"http:\/\/revistavitrineibiuna.com.br\/index.php?rest_route=%2Fwp%2Fv2%2Ftags&post=31960"}],"curies":[{"name":"wp","href":"https:\/\/api.w.org\/{rel}","templated":true}]}}