{"id":31968,"date":"2024-09-07T18:40:37","date_gmt":"2024-09-07T21:40:37","guid":{"rendered":"http:\/\/revistavitrineibiuna.com.br\/?p=31968"},"modified":"2024-09-07T19:10:50","modified_gmt":"2024-09-07T22:10:50","slug":"ibiuna-o-que-pensar-da-atual-campanha-politica-na-cidade","status":"publish","type":"post","link":"http:\/\/revistavitrineibiuna.com.br\/?p=31968","title":{"rendered":"IBI\u00daNA \u2013 O QUE PENSAR DA ATUAL CAMPANHA POL\u00cdTICA NA CIDADE"},"content":{"rendered":"\n<p class=\"has-drop-cap\"><strong>Tenho acompanhado atentamente as movimenta\u00e7\u00f5es pol\u00edticas no munic\u00edpio, a partir daquilo que se pode ver nas redes sociais, que est\u00e3o, conforme previsto, sendo utilizadas abundantemente pelos pol\u00edticos que v\u00e3o disputar os cargos de prefeito, vice e vereadores<\/strong>, <strong>nas elei\u00e7\u00f5es do dia 6 de outubro, daqui a trinta dias.<\/strong><\/p>\n\n\n\n<p><strong>A busca pela conquista de nosso olhar [e da nossa aten\u00e7\u00e3o] tamb\u00e9m est\u00e1 exposta nas ruas com as \u201cwind banner\u201d (bandeiras de vento), adesivos nos vidros dos autom\u00f3veis, em paredes, santinhos entregues de m\u00e3o em m\u00e3o, al\u00e9m dos v\u00eddeos e podcasts.<\/strong><\/p>\n\n\n\n<p><strong>Toda essa fren\u00e9tica atividade, que inclui ainda reuni\u00f5es em resid\u00eancias, churrascos ou o tradicional\u00edssimo caf\u00e9, ofertas de emprego, doa\u00e7\u00e3o de dinheiro vivo, materiais e diversos objetos de desejo dos eleitores, sobretudo os mais carentes, faz parte do nosso fabuloso folclore pol\u00edtico.<\/strong><\/p>\n\n\n\n<p><strong>Tento me despojar de qualquer tipo de preconceito de natureza moral, tipo isso \u00e9 certo, aquilo \u00e9 errado, &nbsp;para buscar entender o movimento tipo gangorra, um lado sobe enquanto o outro desce, mas em rela\u00e7\u00e3o a uma palavra que parece estar fora de moda nestes tempos de grandes muta\u00e7\u00f5es, n\u00e3o apenas clim\u00e1ticas: a verdade.<\/strong><\/p>\n\n\n\n<p><strong>H\u00e1 de fato uma diversidade t\u00e3o grande de promessas feitas pelos pol\u00edticos, algumas notoriamente exageradas e fora da realidade fact\u00edvel, assim como, por parte de alguns, um not\u00e1vel objetivo de fazer crer [os eleitores] que o que est\u00e3o dizendo corresponde a prop\u00f3sitos reais, quando est\u00e3o mais para o lado de artimanhas e marotagens.<\/strong><\/p>\n\n\n\n<p><strong>Fazem isso sem o menor pudor, enquanto em suas fisionomias tentam encobri-las com uma pel\u00edcula pr\u00e9-formatada colada ao rosto, para dar a impress\u00e3o de que devemos crer no que prometem. Algumas raposas pol\u00edticas que j\u00e1 conquistaram o poder continuam acreditando em seus m\u00e9todos tradicionais de convencimento por meio do uso de embroma\u00e7\u00f5es.<\/strong><\/p>\n\n\n\n<p><strong>Talvez, n\u00e3o na sua totalidade, por certo, mas, como j\u00e1 escrevemos nestas p\u00e1ginas, o eleitorado de 2020 n\u00e3o \u00e9 o mesmo de 2024, constatamos isso ouvindo centenas de pessoas nas ruas da cidade.<\/strong><\/p>\n\n\n\n<p><strong>H\u00e1, al\u00e9m de uma descren\u00e7a nos pol\u00edticos, um sentimento de repulsa por conta dos problemas sentidos pela popula\u00e7\u00e3o correlacionado a diversos protagonistas da administra\u00e7\u00e3o p\u00fablica, com exce\u00e7\u00e3o daqueles personagens que agem de boa f\u00e9 e que existem, certamente.<\/strong> <strong>Afinal, n\u00e3o se pode generalizar.<\/strong><\/p>\n\n\n\n<p><strong>Esse fen\u00f4meno inclui servidores p\u00fablicos que se sentem prejudicados tanto com perdas consider\u00e1veis em seus rendimentos quanto na forma como s\u00e3o tratados, que se reflete num discreto temor difuso.<\/strong><\/p>\n\n\n\n<p><strong>Em suma, a esperan\u00e7a \u00e9 que a verdade triunfe sobre a mentira. Resta saber quem, entre os candidatos, consegue efetivamente diferenciar substancialmente entre um e outro substantivo. Os ibiunenses est\u00e3o a merecer sorte com a escolha dos seus pol\u00edticos para terem uma vida melhor.<\/strong><\/p>\n\n\n\n<p><strong>Por \u00faltimo, mas n\u00e3o menos importante, \u00e9 preciso considerar que as mensagens dos candidatos se referem a um tempo que n\u00e3o existe, o futuro, &nbsp;e sobre ele tudo pode ser dito porque n\u00e3o \u00e9 pecado prometer, mas sim n\u00e3o cumprir as promessas feitas, mas isso s\u00f3 \u00e9 verific\u00e1vel igualmente no futuro, como sempre demasiado tarde, como acabam por perceber os cidad\u00e3os quando veem suas esperan\u00e7as frustradas. (C.R.)<\/strong><\/p>\n","protected":false},"excerpt":{"rendered":"<p>Tenho acompanhado atentamente as movimenta\u00e7\u00f5es pol\u00edticas no munic\u00edpio, a partir daquilo que se pode ver nas redes sociais, que est\u00e3o,<\/p>\n","protected":false},"author":1,"featured_media":31969,"comment_status":"open","ping_status":"open","sticky":false,"template":"","format":"standard","meta":[],"categories":[3],"tags":[],"yoast_head":"<!-- This site is optimized with the Yoast SEO plugin v15.8 - https:\/\/yoast.com\/wordpress\/plugins\/seo\/ -->\n<title>IBI\u00daNA \u2013 O QUE PENSAR DA ATUAL CAMPANHA POL\u00cdTICA NA CIDADE - Revista Vitrine Online<\/title>\n<meta name=\"robots\" content=\"index, follow, max-snippet:-1, max-image-preview:large, max-video-preview:-1\" \/>\n<link rel=\"canonical\" href=\"http:\/\/revistavitrineibiuna.com.br\/?p=31968\" \/>\n<meta property=\"og:locale\" content=\"pt_BR\" \/>\n<meta property=\"og:type\" content=\"article\" \/>\n<meta property=\"og:title\" content=\"IBI\u00daNA \u2013 O QUE PENSAR DA ATUAL CAMPANHA POL\u00cdTICA NA CIDADE - Revista Vitrine Online\" \/>\n<meta property=\"og:description\" content=\"Tenho acompanhado atentamente as movimenta\u00e7\u00f5es pol\u00edticas no munic\u00edpio, a partir daquilo que se pode ver nas redes sociais, que est\u00e3o,\" \/>\n<meta property=\"og:url\" content=\"http:\/\/revistavitrineibiuna.com.br\/?p=31968\" \/>\n<meta property=\"og:site_name\" content=\"Revista Vitrine Online\" \/>\n<meta property=\"article:published_time\" content=\"2024-09-07T21:40:37+00:00\" \/>\n<meta property=\"article:modified_time\" content=\"2024-09-07T22:10:50+00:00\" \/>\n<meta property=\"og:image\" content=\"http:\/\/revistavitrineibiuna.com.br\/wp-content\/uploads\/2024\/09\/foto-da-multidao-erguendo-o-braco.png\" \/>\n\t<meta property=\"og:image:width\" content=\"435\" \/>\n\t<meta property=\"og:image:height\" content=\"265\" \/>\n<meta name=\"twitter:card\" content=\"summary\" \/>\n<meta name=\"twitter:label1\" content=\"Est. reading time\">\n\t<meta name=\"twitter:data1\" content=\"3 minutos\">\n<script type=\"application\/ld+json\" class=\"yoast-schema-graph\">{\"@context\":\"https:\/\/schema.org\",\"@graph\":[{\"@type\":\"WebSite\",\"@id\":\"https:\/\/revistavitrineibiuna.com.br\/#website\",\"url\":\"https:\/\/revistavitrineibiuna.com.br\/\",\"name\":\"Revista Vitrine Ibi\\u00fana\",\"description\":\"A Revista de Ibi\\u00fana e Regi\\u00e3o\",\"publisher\":{\"@id\":\"https:\/\/revistavitrineibiuna.com.br\/#\/schema\/person\/e51ef49d6d88170ea21ceabff3f73deb\"},\"potentialAction\":[{\"@type\":\"SearchAction\",\"target\":\"https:\/\/revistavitrineibiuna.com.br\/?s={search_term_string}\",\"query-input\":\"required name=search_term_string\"}],\"inLanguage\":\"pt-BR\"},{\"@type\":\"ImageObject\",\"@id\":\"http:\/\/revistavitrineibiuna.com.br\/?p=31968#primaryimage\",\"inLanguage\":\"pt-BR\",\"url\":\"http:\/\/revistavitrineibiuna.com.br\/wp-content\/uploads\/2024\/09\/foto-da-multidao-erguendo-o-braco.png\",\"width\":435,\"height\":265},{\"@type\":\"WebPage\",\"@id\":\"http:\/\/revistavitrineibiuna.com.br\/?p=31968#webpage\",\"url\":\"http:\/\/revistavitrineibiuna.com.br\/?p=31968\",\"name\":\"IBI\\u00daNA \\u2013 O QUE PENSAR DA ATUAL CAMPANHA POL\\u00cdTICA NA CIDADE - Revista Vitrine Online\",\"isPartOf\":{\"@id\":\"https:\/\/revistavitrineibiuna.com.br\/#website\"},\"primaryImageOfPage\":{\"@id\":\"http:\/\/revistavitrineibiuna.com.br\/?p=31968#primaryimage\"},\"datePublished\":\"2024-09-07T21:40:37+00:00\",\"dateModified\":\"2024-09-07T22:10:50+00:00\",\"breadcrumb\":{\"@id\":\"http:\/\/revistavitrineibiuna.com.br\/?p=31968#breadcrumb\"},\"inLanguage\":\"pt-BR\",\"potentialAction\":[{\"@type\":\"ReadAction\",\"target\":[\"http:\/\/revistavitrineibiuna.com.br\/?p=31968\"]}]},{\"@type\":\"BreadcrumbList\",\"@id\":\"http:\/\/revistavitrineibiuna.com.br\/?p=31968#breadcrumb\",\"itemListElement\":[{\"@type\":\"ListItem\",\"position\":1,\"item\":{\"@type\":\"WebPage\",\"@id\":\"https:\/\/revistavitrineibiuna.com.br\/\",\"url\":\"https:\/\/revistavitrineibiuna.com.br\/\",\"name\":\"In\\u00edcio\"}},{\"@type\":\"ListItem\",\"position\":2,\"item\":{\"@type\":\"WebPage\",\"@id\":\"http:\/\/revistavitrineibiuna.com.br\/?p=31968\",\"url\":\"http:\/\/revistavitrineibiuna.com.br\/?p=31968\",\"name\":\"IBI\\u00daNA \\u2013 O QUE PENSAR DA ATUAL CAMPANHA POL\\u00cdTICA NA CIDADE\"}}]},{\"@type\":\"Article\",\"@id\":\"http:\/\/revistavitrineibiuna.com.br\/?p=31968#article\",\"isPartOf\":{\"@id\":\"http:\/\/revistavitrineibiuna.com.br\/?p=31968#webpage\"},\"author\":{\"@id\":\"https:\/\/revistavitrineibiuna.com.br\/#\/schema\/person\/e51ef49d6d88170ea21ceabff3f73deb\"},\"headline\":\"IBI\\u00daNA \\u2013 O QUE PENSAR DA ATUAL CAMPANHA POL\\u00cdTICA NA CIDADE\",\"datePublished\":\"2024-09-07T21:40:37+00:00\",\"dateModified\":\"2024-09-07T22:10:50+00:00\",\"mainEntityOfPage\":{\"@id\":\"http:\/\/revistavitrineibiuna.com.br\/?p=31968#webpage\"},\"commentCount\":0,\"publisher\":{\"@id\":\"https:\/\/revistavitrineibiuna.com.br\/#\/schema\/person\/e51ef49d6d88170ea21ceabff3f73deb\"},\"image\":{\"@id\":\"http:\/\/revistavitrineibiuna.com.br\/?p=31968#primaryimage\"},\"articleSection\":\"Not\\u00edcias\",\"inLanguage\":\"pt-BR\",\"potentialAction\":[{\"@type\":\"CommentAction\",\"name\":\"Comment\",\"target\":[\"http:\/\/revistavitrineibiuna.com.br\/?p=31968#respond\"]}]},{\"@type\":[\"Person\",\"Organization\"],\"@id\":\"https:\/\/revistavitrineibiuna.com.br\/#\/schema\/person\/e51ef49d6d88170ea21ceabff3f73deb\",\"name\":\"Carlos Rossini\",\"image\":{\"@type\":\"ImageObject\",\"@id\":\"https:\/\/revistavitrineibiuna.com.br\/#personlogo\",\"inLanguage\":\"pt-BR\",\"url\":\"http:\/\/1.gravatar.com\/avatar\/4f2d0f99fac1f85c7d643f21f5c8d900?s=96&d=mm&r=g\",\"caption\":\"Carlos Rossini\"},\"logo\":{\"@id\":\"https:\/\/revistavitrineibiuna.com.br\/#personlogo\"},\"description\":\"Carlos Rossini \\u00e9 jornalista, soci\\u00f3logo, escritor e professor universit\\u00e1rio, tendo sido professor de jornalismo por vinte anos. Trabalhou em ve\\u00edculos de comunica\\u00e7\\u00e3o nas fun\\u00e7\\u00f5es de rep\\u00f3rter, redator, editor, articulista e colaborador, como Folha de S. Paulo, O Estado de S. Paulo, Di\\u00e1rio Popular, entre outros. Ao transferir a revista vitrine, vers\\u00e3o imprensa, de S\\u00e3o Paulo para Ibi\\u00fana h\\u00e1 alguns anos, iniciou uma nova experi\\u00eancia profissional, dedicando-se ao jornalismo regional, depois de cumprir uma trajet\\u00f3ria bem-sucedida na grande imprensa brasileira. Seu primeiro livro A Coragem de Comunicar foi lan\\u00e7ado na Bienal do Livro em S\\u00e3o Paulo no ano 2000, pela editora Madras.\"}]}<\/script>\n<!-- \/ Yoast SEO plugin. -->","_links":{"self":[{"href":"http:\/\/revistavitrineibiuna.com.br\/index.php?rest_route=\/wp\/v2\/posts\/31968"}],"collection":[{"href":"http:\/\/revistavitrineibiuna.com.br\/index.php?rest_route=\/wp\/v2\/posts"}],"about":[{"href":"http:\/\/revistavitrineibiuna.com.br\/index.php?rest_route=\/wp\/v2\/types\/post"}],"author":[{"embeddable":true,"href":"http:\/\/revistavitrineibiuna.com.br\/index.php?rest_route=\/wp\/v2\/users\/1"}],"replies":[{"embeddable":true,"href":"http:\/\/revistavitrineibiuna.com.br\/index.php?rest_route=%2Fwp%2Fv2%2Fcomments&post=31968"}],"version-history":[{"count":11,"href":"http:\/\/revistavitrineibiuna.com.br\/index.php?rest_route=\/wp\/v2\/posts\/31968\/revisions"}],"predecessor-version":[{"id":31982,"href":"http:\/\/revistavitrineibiuna.com.br\/index.php?rest_route=\/wp\/v2\/posts\/31968\/revisions\/31982"}],"wp:featuredmedia":[{"embeddable":true,"href":"http:\/\/revistavitrineibiuna.com.br\/index.php?rest_route=\/wp\/v2\/media\/31969"}],"wp:attachment":[{"href":"http:\/\/revistavitrineibiuna.com.br\/index.php?rest_route=%2Fwp%2Fv2%2Fmedia&parent=31968"}],"wp:term":[{"taxonomy":"category","embeddable":true,"href":"http:\/\/revistavitrineibiuna.com.br\/index.php?rest_route=%2Fwp%2Fv2%2Fcategories&post=31968"},{"taxonomy":"post_tag","embeddable":true,"href":"http:\/\/revistavitrineibiuna.com.br\/index.php?rest_route=%2Fwp%2Fv2%2Ftags&post=31968"}],"curies":[{"name":"wp","href":"https:\/\/api.w.org\/{rel}","templated":true}]}}