{"id":31983,"date":"2024-09-07T21:25:13","date_gmt":"2024-09-08T00:25:13","guid":{"rendered":"http:\/\/revistavitrineibiuna.com.br\/?p=31983"},"modified":"2024-09-08T09:26:51","modified_gmt":"2024-09-08T12:26:51","slug":"tvuna-recebe-a-psicanalista-celia-leiva-para-falar-da-saude-mental-nesta-4afeira","status":"publish","type":"post","link":"http:\/\/revistavitrineibiuna.com.br\/?p=31983","title":{"rendered":"TVUNA RECEBE A PSICANALISTA C\u00c9LIA LEIVA PARA FALAR DA SA\u00daDE MENTAL NESTA 4\u00aaFEIRA"},"content":{"rendered":"\n<p class=\"has-drop-cap\">Segundo a Organiza\u00e7\u00e3o Mundial da Sa\u00fade existem 1 bilh\u00e3o de pessoas com doen\u00e7as mentais, dos quais 14%, ou 140 milh\u00f5es, s\u00e3o adolescentes.<\/p>\n\n\n\n<p>O Brasil \u00e9 o pa\u00eds com mais pessoas ansiosas e deprimidas da Am\u00e9rica Latina, com cerca de 19 milh\u00f5es de pessoas nessas condi\u00e7\u00f5es.<\/p>\n\n\n\n<p>As doen\u00e7as mentais podem causar diversos problemas, tanto f\u00edsicos quanto psicol\u00f3gicos, limitando a qualidade de vida dos indiv\u00edduos.<\/p>\n\n\n\n<p>Transtornos mentais diminuem a autoestima, a confian\u00e7a e a esperan\u00e7a, e podem causar danos f\u00edsicos, como diabetes, cardiol\u00f3gicos e infec\u00e7\u00f5es.<\/p>\n\n\n\n<p>HUMOR, COMPORTAMENTO&#8230;<\/p>\n\n\n\n<p>S\u00e3o muitas as causas dos transtornos mentais que afetam o humor, o comportamento, a concentra\u00e7\u00e3o e a mem\u00f3ria, al\u00e9m, certamente, de casos de maior gravidade com efeitos nefastos.<\/p>\n\n\n\n<p>Ciente da necessidade de contribuir com a sa\u00fade mental da popula\u00e7\u00e3o, a TVUNA vem pautando esse assunto. J\u00e1 entrevistou uma psiquiatra, duas psic\u00f3logas e uma terapeuta neurolinguista.<\/p>\n\n\n\n<p>PSICANALISTA NA TVUNA<\/p>\n\n\n\n<p>Nesta quarta-feira, dia 11, \u00e0s 20h, ao vivo, a TVUNA entrevistar\u00e1 a psicanalista C\u00e9lia Leiva, ibiunense da gema e pessoa de not\u00e1vel empatia.<\/p>\n\n\n\n<p>O programa ser\u00e1 transmitido pelo Youtube, Facebook&nbsp; e Instagram e voc\u00ea poder\u00e1 participar diretamente pelo chat do canal da TVUNA. Inscreva-se: <a href=\"mailto:youtube.com\/@tv-una\">youtube.com\/@tv-una<\/a>.<\/p>\n\n\n\n<p>\u2018TRANSFORMA\u00c7\u00c3O PODEROSA\u2019<\/p>\n\n\n\n<p>Nossa convidada &nbsp;viveu na pr\u00f3pria pele o processo da an\u00e1lise \u201cque foi muito curativo\u201d. A partir da\u00ed, ela resolveu ir adiante para ajudar as pessoas a se libertarem dos seus problemas. \u201cProcurei a forma\u00e7\u00e3o e me dediquei muito, encontrei na psican\u00e1lise uma ferramenta de transforma\u00e7\u00e3o muito poderosa\u201d.<\/p>\n\n\n\n<p>As pessoas a t\u00eam procurado [ela atende por enquanto somente on-line] \u201cporque houve uma crise de ansiedade, p\u00e2nico, choro ou porque j\u00e1 tentou de tudo e entendeu que precisa olhar para dentro de si\u201d.<\/p>\n\n\n\n<p>ESPECIALIDADES<\/p>\n\n\n\n<p>C\u00e9lia Leiva, responder\u00e1 \u00e0s quest\u00f5es dos telespectadores . Ela vai explicar as especialidades de cada um dos profissionais [psiquiatras, psic\u00f3logos, psicanalistas e terapeutas] que lidam com a mente humana, a fim de que haja melhor compreens\u00e3o por parte da popula\u00e7\u00e3o, e tamb\u00e9m para que as pessoas deixem de ter preconceito contra esses servi\u00e7os de sa\u00fade t\u00e3o importantes para a sa\u00fade mental dos indiv\u00edduos e da sociedade.<\/p>\n\n\n\n<p>CONTATO<\/p>\n\n\n\n<p>Instagram: celia_terapeuta<\/p>\n\n\n\n<p>WhatsApp: (15) 996780167<\/p>\n\n\n\n<p>E-mail: terapeutizeavida@gmail.com<\/p>\n","protected":false},"excerpt":{"rendered":"<p>Segundo a Organiza\u00e7\u00e3o Mundial da Sa\u00fade existem 1 bilh\u00e3o de pessoas com doen\u00e7as mentais, dos quais 14%, ou 140 milh\u00f5es,<\/p>\n","protected":false},"author":1,"featured_media":31984,"comment_status":"open","ping_status":"open","sticky":false,"template":"","format":"standard","meta":[],"categories":[3,1],"tags":[],"yoast_head":"<!-- This site is optimized with the Yoast SEO plugin v15.8 - https:\/\/yoast.com\/wordpress\/plugins\/seo\/ -->\n<title>TVUNA RECEBE A PSICANALISTA C\u00c9LIA LEIVA PARA FALAR DA SA\u00daDE MENTAL NESTA 4\u00aaFEIRA - Revista Vitrine Online<\/title>\n<meta name=\"robots\" content=\"index, follow, max-snippet:-1, max-image-preview:large, max-video-preview:-1\" \/>\n<link rel=\"canonical\" href=\"http:\/\/revistavitrineibiuna.com.br\/?p=31983\" \/>\n<meta property=\"og:locale\" content=\"pt_BR\" \/>\n<meta property=\"og:type\" content=\"article\" \/>\n<meta property=\"og:title\" content=\"TVUNA RECEBE A PSICANALISTA C\u00c9LIA LEIVA PARA FALAR DA SA\u00daDE MENTAL NESTA 4\u00aaFEIRA - Revista Vitrine Online\" \/>\n<meta property=\"og:description\" content=\"Segundo a Organiza\u00e7\u00e3o Mundial da Sa\u00fade existem 1 bilh\u00e3o de pessoas com doen\u00e7as mentais, dos quais 14%, ou 140 milh\u00f5es,\" \/>\n<meta property=\"og:url\" content=\"http:\/\/revistavitrineibiuna.com.br\/?p=31983\" \/>\n<meta property=\"og:site_name\" content=\"Revista Vitrine Online\" \/>\n<meta property=\"article:published_time\" content=\"2024-09-08T00:25:13+00:00\" \/>\n<meta property=\"article:modified_time\" content=\"2024-09-08T12:26:51+00:00\" \/>\n<meta property=\"og:image\" content=\"http:\/\/revistavitrineibiuna.com.br\/wp-content\/uploads\/2024\/09\/Celia-psicanalista.png\" \/>\n\t<meta property=\"og:image:width\" content=\"827\" \/>\n\t<meta property=\"og:image:height\" content=\"517\" \/>\n<meta name=\"twitter:card\" content=\"summary\" \/>\n<meta name=\"twitter:label1\" content=\"Est. reading time\">\n\t<meta name=\"twitter:data1\" content=\"2 minutos\">\n<script type=\"application\/ld+json\" class=\"yoast-schema-graph\">{\"@context\":\"https:\/\/schema.org\",\"@graph\":[{\"@type\":\"WebSite\",\"@id\":\"https:\/\/revistavitrineibiuna.com.br\/#website\",\"url\":\"https:\/\/revistavitrineibiuna.com.br\/\",\"name\":\"Revista Vitrine Ibi\\u00fana\",\"description\":\"A Revista de Ibi\\u00fana e Regi\\u00e3o\",\"publisher\":{\"@id\":\"https:\/\/revistavitrineibiuna.com.br\/#\/schema\/person\/e51ef49d6d88170ea21ceabff3f73deb\"},\"potentialAction\":[{\"@type\":\"SearchAction\",\"target\":\"https:\/\/revistavitrineibiuna.com.br\/?s={search_term_string}\",\"query-input\":\"required name=search_term_string\"}],\"inLanguage\":\"pt-BR\"},{\"@type\":\"ImageObject\",\"@id\":\"http:\/\/revistavitrineibiuna.com.br\/?p=31983#primaryimage\",\"inLanguage\":\"pt-BR\",\"url\":\"http:\/\/revistavitrineibiuna.com.br\/wp-content\/uploads\/2024\/09\/Celia-psicanalista.png\",\"width\":827,\"height\":517},{\"@type\":\"WebPage\",\"@id\":\"http:\/\/revistavitrineibiuna.com.br\/?p=31983#webpage\",\"url\":\"http:\/\/revistavitrineibiuna.com.br\/?p=31983\",\"name\":\"TVUNA RECEBE A PSICANALISTA C\\u00c9LIA LEIVA PARA FALAR DA SA\\u00daDE MENTAL NESTA 4\\u00aaFEIRA - Revista Vitrine Online\",\"isPartOf\":{\"@id\":\"https:\/\/revistavitrineibiuna.com.br\/#website\"},\"primaryImageOfPage\":{\"@id\":\"http:\/\/revistavitrineibiuna.com.br\/?p=31983#primaryimage\"},\"datePublished\":\"2024-09-08T00:25:13+00:00\",\"dateModified\":\"2024-09-08T12:26:51+00:00\",\"breadcrumb\":{\"@id\":\"http:\/\/revistavitrineibiuna.com.br\/?p=31983#breadcrumb\"},\"inLanguage\":\"pt-BR\",\"potentialAction\":[{\"@type\":\"ReadAction\",\"target\":[\"http:\/\/revistavitrineibiuna.com.br\/?p=31983\"]}]},{\"@type\":\"BreadcrumbList\",\"@id\":\"http:\/\/revistavitrineibiuna.com.br\/?p=31983#breadcrumb\",\"itemListElement\":[{\"@type\":\"ListItem\",\"position\":1,\"item\":{\"@type\":\"WebPage\",\"@id\":\"https:\/\/revistavitrineibiuna.com.br\/\",\"url\":\"https:\/\/revistavitrineibiuna.com.br\/\",\"name\":\"In\\u00edcio\"}},{\"@type\":\"ListItem\",\"position\":2,\"item\":{\"@type\":\"WebPage\",\"@id\":\"http:\/\/revistavitrineibiuna.com.br\/?p=31983\",\"url\":\"http:\/\/revistavitrineibiuna.com.br\/?p=31983\",\"name\":\"TVUNA RECEBE A PSICANALISTA C\\u00c9LIA LEIVA PARA FALAR DA SA\\u00daDE MENTAL NESTA 4\\u00aaFEIRA\"}}]},{\"@type\":\"Article\",\"@id\":\"http:\/\/revistavitrineibiuna.com.br\/?p=31983#article\",\"isPartOf\":{\"@id\":\"http:\/\/revistavitrineibiuna.com.br\/?p=31983#webpage\"},\"author\":{\"@id\":\"https:\/\/revistavitrineibiuna.com.br\/#\/schema\/person\/e51ef49d6d88170ea21ceabff3f73deb\"},\"headline\":\"TVUNA RECEBE A PSICANALISTA C\\u00c9LIA LEIVA PARA FALAR DA SA\\u00daDE MENTAL NESTA 4\\u00aaFEIRA\",\"datePublished\":\"2024-09-08T00:25:13+00:00\",\"dateModified\":\"2024-09-08T12:26:51+00:00\",\"mainEntityOfPage\":{\"@id\":\"http:\/\/revistavitrineibiuna.com.br\/?p=31983#webpage\"},\"commentCount\":0,\"publisher\":{\"@id\":\"https:\/\/revistavitrineibiuna.com.br\/#\/schema\/person\/e51ef49d6d88170ea21ceabff3f73deb\"},\"image\":{\"@id\":\"http:\/\/revistavitrineibiuna.com.br\/?p=31983#primaryimage\"},\"articleSection\":\"Not\\u00edcias,Uncategorized\",\"inLanguage\":\"pt-BR\",\"potentialAction\":[{\"@type\":\"CommentAction\",\"name\":\"Comment\",\"target\":[\"http:\/\/revistavitrineibiuna.com.br\/?p=31983#respond\"]}]},{\"@type\":[\"Person\",\"Organization\"],\"@id\":\"https:\/\/revistavitrineibiuna.com.br\/#\/schema\/person\/e51ef49d6d88170ea21ceabff3f73deb\",\"name\":\"Carlos Rossini\",\"image\":{\"@type\":\"ImageObject\",\"@id\":\"https:\/\/revistavitrineibiuna.com.br\/#personlogo\",\"inLanguage\":\"pt-BR\",\"url\":\"http:\/\/1.gravatar.com\/avatar\/4f2d0f99fac1f85c7d643f21f5c8d900?s=96&d=mm&r=g\",\"caption\":\"Carlos Rossini\"},\"logo\":{\"@id\":\"https:\/\/revistavitrineibiuna.com.br\/#personlogo\"},\"description\":\"Carlos Rossini \\u00e9 jornalista, soci\\u00f3logo, escritor e professor universit\\u00e1rio, tendo sido professor de jornalismo por vinte anos. Trabalhou em ve\\u00edculos de comunica\\u00e7\\u00e3o nas fun\\u00e7\\u00f5es de rep\\u00f3rter, redator, editor, articulista e colaborador, como Folha de S. Paulo, O Estado de S. Paulo, Di\\u00e1rio Popular, entre outros. Ao transferir a revista vitrine, vers\\u00e3o imprensa, de S\\u00e3o Paulo para Ibi\\u00fana h\\u00e1 alguns anos, iniciou uma nova experi\\u00eancia profissional, dedicando-se ao jornalismo regional, depois de cumprir uma trajet\\u00f3ria bem-sucedida na grande imprensa brasileira. Seu primeiro livro A Coragem de Comunicar foi lan\\u00e7ado na Bienal do Livro em S\\u00e3o Paulo no ano 2000, pela editora Madras.\"}]}<\/script>\n<!-- \/ Yoast SEO plugin. -->","_links":{"self":[{"href":"http:\/\/revistavitrineibiuna.com.br\/index.php?rest_route=\/wp\/v2\/posts\/31983"}],"collection":[{"href":"http:\/\/revistavitrineibiuna.com.br\/index.php?rest_route=\/wp\/v2\/posts"}],"about":[{"href":"http:\/\/revistavitrineibiuna.com.br\/index.php?rest_route=\/wp\/v2\/types\/post"}],"author":[{"embeddable":true,"href":"http:\/\/revistavitrineibiuna.com.br\/index.php?rest_route=\/wp\/v2\/users\/1"}],"replies":[{"embeddable":true,"href":"http:\/\/revistavitrineibiuna.com.br\/index.php?rest_route=%2Fwp%2Fv2%2Fcomments&post=31983"}],"version-history":[{"count":3,"href":"http:\/\/revistavitrineibiuna.com.br\/index.php?rest_route=\/wp\/v2\/posts\/31983\/revisions"}],"predecessor-version":[{"id":31988,"href":"http:\/\/revistavitrineibiuna.com.br\/index.php?rest_route=\/wp\/v2\/posts\/31983\/revisions\/31988"}],"wp:featuredmedia":[{"embeddable":true,"href":"http:\/\/revistavitrineibiuna.com.br\/index.php?rest_route=\/wp\/v2\/media\/31984"}],"wp:attachment":[{"href":"http:\/\/revistavitrineibiuna.com.br\/index.php?rest_route=%2Fwp%2Fv2%2Fmedia&parent=31983"}],"wp:term":[{"taxonomy":"category","embeddable":true,"href":"http:\/\/revistavitrineibiuna.com.br\/index.php?rest_route=%2Fwp%2Fv2%2Fcategories&post=31983"},{"taxonomy":"post_tag","embeddable":true,"href":"http:\/\/revistavitrineibiuna.com.br\/index.php?rest_route=%2Fwp%2Fv2%2Ftags&post=31983"}],"curies":[{"name":"wp","href":"https:\/\/api.w.org\/{rel}","templated":true}]}}