{"id":31990,"date":"2024-09-10T18:04:15","date_gmt":"2024-09-10T21:04:15","guid":{"rendered":"http:\/\/revistavitrineibiuna.com.br\/?p=31990"},"modified":"2024-09-10T18:20:35","modified_gmt":"2024-09-10T21:20:35","slug":"carta-aos-eleitores-de-ibiuna","status":"publish","type":"post","link":"http:\/\/revistavitrineibiuna.com.br\/?p=31990","title":{"rendered":"CARTA AOS ELEITORES DE IBI\u00daNA"},"content":{"rendered":"\n<p class=\"has-drop-cap\"><strong>A vinte e sete dias das elei\u00e7\u00f5es municipais \u2013 para prefeito, vice e vereadores [s\u00e3o 15 no legislativo ibiunense] \u2013&nbsp; \u00e9 tempo para falar aos cora\u00e7\u00f5es e mentes dos eleitores, a maioria mulheres.<\/strong><\/p>\n\n\n\n<p><strong>Temos perguntado pessoalmente a centenas de cidad\u00e3os, incluindo jovens que votar\u00e3o pela primeira vez, o que sabem do pleito em si, se conhecem os candidatos e at\u00e9 mesmo em quem pretendem cravar os seus votos.<\/strong><\/p>\n\n\n\n<p><strong>A movimenta\u00e7\u00e3o dos candidatos est\u00e1 cada vez mais intensa no centro e nos bairros. Temos cinco candidatos ao cargo de prefeito e de vice e nada menos do que 259 candidatos a vereador, incluindo ex-vereadores que querem retornar ao Legislativo local e um maior n\u00famero de mulheres este ano.<\/strong><\/p>\n\n\n\n<p><strong>Ainda se verifica um not\u00e1vel grau de desinforma\u00e7\u00e3o quanto ao que diz respeito aos candidatos. Um consider\u00e1vel n\u00famero de eleitores, sobretudo residentes nos bairros, nem mesmo conhecem todos os candidatos a prefeito, situa\u00e7\u00e3o ainda vis\u00edvel em rela\u00e7\u00e3o a mais de duas centenas e meia de postulantes a uma cadeira no plen\u00e1rio da C\u00e2mara Municipal.<\/strong><\/p>\n\n\n\n<p><strong>Ainda hoje ouvimos uma mulher jovem que admitiu seu desconhecimento por viver distante do cen\u00e1rio pol\u00edtico, embora tenha dito que considera importante acompanhar esse tema, que acaba se refletindo diretamente na vida da popula\u00e7\u00e3o, pois a vida do munic\u00edpio se fundamenta nas resolu\u00e7\u00f5es e atitudes pol\u00edticas e administrativas.<\/strong><\/p>\n\n\n\n<p><strong>Por isso mesmo, achamos oportuno escrever esta Carta aos Eleitores de Ibi\u00fana, por que, como j\u00e1 escrevemos aqui, cada voto definir\u00e1 o futuro da cidade nos pr\u00f3ximos quatro anos em termos de servi\u00e7os sa\u00fade, transporte, educa\u00e7\u00e3o, seguran\u00e7a, condi\u00e7\u00f5es das estradas e assim por diante.<\/strong><\/p>\n\n\n\n<p><strong>\u00c9 preciso admitir que o futuro \u00e9 um tempo que n\u00e3o existe e n\u00e3o h\u00e1 garantia de que as promessas dos pol\u00edticos ser\u00e3o cumpridas, basta puxar pela mem\u00f3ria o que vem acontecendo h\u00e1 d\u00e9cadas em rela\u00e7\u00e3o ao que \u00e9 dito e o que \u00e9 feito, entre a esperan\u00e7a e a frustra\u00e7\u00e3o. Conforme o ditado popular, \u201cdepois n\u00e3o adianta chorar o leite derramado\u201d.<\/strong><\/p>\n\n\n\n<p><strong>Portanto, como os pol\u00edticos em geral s\u00e3o verdadeiros atores representando papeis de conveni\u00eancia, com honrosas exce\u00e7\u00f5es, o que nos resta \u00e9 o despertar para uma realidade oportuna:<\/strong><\/p>\n\n\n\n<p><strong>A responsabilidade \u00e9 de quem escolhe, ou seja, dos eleitores, pois os escolhidos podem muito bem mudar de ideia, depois que s\u00e3o eleitos.<\/strong><\/p>\n","protected":false},"excerpt":{"rendered":"<p>A vinte e sete dias das elei\u00e7\u00f5es municipais \u2013 para prefeito, vice e vereadores [s\u00e3o 15 no legislativo ibiunense] \u2013&nbsp;<\/p>\n","protected":false},"author":1,"featured_media":31991,"comment_status":"open","ping_status":"open","sticky":false,"template":"","format":"standard","meta":[],"categories":[3],"tags":[],"yoast_head":"<!-- This site is optimized with the Yoast SEO plugin v15.8 - https:\/\/yoast.com\/wordpress\/plugins\/seo\/ -->\n<title>CARTA AOS ELEITORES DE IBI\u00daNA - Revista Vitrine Online<\/title>\n<meta name=\"robots\" content=\"index, follow, max-snippet:-1, max-image-preview:large, max-video-preview:-1\" \/>\n<link rel=\"canonical\" href=\"http:\/\/revistavitrineibiuna.com.br\/?p=31990\" \/>\n<meta property=\"og:locale\" content=\"pt_BR\" \/>\n<meta property=\"og:type\" content=\"article\" \/>\n<meta property=\"og:title\" content=\"CARTA AOS ELEITORES DE IBI\u00daNA - Revista Vitrine Online\" \/>\n<meta property=\"og:description\" content=\"A vinte e sete dias das elei\u00e7\u00f5es municipais \u2013 para prefeito, vice e vereadores [s\u00e3o 15 no legislativo ibiunense] \u2013&nbsp;\" \/>\n<meta property=\"og:url\" content=\"http:\/\/revistavitrineibiuna.com.br\/?p=31990\" \/>\n<meta property=\"og:site_name\" content=\"Revista Vitrine Online\" \/>\n<meta property=\"article:published_time\" content=\"2024-09-10T21:04:15+00:00\" \/>\n<meta property=\"article:modified_time\" content=\"2024-09-10T21:20:35+00:00\" \/>\n<meta property=\"og:image\" content=\"http:\/\/revistavitrineibiuna.com.br\/wp-content\/uploads\/2024\/09\/nova-urna-1024x683.png\" \/>\n\t<meta property=\"og:image:width\" content=\"1024\" \/>\n\t<meta property=\"og:image:height\" content=\"683\" \/>\n<meta name=\"twitter:card\" content=\"summary\" \/>\n<meta name=\"twitter:label1\" content=\"Est. reading time\">\n\t<meta name=\"twitter:data1\" content=\"2 minutos\">\n<script type=\"application\/ld+json\" class=\"yoast-schema-graph\">{\"@context\":\"https:\/\/schema.org\",\"@graph\":[{\"@type\":\"WebSite\",\"@id\":\"https:\/\/revistavitrineibiuna.com.br\/#website\",\"url\":\"https:\/\/revistavitrineibiuna.com.br\/\",\"name\":\"Revista Vitrine Ibi\\u00fana\",\"description\":\"A Revista de Ibi\\u00fana e Regi\\u00e3o\",\"publisher\":{\"@id\":\"https:\/\/revistavitrineibiuna.com.br\/#\/schema\/person\/e51ef49d6d88170ea21ceabff3f73deb\"},\"potentialAction\":[{\"@type\":\"SearchAction\",\"target\":\"https:\/\/revistavitrineibiuna.com.br\/?s={search_term_string}\",\"query-input\":\"required name=search_term_string\"}],\"inLanguage\":\"pt-BR\"},{\"@type\":\"ImageObject\",\"@id\":\"http:\/\/revistavitrineibiuna.com.br\/?p=31990#primaryimage\",\"inLanguage\":\"pt-BR\",\"url\":\"http:\/\/revistavitrineibiuna.com.br\/wp-content\/uploads\/2024\/09\/nova-urna.png\",\"width\":1920,\"height\":1280},{\"@type\":\"WebPage\",\"@id\":\"http:\/\/revistavitrineibiuna.com.br\/?p=31990#webpage\",\"url\":\"http:\/\/revistavitrineibiuna.com.br\/?p=31990\",\"name\":\"CARTA AOS ELEITORES DE IBI\\u00daNA - Revista Vitrine Online\",\"isPartOf\":{\"@id\":\"https:\/\/revistavitrineibiuna.com.br\/#website\"},\"primaryImageOfPage\":{\"@id\":\"http:\/\/revistavitrineibiuna.com.br\/?p=31990#primaryimage\"},\"datePublished\":\"2024-09-10T21:04:15+00:00\",\"dateModified\":\"2024-09-10T21:20:35+00:00\",\"breadcrumb\":{\"@id\":\"http:\/\/revistavitrineibiuna.com.br\/?p=31990#breadcrumb\"},\"inLanguage\":\"pt-BR\",\"potentialAction\":[{\"@type\":\"ReadAction\",\"target\":[\"http:\/\/revistavitrineibiuna.com.br\/?p=31990\"]}]},{\"@type\":\"BreadcrumbList\",\"@id\":\"http:\/\/revistavitrineibiuna.com.br\/?p=31990#breadcrumb\",\"itemListElement\":[{\"@type\":\"ListItem\",\"position\":1,\"item\":{\"@type\":\"WebPage\",\"@id\":\"https:\/\/revistavitrineibiuna.com.br\/\",\"url\":\"https:\/\/revistavitrineibiuna.com.br\/\",\"name\":\"In\\u00edcio\"}},{\"@type\":\"ListItem\",\"position\":2,\"item\":{\"@type\":\"WebPage\",\"@id\":\"http:\/\/revistavitrineibiuna.com.br\/?p=31990\",\"url\":\"http:\/\/revistavitrineibiuna.com.br\/?p=31990\",\"name\":\"CARTA AOS ELEITORES DE IBI\\u00daNA\"}}]},{\"@type\":\"Article\",\"@id\":\"http:\/\/revistavitrineibiuna.com.br\/?p=31990#article\",\"isPartOf\":{\"@id\":\"http:\/\/revistavitrineibiuna.com.br\/?p=31990#webpage\"},\"author\":{\"@id\":\"https:\/\/revistavitrineibiuna.com.br\/#\/schema\/person\/e51ef49d6d88170ea21ceabff3f73deb\"},\"headline\":\"CARTA AOS ELEITORES DE IBI\\u00daNA\",\"datePublished\":\"2024-09-10T21:04:15+00:00\",\"dateModified\":\"2024-09-10T21:20:35+00:00\",\"mainEntityOfPage\":{\"@id\":\"http:\/\/revistavitrineibiuna.com.br\/?p=31990#webpage\"},\"commentCount\":0,\"publisher\":{\"@id\":\"https:\/\/revistavitrineibiuna.com.br\/#\/schema\/person\/e51ef49d6d88170ea21ceabff3f73deb\"},\"image\":{\"@id\":\"http:\/\/revistavitrineibiuna.com.br\/?p=31990#primaryimage\"},\"articleSection\":\"Not\\u00edcias\",\"inLanguage\":\"pt-BR\",\"potentialAction\":[{\"@type\":\"CommentAction\",\"name\":\"Comment\",\"target\":[\"http:\/\/revistavitrineibiuna.com.br\/?p=31990#respond\"]}]},{\"@type\":[\"Person\",\"Organization\"],\"@id\":\"https:\/\/revistavitrineibiuna.com.br\/#\/schema\/person\/e51ef49d6d88170ea21ceabff3f73deb\",\"name\":\"Carlos Rossini\",\"image\":{\"@type\":\"ImageObject\",\"@id\":\"https:\/\/revistavitrineibiuna.com.br\/#personlogo\",\"inLanguage\":\"pt-BR\",\"url\":\"http:\/\/1.gravatar.com\/avatar\/4f2d0f99fac1f85c7d643f21f5c8d900?s=96&d=mm&r=g\",\"caption\":\"Carlos Rossini\"},\"logo\":{\"@id\":\"https:\/\/revistavitrineibiuna.com.br\/#personlogo\"},\"description\":\"Carlos Rossini \\u00e9 jornalista, soci\\u00f3logo, escritor e professor universit\\u00e1rio, tendo sido professor de jornalismo por vinte anos. Trabalhou em ve\\u00edculos de comunica\\u00e7\\u00e3o nas fun\\u00e7\\u00f5es de rep\\u00f3rter, redator, editor, articulista e colaborador, como Folha de S. Paulo, O Estado de S. Paulo, Di\\u00e1rio Popular, entre outros. Ao transferir a revista vitrine, vers\\u00e3o imprensa, de S\\u00e3o Paulo para Ibi\\u00fana h\\u00e1 alguns anos, iniciou uma nova experi\\u00eancia profissional, dedicando-se ao jornalismo regional, depois de cumprir uma trajet\\u00f3ria bem-sucedida na grande imprensa brasileira. Seu primeiro livro A Coragem de Comunicar foi lan\\u00e7ado na Bienal do Livro em S\\u00e3o Paulo no ano 2000, pela editora Madras.\"}]}<\/script>\n<!-- \/ Yoast SEO plugin. -->","_links":{"self":[{"href":"http:\/\/revistavitrineibiuna.com.br\/index.php?rest_route=\/wp\/v2\/posts\/31990"}],"collection":[{"href":"http:\/\/revistavitrineibiuna.com.br\/index.php?rest_route=\/wp\/v2\/posts"}],"about":[{"href":"http:\/\/revistavitrineibiuna.com.br\/index.php?rest_route=\/wp\/v2\/types\/post"}],"author":[{"embeddable":true,"href":"http:\/\/revistavitrineibiuna.com.br\/index.php?rest_route=\/wp\/v2\/users\/1"}],"replies":[{"embeddable":true,"href":"http:\/\/revistavitrineibiuna.com.br\/index.php?rest_route=%2Fwp%2Fv2%2Fcomments&post=31990"}],"version-history":[{"count":2,"href":"http:\/\/revistavitrineibiuna.com.br\/index.php?rest_route=\/wp\/v2\/posts\/31990\/revisions"}],"predecessor-version":[{"id":31993,"href":"http:\/\/revistavitrineibiuna.com.br\/index.php?rest_route=\/wp\/v2\/posts\/31990\/revisions\/31993"}],"wp:featuredmedia":[{"embeddable":true,"href":"http:\/\/revistavitrineibiuna.com.br\/index.php?rest_route=\/wp\/v2\/media\/31991"}],"wp:attachment":[{"href":"http:\/\/revistavitrineibiuna.com.br\/index.php?rest_route=%2Fwp%2Fv2%2Fmedia&parent=31990"}],"wp:term":[{"taxonomy":"category","embeddable":true,"href":"http:\/\/revistavitrineibiuna.com.br\/index.php?rest_route=%2Fwp%2Fv2%2Fcategories&post=31990"},{"taxonomy":"post_tag","embeddable":true,"href":"http:\/\/revistavitrineibiuna.com.br\/index.php?rest_route=%2Fwp%2Fv2%2Ftags&post=31990"}],"curies":[{"name":"wp","href":"https:\/\/api.w.org\/{rel}","templated":true}]}}