{"id":31994,"date":"2024-09-12T12:05:14","date_gmt":"2024-09-12T15:05:14","guid":{"rendered":"http:\/\/revistavitrineibiuna.com.br\/?p=31994"},"modified":"2024-09-12T12:05:15","modified_gmt":"2024-09-12T15:05:15","slug":"ibiuna-mario-pires-e-renan-godinho-participam-da-sabatina-na-tvuna","status":"publish","type":"post","link":"http:\/\/revistavitrineibiuna.com.br\/?p=31994","title":{"rendered":"IBI\u00daNA \u2013 M\u00c1RIO PIRES E RENAN GODINHO PARTICIPAM DA SABATINA NA TVUNA"},"content":{"rendered":"\n<p class=\"has-drop-cap\"><strong>A TVUNA convidou os cinco candidatos a prefeito de Ibi\u00fana para participarem de uma sabatina com um roteiro que permitiria aos telespectadores conhecerem a biografia de cada um deles, bem como sua vis\u00e3o da cidade e do modo como pretendem governar o munic\u00edpio.<\/strong><\/p>\n\n\n\n<p><strong>Esse conhecimento \u00e9 essencial para os eleitores decidirem em quem votar mediante informa\u00e7\u00f5es objetivas e positivas que recebem diretamente dos protagonistas pol\u00edticos.<\/strong><\/p>\n\n\n\n<p><strong>A cada um deles foi enviado um convite com o mesmo teor, cujos nomes foram alinhados por ordem alfab\u00e9tica, a fim de que desde o in\u00edcio fosse mantido o princ\u00edpio de igualdade de tratamento.<\/strong><\/p>\n\n\n\n<p><strong>Para quem ainda n\u00e3o sabe, a TVUNA foi criada por um veterano profissional da chamada grande imprensa, Carlos Rossini.<\/strong><\/p>\n\n\n\n<p><strong>Ele decidiu criar a emissora para oferecer uma alternativa de jornalismo baseado na credibilidade, na \u00e9tica e nas boas pr\u00e1ticas dessa fun\u00e7\u00e3o social de informar e prestar servi\u00e7os de utilidade \u00e0 sociedade.<\/strong><\/p>\n\n\n\n<p><strong>N\u00c3O ACEITARAM O CONVITE<\/strong><\/p>\n\n\n\n<p><strong>O ten. Adilson Ribeiro (UB), Alle Zanata (PT) e o atual prefeito Paulo Sasaki (PL), candidato \u00e0 reelei\u00e7\u00e3o, n\u00e3o aceitaram o convite.<\/strong><\/p>\n\n\n\n<p><strong>SIM, ACEITARAM O CONVITE<\/strong><\/p>\n\n\n\n<p><strong>M\u00e1rio Pires (Republicanos) representado por seus apoiadores e Renan Godinho (Podemos), no entanto, n\u00e3o s\u00f3 confirmaram presen\u00e7a como participaram do programa ao vivo no dia 14 de agosto em que houve o sorteio das datas de apresenta\u00e7\u00e3o de cada um para compor a programa\u00e7\u00e3o.<\/strong><\/p>\n\n\n\n<p><strong>Assim, os telespectadores de Ibi\u00fana poder\u00e3o conhecer tanto o perfil de ambos os candidatos, bem como seu programa de governo e interagir com eles diretamente atrav\u00e9s do chat do canal da TVUNA. Inscreva-se j\u00e1: <a href=\"mailto:youtube.com\/@tv-una\">youtube.com\/@tv-una<\/a>.<\/strong><\/p>\n\n\n\n<p><strong>DATAS<\/strong><\/p>\n\n\n\n<p><strong>Na pr\u00f3xima quarta-feira, dia 18, \u00e0s 20h, de acordo com o sorteio, ser\u00e1 a vez do advogado Renan Godinho, e no dia 25, \u00e0s 20h, M\u00e1rio Pires estar\u00e1 diante das c\u00e2meras da TVUNA.<\/strong><\/p>\n\n\n\n<p><strong>PATROCINADORES<\/strong><\/p>\n\n\n\n<p><strong>Desde j\u00e1 a TVUNA agradece pelo apoio dos seus patrocinadores que acreditam nessa forma de fazer jornalismo s\u00e9rio, respons\u00e1vel e livre de influ\u00eancias obscuras e obsoletas.<\/strong><\/p>\n\n\n\n<p><strong>Afinal, a popula\u00e7\u00e3o est\u00e1 cansada de ouvir promessas pol\u00edticas de melhorias ao mesmo tempo em que demonstra a sensa\u00e7\u00e3o de que a cidade parou no tempo. (C.R.)<\/strong><\/p>\n","protected":false},"excerpt":{"rendered":"<p>A TVUNA convidou os cinco candidatos a prefeito de Ibi\u00fana para participarem de uma sabatina com um roteiro que permitiria<\/p>\n","protected":false},"author":1,"featured_media":31995,"comment_status":"open","ping_status":"open","sticky":false,"template":"","format":"standard","meta":[],"categories":[3],"tags":[],"yoast_head":"<!-- This site is optimized with the Yoast SEO plugin v15.8 - https:\/\/yoast.com\/wordpress\/plugins\/seo\/ -->\n<title>IBI\u00daNA \u2013 M\u00c1RIO PIRES E RENAN GODINHO PARTICIPAM DA SABATINA NA TVUNA - Revista Vitrine Online<\/title>\n<meta name=\"robots\" content=\"index, follow, max-snippet:-1, max-image-preview:large, max-video-preview:-1\" \/>\n<link rel=\"canonical\" href=\"https:\/\/revistavitrineibiuna.com.br\/?p=31994\" \/>\n<meta property=\"og:locale\" content=\"pt_BR\" \/>\n<meta property=\"og:type\" content=\"article\" \/>\n<meta property=\"og:title\" content=\"IBI\u00daNA \u2013 M\u00c1RIO PIRES E RENAN GODINHO PARTICIPAM DA SABATINA NA TVUNA - Revista Vitrine Online\" \/>\n<meta property=\"og:description\" content=\"A TVUNA convidou os cinco candidatos a prefeito de Ibi\u00fana para participarem de uma sabatina com um roteiro que permitiria\" \/>\n<meta property=\"og:url\" content=\"https:\/\/revistavitrineibiuna.com.br\/?p=31994\" \/>\n<meta property=\"og:site_name\" content=\"Revista Vitrine Online\" \/>\n<meta property=\"article:published_time\" content=\"2024-09-12T15:05:14+00:00\" \/>\n<meta property=\"article:modified_time\" content=\"2024-09-12T15:05:15+00:00\" \/>\n<meta property=\"og:image\" content=\"http:\/\/revistavitrineibiuna.com.br\/wp-content\/uploads\/2024\/09\/SINS-E-NAOS.png\" \/>\n\t<meta property=\"og:image:width\" content=\"800\" \/>\n\t<meta property=\"og:image:height\" content=\"445\" \/>\n<meta name=\"twitter:card\" content=\"summary\" \/>\n<meta name=\"twitter:label1\" content=\"Est. reading time\">\n\t<meta name=\"twitter:data1\" content=\"2 minutos\">\n<script type=\"application\/ld+json\" class=\"yoast-schema-graph\">{\"@context\":\"https:\/\/schema.org\",\"@graph\":[{\"@type\":\"WebSite\",\"@id\":\"https:\/\/revistavitrineibiuna.com.br\/#website\",\"url\":\"https:\/\/revistavitrineibiuna.com.br\/\",\"name\":\"Revista Vitrine Ibi\\u00fana\",\"description\":\"A Revista de Ibi\\u00fana e Regi\\u00e3o\",\"publisher\":{\"@id\":\"https:\/\/revistavitrineibiuna.com.br\/#\/schema\/person\/e51ef49d6d88170ea21ceabff3f73deb\"},\"potentialAction\":[{\"@type\":\"SearchAction\",\"target\":\"https:\/\/revistavitrineibiuna.com.br\/?s={search_term_string}\",\"query-input\":\"required name=search_term_string\"}],\"inLanguage\":\"pt-BR\"},{\"@type\":\"ImageObject\",\"@id\":\"https:\/\/revistavitrineibiuna.com.br\/?p=31994#primaryimage\",\"inLanguage\":\"pt-BR\",\"url\":\"http:\/\/revistavitrineibiuna.com.br\/wp-content\/uploads\/2024\/09\/SINS-E-NAOS.png\",\"width\":800,\"height\":445},{\"@type\":\"WebPage\",\"@id\":\"https:\/\/revistavitrineibiuna.com.br\/?p=31994#webpage\",\"url\":\"https:\/\/revistavitrineibiuna.com.br\/?p=31994\",\"name\":\"IBI\\u00daNA \\u2013 M\\u00c1RIO PIRES E RENAN GODINHO PARTICIPAM DA SABATINA NA TVUNA - Revista Vitrine Online\",\"isPartOf\":{\"@id\":\"https:\/\/revistavitrineibiuna.com.br\/#website\"},\"primaryImageOfPage\":{\"@id\":\"https:\/\/revistavitrineibiuna.com.br\/?p=31994#primaryimage\"},\"datePublished\":\"2024-09-12T15:05:14+00:00\",\"dateModified\":\"2024-09-12T15:05:15+00:00\",\"breadcrumb\":{\"@id\":\"https:\/\/revistavitrineibiuna.com.br\/?p=31994#breadcrumb\"},\"inLanguage\":\"pt-BR\",\"potentialAction\":[{\"@type\":\"ReadAction\",\"target\":[\"https:\/\/revistavitrineibiuna.com.br\/?p=31994\"]}]},{\"@type\":\"BreadcrumbList\",\"@id\":\"https:\/\/revistavitrineibiuna.com.br\/?p=31994#breadcrumb\",\"itemListElement\":[{\"@type\":\"ListItem\",\"position\":1,\"item\":{\"@type\":\"WebPage\",\"@id\":\"https:\/\/revistavitrineibiuna.com.br\/\",\"url\":\"https:\/\/revistavitrineibiuna.com.br\/\",\"name\":\"In\\u00edcio\"}},{\"@type\":\"ListItem\",\"position\":2,\"item\":{\"@type\":\"WebPage\",\"@id\":\"https:\/\/revistavitrineibiuna.com.br\/?p=31994\",\"url\":\"https:\/\/revistavitrineibiuna.com.br\/?p=31994\",\"name\":\"IBI\\u00daNA \\u2013 M\\u00c1RIO PIRES E RENAN GODINHO PARTICIPAM DA SABATINA NA TVUNA\"}}]},{\"@type\":\"Article\",\"@id\":\"https:\/\/revistavitrineibiuna.com.br\/?p=31994#article\",\"isPartOf\":{\"@id\":\"https:\/\/revistavitrineibiuna.com.br\/?p=31994#webpage\"},\"author\":{\"@id\":\"https:\/\/revistavitrineibiuna.com.br\/#\/schema\/person\/e51ef49d6d88170ea21ceabff3f73deb\"},\"headline\":\"IBI\\u00daNA \\u2013 M\\u00c1RIO PIRES E RENAN GODINHO PARTICIPAM DA SABATINA NA TVUNA\",\"datePublished\":\"2024-09-12T15:05:14+00:00\",\"dateModified\":\"2024-09-12T15:05:15+00:00\",\"mainEntityOfPage\":{\"@id\":\"https:\/\/revistavitrineibiuna.com.br\/?p=31994#webpage\"},\"commentCount\":0,\"publisher\":{\"@id\":\"https:\/\/revistavitrineibiuna.com.br\/#\/schema\/person\/e51ef49d6d88170ea21ceabff3f73deb\"},\"image\":{\"@id\":\"https:\/\/revistavitrineibiuna.com.br\/?p=31994#primaryimage\"},\"articleSection\":\"Not\\u00edcias\",\"inLanguage\":\"pt-BR\",\"potentialAction\":[{\"@type\":\"CommentAction\",\"name\":\"Comment\",\"target\":[\"https:\/\/revistavitrineibiuna.com.br\/?p=31994#respond\"]}]},{\"@type\":[\"Person\",\"Organization\"],\"@id\":\"https:\/\/revistavitrineibiuna.com.br\/#\/schema\/person\/e51ef49d6d88170ea21ceabff3f73deb\",\"name\":\"Carlos Rossini\",\"image\":{\"@type\":\"ImageObject\",\"@id\":\"https:\/\/revistavitrineibiuna.com.br\/#personlogo\",\"inLanguage\":\"pt-BR\",\"url\":\"http:\/\/1.gravatar.com\/avatar\/4f2d0f99fac1f85c7d643f21f5c8d900?s=96&d=mm&r=g\",\"caption\":\"Carlos Rossini\"},\"logo\":{\"@id\":\"https:\/\/revistavitrineibiuna.com.br\/#personlogo\"},\"description\":\"Carlos Rossini \\u00e9 jornalista, soci\\u00f3logo, escritor e professor universit\\u00e1rio, tendo sido professor de jornalismo por vinte anos. Trabalhou em ve\\u00edculos de comunica\\u00e7\\u00e3o nas fun\\u00e7\\u00f5es de rep\\u00f3rter, redator, editor, articulista e colaborador, como Folha de S. Paulo, O Estado de S. Paulo, Di\\u00e1rio Popular, entre outros. Ao transferir a revista vitrine, vers\\u00e3o imprensa, de S\\u00e3o Paulo para Ibi\\u00fana h\\u00e1 alguns anos, iniciou uma nova experi\\u00eancia profissional, dedicando-se ao jornalismo regional, depois de cumprir uma trajet\\u00f3ria bem-sucedida na grande imprensa brasileira. Seu primeiro livro A Coragem de Comunicar foi lan\\u00e7ado na Bienal do Livro em S\\u00e3o Paulo no ano 2000, pela editora Madras.\"}]}<\/script>\n<!-- \/ Yoast SEO plugin. -->","_links":{"self":[{"href":"http:\/\/revistavitrineibiuna.com.br\/index.php?rest_route=\/wp\/v2\/posts\/31994"}],"collection":[{"href":"http:\/\/revistavitrineibiuna.com.br\/index.php?rest_route=\/wp\/v2\/posts"}],"about":[{"href":"http:\/\/revistavitrineibiuna.com.br\/index.php?rest_route=\/wp\/v2\/types\/post"}],"author":[{"embeddable":true,"href":"http:\/\/revistavitrineibiuna.com.br\/index.php?rest_route=\/wp\/v2\/users\/1"}],"replies":[{"embeddable":true,"href":"http:\/\/revistavitrineibiuna.com.br\/index.php?rest_route=%2Fwp%2Fv2%2Fcomments&post=31994"}],"version-history":[{"count":1,"href":"http:\/\/revistavitrineibiuna.com.br\/index.php?rest_route=\/wp\/v2\/posts\/31994\/revisions"}],"predecessor-version":[{"id":31996,"href":"http:\/\/revistavitrineibiuna.com.br\/index.php?rest_route=\/wp\/v2\/posts\/31994\/revisions\/31996"}],"wp:featuredmedia":[{"embeddable":true,"href":"http:\/\/revistavitrineibiuna.com.br\/index.php?rest_route=\/wp\/v2\/media\/31995"}],"wp:attachment":[{"href":"http:\/\/revistavitrineibiuna.com.br\/index.php?rest_route=%2Fwp%2Fv2%2Fmedia&parent=31994"}],"wp:term":[{"taxonomy":"category","embeddable":true,"href":"http:\/\/revistavitrineibiuna.com.br\/index.php?rest_route=%2Fwp%2Fv2%2Fcategories&post=31994"},{"taxonomy":"post_tag","embeddable":true,"href":"http:\/\/revistavitrineibiuna.com.br\/index.php?rest_route=%2Fwp%2Fv2%2Ftags&post=31994"}],"curies":[{"name":"wp","href":"https:\/\/api.w.org\/{rel}","templated":true}]}}