{"id":32000,"date":"2024-09-12T19:14:41","date_gmt":"2024-09-12T22:14:41","guid":{"rendered":"http:\/\/revistavitrineibiuna.com.br\/?p=32000"},"modified":"2024-09-12T19:35:20","modified_gmt":"2024-09-12T22:35:20","slug":"william-bonner-indicando-candidatos-em-ibiuna-2","status":"publish","type":"post","link":"http:\/\/revistavitrineibiuna.com.br\/?p=32000","title":{"rendered":"WILLIAM BONNER INDICANDO CANDIDATOS EM IBI\u00daNA?"},"content":{"rendered":"\n<p><strong>Numa demonstra\u00e7\u00e3o de que pol\u00edtica, quando conv\u00e9m, deixa de lado escr\u00fapulos e que n\u00e3o importam os meios utilizados para ser eleito, candidatos em Ibi\u00fana est\u00e3o utilizando \u201cdeepfake\u201d (\u201cprofundamente falso\u201d, em tradu\u00e7\u00e3o livre do ingl\u00eas) com o jornalista William Bonner da Rede Globo, em suas campanhas.<\/strong><\/p>\n\n\n\n<p><strong>O editor do Jornal Nacional, usado por meio da intelig\u00eancia artificial, faz uma declara\u00e7\u00e3o enf\u00e1tica:<\/strong><\/p>\n\n\n\n<p><strong>\u201cEncontramos o melhor candidato a vereador de 2024. A foto dele voc\u00ea est\u00e1 vendo agora na tela. Guarde esse nome e esse n\u00famero para o dia 6 de outubro.\u201d<\/strong><\/p>\n\n\n\n<p><strong>Mas h\u00e1 outros recursos n\u00e3o menos retumbantes como esse que exploram o sensacionalismo e suspense, alguns envolvendo candidato a prefeito. O v\u00eddeo alerta que a pessoa ver\u00e1 \u201cimagens fortes\u201d, a mesma advert\u00eancia utilizada pelos ve\u00edculos de comunica\u00e7\u00e3o, mas, neste caso, a refer\u00eancia diz respeito realmente a cenas chocantes a pessoas sens\u00edveis.<\/strong><\/p>\n\n\n\n<p><strong>Ao fisgar capciosamente a aten\u00e7\u00e3o do telespectador, ent\u00e3o a cena se revela mostrando uma autoridade em plena a\u00e7\u00e3o com destaque para uma frase: \u201cO trabalho n\u00e3o para\u201d.<\/strong><\/p>\n\n\n\n<p><strong>Ambos os casos aqui relatados se incluem como exemplos de mau uso da propaganda eleitoral desconsiderando o direito \u00e0 informa\u00e7\u00e3o transparente e \u00e0 realidade dos fatos.<\/strong><\/p>\n\n\n\n<p><strong>Deepfake, pior defini\u00e7\u00e3o, \u00e9 descrita como uma das formas mais eficazes de enganar, ao colocar, em v\u00eddeo, pessoas a exprimirem palavras que nunca disseram, ou mesmo substituir caras, criando, assim, situa\u00e7\u00f5es falsas.<\/strong><\/p>\n\n\n\n<p><strong>E se esses v\u00eddeos chegarem ao conhecimento de Bonner e ele resolver cobrar na Justi\u00e7a seus direitos de imagem?<\/strong><\/p>\n\n\n\n<p><strong>Na verdade, o jornalista da Globo nem poderia se prestar a esse tipo de divulga\u00e7\u00e3o, j\u00e1 que ele segue a compliance global, um conjunto de regras \u00e9ticas e morais de comportamento dos seus funcion\u00e1rios.<\/strong><\/p>\n","protected":false},"excerpt":{"rendered":"<p>Numa demonstra\u00e7\u00e3o de que pol\u00edtica, quando conv\u00e9m, deixa de lado escr\u00fapulos e que n\u00e3o importam os meios utilizados para ser<\/p>\n","protected":false},"author":1,"featured_media":0,"comment_status":"open","ping_status":"open","sticky":false,"template":"","format":"standard","meta":[],"categories":[1],"tags":[],"yoast_head":"<!-- This site is optimized with the Yoast SEO plugin v15.8 - https:\/\/yoast.com\/wordpress\/plugins\/seo\/ -->\n<title>WILLIAM BONNER INDICANDO CANDIDATOS EM IBI\u00daNA? - Revista Vitrine Online<\/title>\n<meta name=\"robots\" content=\"index, follow, max-snippet:-1, max-image-preview:large, max-video-preview:-1\" \/>\n<link rel=\"canonical\" href=\"http:\/\/revistavitrineibiuna.com.br\/?p=32000\" \/>\n<meta property=\"og:locale\" content=\"pt_BR\" \/>\n<meta property=\"og:type\" content=\"article\" \/>\n<meta property=\"og:title\" content=\"WILLIAM BONNER INDICANDO CANDIDATOS EM IBI\u00daNA? - Revista Vitrine Online\" \/>\n<meta property=\"og:description\" content=\"Numa demonstra\u00e7\u00e3o de que pol\u00edtica, quando conv\u00e9m, deixa de lado escr\u00fapulos e que n\u00e3o importam os meios utilizados para ser\" \/>\n<meta property=\"og:url\" content=\"http:\/\/revistavitrineibiuna.com.br\/?p=32000\" \/>\n<meta property=\"og:site_name\" content=\"Revista Vitrine Online\" \/>\n<meta property=\"article:published_time\" content=\"2024-09-12T22:14:41+00:00\" \/>\n<meta property=\"article:modified_time\" content=\"2024-09-12T22:35:20+00:00\" \/>\n<meta property=\"og:image\" content=\"http:\/\/revistavitrineibiuna.com.br\/wp-content\/uploads\/2016\/08\/cropped-logo.png\" \/>\n\t<meta property=\"og:image:width\" content=\"150\" \/>\n\t<meta property=\"og:image:height\" content=\"72\" \/>\n<meta name=\"twitter:card\" content=\"summary\" \/>\n<meta name=\"twitter:label1\" content=\"Est. reading time\">\n\t<meta name=\"twitter:data1\" content=\"2 minutos\">\n<script type=\"application\/ld+json\" class=\"yoast-schema-graph\">{\"@context\":\"https:\/\/schema.org\",\"@graph\":[{\"@type\":\"WebSite\",\"@id\":\"https:\/\/revistavitrineibiuna.com.br\/#website\",\"url\":\"https:\/\/revistavitrineibiuna.com.br\/\",\"name\":\"Revista Vitrine Ibi\\u00fana\",\"description\":\"A Revista de Ibi\\u00fana e Regi\\u00e3o\",\"publisher\":{\"@id\":\"https:\/\/revistavitrineibiuna.com.br\/#\/schema\/person\/e51ef49d6d88170ea21ceabff3f73deb\"},\"potentialAction\":[{\"@type\":\"SearchAction\",\"target\":\"https:\/\/revistavitrineibiuna.com.br\/?s={search_term_string}\",\"query-input\":\"required name=search_term_string\"}],\"inLanguage\":\"pt-BR\"},{\"@type\":\"WebPage\",\"@id\":\"http:\/\/revistavitrineibiuna.com.br\/?p=32000#webpage\",\"url\":\"http:\/\/revistavitrineibiuna.com.br\/?p=32000\",\"name\":\"WILLIAM BONNER INDICANDO CANDIDATOS EM IBI\\u00daNA? - Revista Vitrine Online\",\"isPartOf\":{\"@id\":\"https:\/\/revistavitrineibiuna.com.br\/#website\"},\"datePublished\":\"2024-09-12T22:14:41+00:00\",\"dateModified\":\"2024-09-12T22:35:20+00:00\",\"breadcrumb\":{\"@id\":\"http:\/\/revistavitrineibiuna.com.br\/?p=32000#breadcrumb\"},\"inLanguage\":\"pt-BR\",\"potentialAction\":[{\"@type\":\"ReadAction\",\"target\":[\"http:\/\/revistavitrineibiuna.com.br\/?p=32000\"]}]},{\"@type\":\"BreadcrumbList\",\"@id\":\"http:\/\/revistavitrineibiuna.com.br\/?p=32000#breadcrumb\",\"itemListElement\":[{\"@type\":\"ListItem\",\"position\":1,\"item\":{\"@type\":\"WebPage\",\"@id\":\"https:\/\/revistavitrineibiuna.com.br\/\",\"url\":\"https:\/\/revistavitrineibiuna.com.br\/\",\"name\":\"In\\u00edcio\"}},{\"@type\":\"ListItem\",\"position\":2,\"item\":{\"@type\":\"WebPage\",\"@id\":\"http:\/\/revistavitrineibiuna.com.br\/?p=32000\",\"url\":\"http:\/\/revistavitrineibiuna.com.br\/?p=32000\",\"name\":\"WILLIAM BONNER INDICANDO CANDIDATOS EM IBI\\u00daNA?\"}}]},{\"@type\":\"Article\",\"@id\":\"http:\/\/revistavitrineibiuna.com.br\/?p=32000#article\",\"isPartOf\":{\"@id\":\"http:\/\/revistavitrineibiuna.com.br\/?p=32000#webpage\"},\"author\":{\"@id\":\"https:\/\/revistavitrineibiuna.com.br\/#\/schema\/person\/e51ef49d6d88170ea21ceabff3f73deb\"},\"headline\":\"WILLIAM BONNER INDICANDO CANDIDATOS EM IBI\\u00daNA?\",\"datePublished\":\"2024-09-12T22:14:41+00:00\",\"dateModified\":\"2024-09-12T22:35:20+00:00\",\"mainEntityOfPage\":{\"@id\":\"http:\/\/revistavitrineibiuna.com.br\/?p=32000#webpage\"},\"commentCount\":0,\"publisher\":{\"@id\":\"https:\/\/revistavitrineibiuna.com.br\/#\/schema\/person\/e51ef49d6d88170ea21ceabff3f73deb\"},\"articleSection\":\"Uncategorized\",\"inLanguage\":\"pt-BR\",\"potentialAction\":[{\"@type\":\"CommentAction\",\"name\":\"Comment\",\"target\":[\"http:\/\/revistavitrineibiuna.com.br\/?p=32000#respond\"]}]},{\"@type\":[\"Person\",\"Organization\"],\"@id\":\"https:\/\/revistavitrineibiuna.com.br\/#\/schema\/person\/e51ef49d6d88170ea21ceabff3f73deb\",\"name\":\"Carlos Rossini\",\"image\":{\"@type\":\"ImageObject\",\"@id\":\"https:\/\/revistavitrineibiuna.com.br\/#personlogo\",\"inLanguage\":\"pt-BR\",\"url\":\"http:\/\/1.gravatar.com\/avatar\/4f2d0f99fac1f85c7d643f21f5c8d900?s=96&d=mm&r=g\",\"caption\":\"Carlos Rossini\"},\"logo\":{\"@id\":\"https:\/\/revistavitrineibiuna.com.br\/#personlogo\"},\"description\":\"Carlos Rossini \\u00e9 jornalista, soci\\u00f3logo, escritor e professor universit\\u00e1rio, tendo sido professor de jornalismo por vinte anos. Trabalhou em ve\\u00edculos de comunica\\u00e7\\u00e3o nas fun\\u00e7\\u00f5es de rep\\u00f3rter, redator, editor, articulista e colaborador, como Folha de S. Paulo, O Estado de S. Paulo, Di\\u00e1rio Popular, entre outros. Ao transferir a revista vitrine, vers\\u00e3o imprensa, de S\\u00e3o Paulo para Ibi\\u00fana h\\u00e1 alguns anos, iniciou uma nova experi\\u00eancia profissional, dedicando-se ao jornalismo regional, depois de cumprir uma trajet\\u00f3ria bem-sucedida na grande imprensa brasileira. Seu primeiro livro A Coragem de Comunicar foi lan\\u00e7ado na Bienal do Livro em S\\u00e3o Paulo no ano 2000, pela editora Madras.\"}]}<\/script>\n<!-- \/ Yoast SEO plugin. -->","_links":{"self":[{"href":"http:\/\/revistavitrineibiuna.com.br\/index.php?rest_route=\/wp\/v2\/posts\/32000"}],"collection":[{"href":"http:\/\/revistavitrineibiuna.com.br\/index.php?rest_route=\/wp\/v2\/posts"}],"about":[{"href":"http:\/\/revistavitrineibiuna.com.br\/index.php?rest_route=\/wp\/v2\/types\/post"}],"author":[{"embeddable":true,"href":"http:\/\/revistavitrineibiuna.com.br\/index.php?rest_route=\/wp\/v2\/users\/1"}],"replies":[{"embeddable":true,"href":"http:\/\/revistavitrineibiuna.com.br\/index.php?rest_route=%2Fwp%2Fv2%2Fcomments&post=32000"}],"version-history":[{"count":2,"href":"http:\/\/revistavitrineibiuna.com.br\/index.php?rest_route=\/wp\/v2\/posts\/32000\/revisions"}],"predecessor-version":[{"id":32002,"href":"http:\/\/revistavitrineibiuna.com.br\/index.php?rest_route=\/wp\/v2\/posts\/32000\/revisions\/32002"}],"wp:attachment":[{"href":"http:\/\/revistavitrineibiuna.com.br\/index.php?rest_route=%2Fwp%2Fv2%2Fmedia&parent=32000"}],"wp:term":[{"taxonomy":"category","embeddable":true,"href":"http:\/\/revistavitrineibiuna.com.br\/index.php?rest_route=%2Fwp%2Fv2%2Fcategories&post=32000"},{"taxonomy":"post_tag","embeddable":true,"href":"http:\/\/revistavitrineibiuna.com.br\/index.php?rest_route=%2Fwp%2Fv2%2Ftags&post=32000"}],"curies":[{"name":"wp","href":"https:\/\/api.w.org\/{rel}","templated":true}]}}