{"id":32003,"date":"2024-09-16T10:24:13","date_gmt":"2024-09-16T13:24:13","guid":{"rendered":"http:\/\/revistavitrineibiuna.com.br\/?p=32003"},"modified":"2024-09-16T11:39:35","modified_gmt":"2024-09-16T14:39:35","slug":"tvuna-sabatina-renan-godinho-candidato-a-prefeito-de-ibiuna-nesta-quarta-feira","status":"publish","type":"post","link":"http:\/\/revistavitrineibiuna.com.br\/?p=32003","title":{"rendered":"TVUNA SABATINA RENAN GODINHO CANDIDATO A PREFEITO DE IBI\u00daNA NESTA QUARTA-FEIRA"},"content":{"rendered":"\n<p><strong>TVUNA sabatina nesta quarta-feira, dia 18, a partir das 20h, o advogado Renan Godinho (Podemos) candidato a prefeito de Ibi\u00fana.<\/strong><\/p>\n\n\n\n<p><strong>O programa ser\u00e1 transmitido ao vivo pelo Youtube, Facebook e Instagram.<\/strong><\/p>\n\n\n\n<p><strong>Os telespectadores poder\u00e3o interagir diretamente com o candidato atrav\u00e9s do chat do canal da TVUNA. Inscreva-se e participe: <a href=\"mailto:youtube.com\/@tv-una\">youtube.com\/@tv-una<\/a>.<\/strong><\/p>\n\n\n\n<p><strong>O objetivo do programa \u00e9 contribuir para que os eleitores conhe\u00e7am a biografia do candidato, bem como sua vis\u00e3o da cidade e como pretende governar o munic\u00edpio.<\/strong><\/p>\n\n\n\n<p><strong>Esse conhecimento \u00e9 essencial para os eleitores decidirem em quem votar com base.<\/strong><\/p>\n\n\n\n<p><strong>N\u00c3O ACEITARAM O CONVITE<\/strong><\/p>\n\n\n\n<p><strong>Como j\u00e1 informamos todos os 5 candidatos foram convidados para a sabatina da TVUNA. N\u00e3o aceitaram o convite:<\/strong><strong> o ten. Adilson Ribeiro (UB), Alle Zanata (PT) e o atual prefeito Paulo Sasaki (PL), candidato \u00e0 reelei\u00e7\u00e3o, n\u00e3o aceitaram o convite.<\/strong><\/p>\n\n\n\n<p><strong>BREVE BIOGRAFIA DO CANDIDATO*<\/strong><\/p>\n\n\n\n<p><strong>\u201cRenan Godinho \u00e9 advogado, corretor de im\u00f3veis e o \u00fanico pr\u00e9-candidato com p\u00f3s-gradua\u00e7\u00e3o em Direito P\u00fablico, destacando-se por sua forma\u00e7\u00e3o s\u00f3lida e comprometimento com a justi\u00e7a.<\/strong><\/p>\n\n\n\n<p><strong>Filho dos comerciantes e professores Dirceu e Regina, sua fam\u00edlia tem ra\u00edzes em Ibi\u00fana, contribuindo significativamente para o desenvolvimento local. Sem v\u00ednculos pol\u00edticos, Renan \u00e9 conhecido por sua atua\u00e7\u00e3o independente e combativa.<\/strong><\/p>\n\n\n\n<p><strong>Liderou importantes movimentos, como a a\u00e7\u00e3o contra a Sabesp e o aumento abusivo do IPTU, sempre em defesa da popula\u00e7\u00e3o.<\/strong><\/p>\n\n\n\n<p><strong>Sua trajet\u00f3ria pol\u00edtica come\u00e7ou em 2018, quando disputou as elei\u00e7\u00f5es para deputado estadual, sendo o mais votado de Ibi\u00fana. Em 2020, foi candidato a prefeito, ficando em segundo lugar, e em 2022, novamente obteve destaque como o segundo candidato a deputado federal mais votado na cidade.\u201d<\/strong><\/p>\n\n\n\n<p><strong><em>*Esse breve texto biogr\u00e1fico foi encaminhado pelo pr\u00f3prio candidato<\/em><\/strong><\/p>\n\n\n\n<p><strong>PR\u00d3XIMO SABATINADO<\/strong><\/p>\n\n\n\n<p><strong>O advogado M\u00e1rio Pires (Republicanos) tamb\u00e9m aceitou o convite da TVUNA e ser\u00e1 o pr\u00f3ximo sabatinado.<\/strong><\/p>\n","protected":false},"excerpt":{"rendered":"<p>TVUNA sabatina nesta quarta-feira, dia 18, a partir das 20h, o advogado Renan Godinho (Podemos) candidato a prefeito de Ibi\u00fana.<\/p>\n","protected":false},"author":1,"featured_media":32009,"comment_status":"open","ping_status":"open","sticky":false,"template":"","format":"standard","meta":[],"categories":[3],"tags":[],"yoast_head":"<!-- This site is optimized with the Yoast SEO plugin v15.8 - https:\/\/yoast.com\/wordpress\/plugins\/seo\/ -->\n<title>TVUNA SABATINA RENAN GODINHO CANDIDATO A PREFEITO DE IBI\u00daNA NESTA QUARTA-FEIRA - Revista Vitrine Online<\/title>\n<meta name=\"robots\" content=\"index, follow, max-snippet:-1, max-image-preview:large, max-video-preview:-1\" \/>\n<link rel=\"canonical\" href=\"http:\/\/revistavitrineibiuna.com.br\/?p=32003\" \/>\n<meta property=\"og:locale\" content=\"pt_BR\" \/>\n<meta property=\"og:type\" content=\"article\" \/>\n<meta property=\"og:title\" content=\"TVUNA SABATINA RENAN GODINHO CANDIDATO A PREFEITO DE IBI\u00daNA NESTA QUARTA-FEIRA - Revista Vitrine Online\" \/>\n<meta property=\"og:description\" content=\"TVUNA sabatina nesta quarta-feira, dia 18, a partir das 20h, o advogado Renan Godinho (Podemos) candidato a prefeito de Ibi\u00fana.\" \/>\n<meta property=\"og:url\" content=\"http:\/\/revistavitrineibiuna.com.br\/?p=32003\" \/>\n<meta property=\"og:site_name\" content=\"Revista Vitrine Online\" \/>\n<meta property=\"article:published_time\" content=\"2024-09-16T13:24:13+00:00\" \/>\n<meta property=\"article:modified_time\" content=\"2024-09-16T14:39:35+00:00\" \/>\n<meta property=\"og:image\" content=\"http:\/\/revistavitrineibiuna.com.br\/wp-content\/uploads\/2024\/09\/RENAN-FOTO-NOVA.png\" \/>\n\t<meta property=\"og:image:width\" content=\"545\" \/>\n\t<meta property=\"og:image:height\" content=\"331\" \/>\n<meta name=\"twitter:card\" content=\"summary\" \/>\n<meta name=\"twitter:label1\" content=\"Est. reading time\">\n\t<meta name=\"twitter:data1\" content=\"2 minutos\">\n<script type=\"application\/ld+json\" class=\"yoast-schema-graph\">{\"@context\":\"https:\/\/schema.org\",\"@graph\":[{\"@type\":\"WebSite\",\"@id\":\"https:\/\/revistavitrineibiuna.com.br\/#website\",\"url\":\"https:\/\/revistavitrineibiuna.com.br\/\",\"name\":\"Revista Vitrine Ibi\\u00fana\",\"description\":\"A Revista de Ibi\\u00fana e Regi\\u00e3o\",\"publisher\":{\"@id\":\"https:\/\/revistavitrineibiuna.com.br\/#\/schema\/person\/e51ef49d6d88170ea21ceabff3f73deb\"},\"potentialAction\":[{\"@type\":\"SearchAction\",\"target\":\"https:\/\/revistavitrineibiuna.com.br\/?s={search_term_string}\",\"query-input\":\"required name=search_term_string\"}],\"inLanguage\":\"pt-BR\"},{\"@type\":\"ImageObject\",\"@id\":\"http:\/\/revistavitrineibiuna.com.br\/?p=32003#primaryimage\",\"inLanguage\":\"pt-BR\",\"url\":\"http:\/\/revistavitrineibiuna.com.br\/wp-content\/uploads\/2024\/09\/RENAN-FOTO-NOVA.png\",\"width\":545,\"height\":331},{\"@type\":\"WebPage\",\"@id\":\"http:\/\/revistavitrineibiuna.com.br\/?p=32003#webpage\",\"url\":\"http:\/\/revistavitrineibiuna.com.br\/?p=32003\",\"name\":\"TVUNA SABATINA RENAN GODINHO CANDIDATO A PREFEITO DE IBI\\u00daNA NESTA QUARTA-FEIRA - Revista Vitrine Online\",\"isPartOf\":{\"@id\":\"https:\/\/revistavitrineibiuna.com.br\/#website\"},\"primaryImageOfPage\":{\"@id\":\"http:\/\/revistavitrineibiuna.com.br\/?p=32003#primaryimage\"},\"datePublished\":\"2024-09-16T13:24:13+00:00\",\"dateModified\":\"2024-09-16T14:39:35+00:00\",\"breadcrumb\":{\"@id\":\"http:\/\/revistavitrineibiuna.com.br\/?p=32003#breadcrumb\"},\"inLanguage\":\"pt-BR\",\"potentialAction\":[{\"@type\":\"ReadAction\",\"target\":[\"http:\/\/revistavitrineibiuna.com.br\/?p=32003\"]}]},{\"@type\":\"BreadcrumbList\",\"@id\":\"http:\/\/revistavitrineibiuna.com.br\/?p=32003#breadcrumb\",\"itemListElement\":[{\"@type\":\"ListItem\",\"position\":1,\"item\":{\"@type\":\"WebPage\",\"@id\":\"https:\/\/revistavitrineibiuna.com.br\/\",\"url\":\"https:\/\/revistavitrineibiuna.com.br\/\",\"name\":\"In\\u00edcio\"}},{\"@type\":\"ListItem\",\"position\":2,\"item\":{\"@type\":\"WebPage\",\"@id\":\"http:\/\/revistavitrineibiuna.com.br\/?p=32003\",\"url\":\"http:\/\/revistavitrineibiuna.com.br\/?p=32003\",\"name\":\"TVUNA SABATINA RENAN GODINHO CANDIDATO A PREFEITO DE IBI\\u00daNA NESTA QUARTA-FEIRA\"}}]},{\"@type\":\"Article\",\"@id\":\"http:\/\/revistavitrineibiuna.com.br\/?p=32003#article\",\"isPartOf\":{\"@id\":\"http:\/\/revistavitrineibiuna.com.br\/?p=32003#webpage\"},\"author\":{\"@id\":\"https:\/\/revistavitrineibiuna.com.br\/#\/schema\/person\/e51ef49d6d88170ea21ceabff3f73deb\"},\"headline\":\"TVUNA SABATINA RENAN GODINHO CANDIDATO A PREFEITO DE IBI\\u00daNA NESTA QUARTA-FEIRA\",\"datePublished\":\"2024-09-16T13:24:13+00:00\",\"dateModified\":\"2024-09-16T14:39:35+00:00\",\"mainEntityOfPage\":{\"@id\":\"http:\/\/revistavitrineibiuna.com.br\/?p=32003#webpage\"},\"commentCount\":0,\"publisher\":{\"@id\":\"https:\/\/revistavitrineibiuna.com.br\/#\/schema\/person\/e51ef49d6d88170ea21ceabff3f73deb\"},\"image\":{\"@id\":\"http:\/\/revistavitrineibiuna.com.br\/?p=32003#primaryimage\"},\"articleSection\":\"Not\\u00edcias\",\"inLanguage\":\"pt-BR\",\"potentialAction\":[{\"@type\":\"CommentAction\",\"name\":\"Comment\",\"target\":[\"http:\/\/revistavitrineibiuna.com.br\/?p=32003#respond\"]}]},{\"@type\":[\"Person\",\"Organization\"],\"@id\":\"https:\/\/revistavitrineibiuna.com.br\/#\/schema\/person\/e51ef49d6d88170ea21ceabff3f73deb\",\"name\":\"Carlos Rossini\",\"image\":{\"@type\":\"ImageObject\",\"@id\":\"https:\/\/revistavitrineibiuna.com.br\/#personlogo\",\"inLanguage\":\"pt-BR\",\"url\":\"http:\/\/1.gravatar.com\/avatar\/4f2d0f99fac1f85c7d643f21f5c8d900?s=96&d=mm&r=g\",\"caption\":\"Carlos Rossini\"},\"logo\":{\"@id\":\"https:\/\/revistavitrineibiuna.com.br\/#personlogo\"},\"description\":\"Carlos Rossini \\u00e9 jornalista, soci\\u00f3logo, escritor e professor universit\\u00e1rio, tendo sido professor de jornalismo por vinte anos. Trabalhou em ve\\u00edculos de comunica\\u00e7\\u00e3o nas fun\\u00e7\\u00f5es de rep\\u00f3rter, redator, editor, articulista e colaborador, como Folha de S. Paulo, O Estado de S. Paulo, Di\\u00e1rio Popular, entre outros. Ao transferir a revista vitrine, vers\\u00e3o imprensa, de S\\u00e3o Paulo para Ibi\\u00fana h\\u00e1 alguns anos, iniciou uma nova experi\\u00eancia profissional, dedicando-se ao jornalismo regional, depois de cumprir uma trajet\\u00f3ria bem-sucedida na grande imprensa brasileira. Seu primeiro livro A Coragem de Comunicar foi lan\\u00e7ado na Bienal do Livro em S\\u00e3o Paulo no ano 2000, pela editora Madras.\"}]}<\/script>\n<!-- \/ Yoast SEO plugin. -->","_links":{"self":[{"href":"http:\/\/revistavitrineibiuna.com.br\/index.php?rest_route=\/wp\/v2\/posts\/32003"}],"collection":[{"href":"http:\/\/revistavitrineibiuna.com.br\/index.php?rest_route=\/wp\/v2\/posts"}],"about":[{"href":"http:\/\/revistavitrineibiuna.com.br\/index.php?rest_route=\/wp\/v2\/types\/post"}],"author":[{"embeddable":true,"href":"http:\/\/revistavitrineibiuna.com.br\/index.php?rest_route=\/wp\/v2\/users\/1"}],"replies":[{"embeddable":true,"href":"http:\/\/revistavitrineibiuna.com.br\/index.php?rest_route=%2Fwp%2Fv2%2Fcomments&post=32003"}],"version-history":[{"count":1,"href":"http:\/\/revistavitrineibiuna.com.br\/index.php?rest_route=\/wp\/v2\/posts\/32003\/revisions"}],"predecessor-version":[{"id":32005,"href":"http:\/\/revistavitrineibiuna.com.br\/index.php?rest_route=\/wp\/v2\/posts\/32003\/revisions\/32005"}],"wp:featuredmedia":[{"embeddable":true,"href":"http:\/\/revistavitrineibiuna.com.br\/index.php?rest_route=\/wp\/v2\/media\/32009"}],"wp:attachment":[{"href":"http:\/\/revistavitrineibiuna.com.br\/index.php?rest_route=%2Fwp%2Fv2%2Fmedia&parent=32003"}],"wp:term":[{"taxonomy":"category","embeddable":true,"href":"http:\/\/revistavitrineibiuna.com.br\/index.php?rest_route=%2Fwp%2Fv2%2Fcategories&post=32003"},{"taxonomy":"post_tag","embeddable":true,"href":"http:\/\/revistavitrineibiuna.com.br\/index.php?rest_route=%2Fwp%2Fv2%2Ftags&post=32003"}],"curies":[{"name":"wp","href":"https:\/\/api.w.org\/{rel}","templated":true}]}}