{"id":32011,"date":"2024-09-21T12:18:07","date_gmt":"2024-09-21T15:18:07","guid":{"rendered":"http:\/\/revistavitrineibiuna.com.br\/?p=32011"},"modified":"2024-09-21T12:18:08","modified_gmt":"2024-09-21T15:18:08","slug":"bem-vinda-a-primavera-tempo-de-renovacao","status":"publish","type":"post","link":"http:\/\/revistavitrineibiuna.com.br\/?p=32011","title":{"rendered":"BEM-VINDA A PRIMAVERA, TEMPO DE RENOVA\u00c7\u00c3O!"},"content":{"rendered":"\n<p class=\"has-drop-cap\"><strong>A Primavera<\/strong><strong>&nbsp;come\u00e7a neste domingo (22) trazendo a promessa da beleza das flores.<\/strong><\/p>\n\n\n\n<p><strong>Seu nome significa \u2018a que vem antes do Ver\u00e3o\u2019 \u2013&nbsp;<em>Primo Vere<\/em>, em Latim.<\/strong><\/p>\n\n\n\n<p><strong>Um dos seus muitos significados \u00e9 \u201ctempo de renova\u00e7\u00e3o\u201d.<\/strong><\/p>\n\n\n\n<p><strong>Seu significado espiritual \u00e9 descrito como \u201cenergias ben\u00e9ficas e simpatias. \u00c9 a \u00e9poca das flores que ficam reclusas durante o per\u00edodo do Inverno\u201d.<\/strong><\/p>\n\n\n\n<p><strong>\u00c9 o tempo do nascer e do brotar da vegeta\u00e7\u00e3o. Da\u00ed ser uma esta\u00e7\u00e3o chuvosa.<\/strong><\/p>\n\n\n\n<p><strong>Tem mais: representa o ciclo da prosperidade, da busca do significado da vida e, portanto, do amor que \u00e9 a forma universal da conjun\u00e7\u00e3o que reproduz a vida em seu perp\u00e9tuo movimento.<\/strong><\/p>\n\n\n\n<p><strong>Psicologicamente expressa, como as flores, a abertura dos indiv\u00edduos para o mundo ensolarado, em oposi\u00e7\u00e3o \u00e0 escurid\u00e3o em que a gesta\u00e7\u00e3o silenciosa acontece na prepara\u00e7\u00e3o para o nascimento ou renascimento.<\/strong><\/p>\n\n\n\n<p><strong>ORA\u00c7\u00c3O DA PRIMAVERA<\/strong><\/p>\n\n\n\n<p><strong>Existem diversas ora\u00e7\u00f5es da Primavera,&nbsp;vitrine online&nbsp;compartilha esta com voc\u00ea:<\/strong><\/p>\n\n\n\n<p><strong>\u201cLouvado sejas, meu Senhor,<br>pela festa da primavera.<br>Primavera \u00e9 vida nova e saudades<br>renovadas do para\u00edso perdido.<br>Depois de um inverno frio e chuvoso,<br>em que vivemos recolhidos e fechados,<br>finalmente a for\u00e7a da natureza<br>come\u00e7a a reverdecer as \u00e1rvores,<br>a encher o ar com o canto dos passarinhos e os jardins,<br>com o perfume das flores.<br>E n\u00f3s, cheios de alegria,<br>sentindo a pulsa\u00e7\u00e3o da vida,<br>te agradecemos o in\u00edcio da primavera,<br>esta esta\u00e7\u00e3o que nos lembra a exuber\u00e2ncia das tuas gra\u00e7as<br>e a beleza do teu amor.\u201d<\/strong><\/p>\n","protected":false},"excerpt":{"rendered":"<p>A Primavera&nbsp;come\u00e7a neste domingo (22) trazendo a promessa da beleza das flores. Seu nome significa \u2018a que vem antes do<\/p>\n","protected":false},"author":1,"featured_media":32012,"comment_status":"open","ping_status":"open","sticky":false,"template":"","format":"standard","meta":[],"categories":[3],"tags":[],"yoast_head":"<!-- This site is optimized with the Yoast SEO plugin v15.8 - https:\/\/yoast.com\/wordpress\/plugins\/seo\/ -->\n<title>BEM-VINDA A PRIMAVERA, TEMPO DE RENOVA\u00c7\u00c3O! - Revista Vitrine Online<\/title>\n<meta name=\"robots\" content=\"index, follow, max-snippet:-1, max-image-preview:large, max-video-preview:-1\" \/>\n<link rel=\"canonical\" href=\"http:\/\/revistavitrineibiuna.com.br\/?p=32011\" \/>\n<meta property=\"og:locale\" content=\"pt_BR\" \/>\n<meta property=\"og:type\" content=\"article\" \/>\n<meta property=\"og:title\" content=\"BEM-VINDA A PRIMAVERA, TEMPO DE RENOVA\u00c7\u00c3O! - Revista Vitrine Online\" \/>\n<meta property=\"og:description\" content=\"A Primavera&nbsp;come\u00e7a neste domingo (22) trazendo a promessa da beleza das flores. Seu nome significa \u2018a que vem antes do\" \/>\n<meta property=\"og:url\" content=\"http:\/\/revistavitrineibiuna.com.br\/?p=32011\" \/>\n<meta property=\"og:site_name\" content=\"Revista Vitrine Online\" \/>\n<meta property=\"article:published_time\" content=\"2024-09-21T15:18:07+00:00\" \/>\n<meta property=\"article:modified_time\" content=\"2024-09-21T15:18:08+00:00\" \/>\n<meta property=\"og:image\" content=\"http:\/\/revistavitrineibiuna.com.br\/wp-content\/uploads\/2024\/09\/aI-VEM-A-PRIMAVERA.png\" \/>\n\t<meta property=\"og:image:width\" content=\"640\" \/>\n\t<meta property=\"og:image:height\" content=\"393\" \/>\n<meta name=\"twitter:card\" content=\"summary\" \/>\n<meta name=\"twitter:label1\" content=\"Est. reading time\">\n\t<meta name=\"twitter:data1\" content=\"2 minutos\">\n<script type=\"application\/ld+json\" class=\"yoast-schema-graph\">{\"@context\":\"https:\/\/schema.org\",\"@graph\":[{\"@type\":\"WebSite\",\"@id\":\"https:\/\/revistavitrineibiuna.com.br\/#website\",\"url\":\"https:\/\/revistavitrineibiuna.com.br\/\",\"name\":\"Revista Vitrine Ibi\\u00fana\",\"description\":\"A Revista de Ibi\\u00fana e Regi\\u00e3o\",\"publisher\":{\"@id\":\"https:\/\/revistavitrineibiuna.com.br\/#\/schema\/person\/e51ef49d6d88170ea21ceabff3f73deb\"},\"potentialAction\":[{\"@type\":\"SearchAction\",\"target\":\"https:\/\/revistavitrineibiuna.com.br\/?s={search_term_string}\",\"query-input\":\"required name=search_term_string\"}],\"inLanguage\":\"pt-BR\"},{\"@type\":\"ImageObject\",\"@id\":\"http:\/\/revistavitrineibiuna.com.br\/?p=32011#primaryimage\",\"inLanguage\":\"pt-BR\",\"url\":\"http:\/\/revistavitrineibiuna.com.br\/wp-content\/uploads\/2024\/09\/aI-VEM-A-PRIMAVERA.png\",\"width\":640,\"height\":393},{\"@type\":\"WebPage\",\"@id\":\"http:\/\/revistavitrineibiuna.com.br\/?p=32011#webpage\",\"url\":\"http:\/\/revistavitrineibiuna.com.br\/?p=32011\",\"name\":\"BEM-VINDA A PRIMAVERA, TEMPO DE RENOVA\\u00c7\\u00c3O! - Revista Vitrine Online\",\"isPartOf\":{\"@id\":\"https:\/\/revistavitrineibiuna.com.br\/#website\"},\"primaryImageOfPage\":{\"@id\":\"http:\/\/revistavitrineibiuna.com.br\/?p=32011#primaryimage\"},\"datePublished\":\"2024-09-21T15:18:07+00:00\",\"dateModified\":\"2024-09-21T15:18:08+00:00\",\"breadcrumb\":{\"@id\":\"http:\/\/revistavitrineibiuna.com.br\/?p=32011#breadcrumb\"},\"inLanguage\":\"pt-BR\",\"potentialAction\":[{\"@type\":\"ReadAction\",\"target\":[\"http:\/\/revistavitrineibiuna.com.br\/?p=32011\"]}]},{\"@type\":\"BreadcrumbList\",\"@id\":\"http:\/\/revistavitrineibiuna.com.br\/?p=32011#breadcrumb\",\"itemListElement\":[{\"@type\":\"ListItem\",\"position\":1,\"item\":{\"@type\":\"WebPage\",\"@id\":\"https:\/\/revistavitrineibiuna.com.br\/\",\"url\":\"https:\/\/revistavitrineibiuna.com.br\/\",\"name\":\"In\\u00edcio\"}},{\"@type\":\"ListItem\",\"position\":2,\"item\":{\"@type\":\"WebPage\",\"@id\":\"http:\/\/revistavitrineibiuna.com.br\/?p=32011\",\"url\":\"http:\/\/revistavitrineibiuna.com.br\/?p=32011\",\"name\":\"BEM-VINDA A PRIMAVERA, TEMPO DE RENOVA\\u00c7\\u00c3O!\"}}]},{\"@type\":\"Article\",\"@id\":\"http:\/\/revistavitrineibiuna.com.br\/?p=32011#article\",\"isPartOf\":{\"@id\":\"http:\/\/revistavitrineibiuna.com.br\/?p=32011#webpage\"},\"author\":{\"@id\":\"https:\/\/revistavitrineibiuna.com.br\/#\/schema\/person\/e51ef49d6d88170ea21ceabff3f73deb\"},\"headline\":\"BEM-VINDA A PRIMAVERA, TEMPO DE RENOVA\\u00c7\\u00c3O!\",\"datePublished\":\"2024-09-21T15:18:07+00:00\",\"dateModified\":\"2024-09-21T15:18:08+00:00\",\"mainEntityOfPage\":{\"@id\":\"http:\/\/revistavitrineibiuna.com.br\/?p=32011#webpage\"},\"commentCount\":0,\"publisher\":{\"@id\":\"https:\/\/revistavitrineibiuna.com.br\/#\/schema\/person\/e51ef49d6d88170ea21ceabff3f73deb\"},\"image\":{\"@id\":\"http:\/\/revistavitrineibiuna.com.br\/?p=32011#primaryimage\"},\"articleSection\":\"Not\\u00edcias\",\"inLanguage\":\"pt-BR\",\"potentialAction\":[{\"@type\":\"CommentAction\",\"name\":\"Comment\",\"target\":[\"http:\/\/revistavitrineibiuna.com.br\/?p=32011#respond\"]}]},{\"@type\":[\"Person\",\"Organization\"],\"@id\":\"https:\/\/revistavitrineibiuna.com.br\/#\/schema\/person\/e51ef49d6d88170ea21ceabff3f73deb\",\"name\":\"Carlos Rossini\",\"image\":{\"@type\":\"ImageObject\",\"@id\":\"https:\/\/revistavitrineibiuna.com.br\/#personlogo\",\"inLanguage\":\"pt-BR\",\"url\":\"http:\/\/1.gravatar.com\/avatar\/4f2d0f99fac1f85c7d643f21f5c8d900?s=96&d=mm&r=g\",\"caption\":\"Carlos Rossini\"},\"logo\":{\"@id\":\"https:\/\/revistavitrineibiuna.com.br\/#personlogo\"},\"description\":\"Carlos Rossini \\u00e9 jornalista, soci\\u00f3logo, escritor e professor universit\\u00e1rio, tendo sido professor de jornalismo por vinte anos. Trabalhou em ve\\u00edculos de comunica\\u00e7\\u00e3o nas fun\\u00e7\\u00f5es de rep\\u00f3rter, redator, editor, articulista e colaborador, como Folha de S. Paulo, O Estado de S. Paulo, Di\\u00e1rio Popular, entre outros. Ao transferir a revista vitrine, vers\\u00e3o imprensa, de S\\u00e3o Paulo para Ibi\\u00fana h\\u00e1 alguns anos, iniciou uma nova experi\\u00eancia profissional, dedicando-se ao jornalismo regional, depois de cumprir uma trajet\\u00f3ria bem-sucedida na grande imprensa brasileira. Seu primeiro livro A Coragem de Comunicar foi lan\\u00e7ado na Bienal do Livro em S\\u00e3o Paulo no ano 2000, pela editora Madras.\"}]}<\/script>\n<!-- \/ Yoast SEO plugin. -->","_links":{"self":[{"href":"http:\/\/revistavitrineibiuna.com.br\/index.php?rest_route=\/wp\/v2\/posts\/32011"}],"collection":[{"href":"http:\/\/revistavitrineibiuna.com.br\/index.php?rest_route=\/wp\/v2\/posts"}],"about":[{"href":"http:\/\/revistavitrineibiuna.com.br\/index.php?rest_route=\/wp\/v2\/types\/post"}],"author":[{"embeddable":true,"href":"http:\/\/revistavitrineibiuna.com.br\/index.php?rest_route=\/wp\/v2\/users\/1"}],"replies":[{"embeddable":true,"href":"http:\/\/revistavitrineibiuna.com.br\/index.php?rest_route=%2Fwp%2Fv2%2Fcomments&post=32011"}],"version-history":[{"count":1,"href":"http:\/\/revistavitrineibiuna.com.br\/index.php?rest_route=\/wp\/v2\/posts\/32011\/revisions"}],"predecessor-version":[{"id":32013,"href":"http:\/\/revistavitrineibiuna.com.br\/index.php?rest_route=\/wp\/v2\/posts\/32011\/revisions\/32013"}],"wp:featuredmedia":[{"embeddable":true,"href":"http:\/\/revistavitrineibiuna.com.br\/index.php?rest_route=\/wp\/v2\/media\/32012"}],"wp:attachment":[{"href":"http:\/\/revistavitrineibiuna.com.br\/index.php?rest_route=%2Fwp%2Fv2%2Fmedia&parent=32011"}],"wp:term":[{"taxonomy":"category","embeddable":true,"href":"http:\/\/revistavitrineibiuna.com.br\/index.php?rest_route=%2Fwp%2Fv2%2Fcategories&post=32011"},{"taxonomy":"post_tag","embeddable":true,"href":"http:\/\/revistavitrineibiuna.com.br\/index.php?rest_route=%2Fwp%2Fv2%2Ftags&post=32011"}],"curies":[{"name":"wp","href":"https:\/\/api.w.org\/{rel}","templated":true}]}}