{"id":32014,"date":"2024-09-21T18:37:23","date_gmt":"2024-09-21T21:37:23","guid":{"rendered":"http:\/\/revistavitrineibiuna.com.br\/?p=32014"},"modified":"2024-09-23T06:29:45","modified_gmt":"2024-09-23T09:29:45","slug":"tvuna-sabatina-mario-pires-candidato-a-prefeito-de-ibiuna-nesta-quarta-feira","status":"publish","type":"post","link":"http:\/\/revistavitrineibiuna.com.br\/?p=32014","title":{"rendered":"TVUNA SABATINA M\u00c1RIO PIRES, CANDIDATO A PREFEITO DE IBI\u00daNA, NESTA QUARTA-FEIRA"},"content":{"rendered":"\n<p class=\"has-drop-cap\"><strong>A TVUNA sabatina nesta quarta-feira, dia 25, a partir das 20h, o advogado M\u00e1rio Pires (Republicanos), candidato a prefeito de Ibi\u00fana<\/strong>, <strong>na elei\u00e7\u00e3o do dia 6 de outubro.<\/strong><\/p>\n\n\n\n<p><strong>O programa ser\u00e1 transmitido ao vivo pelo Youtube, Facebook e Instagram.<\/strong><\/p>\n\n\n\n<p><strong>Os telespectadores poder\u00e3o interagir diretamente com o candidato atrav\u00e9s do chat do canal da TVUNA. Inscreva-se e participe:&nbsp;<\/strong><a href=\"mailto:youtube.com\/@tv-una\"><strong>youtube.com\/@tv-una<\/strong><\/a><strong>.<\/strong><\/p>\n\n\n\n<p><strong>O objetivo do programa \u00e9 contribuir para que os eleitores conhe\u00e7am a biografia do candidato, bem como sua vis\u00e3o da cidade e como pretende governar o munic\u00edpio.<\/strong><\/p>\n\n\n\n<p><strong>Esse conhecimento \u00e9 essencial para os eleitores decidirem em quem votar com base.<\/strong><\/p>\n\n\n\n<p><strong>BREVE BIOGRAFIA DO CANDIDATO*<\/strong><strong><\/strong><\/p>\n\n\n\n<p><strong>\u201cM\u00e1rio Pires de Oliveira Filho &#8211; natural da cidade de Ibi\u00fana (SP), nasceu no dia 08 de junho de 1977. \u00c9 filho do saudoso taxista M\u00e1rio Pires de Oliveira e da dona de casa Maria No\u00eamia Camargo de Oliveira; \u00e9 irm\u00e3o de Aur\u00e9lio e Alice; casado com a advogada Roberta Castanho e \u00e9 pai do garoto Pedro.<\/strong><\/p>\n\n\n\n<p><strong>M\u00e1rio Pires \u00e9 muito conhecido em sua cidade natal por ser bisneto de Bino Gon\u00e7alves \u2013 renomado benzedor \u2013 e filho do saudoso \u201cM\u00e1rio Taxista\u201d, o qual faleceu antes de seu nascimento, v\u00edtima de um latroc\u00ednio. \u00c9 morador da zona rural de Ibi\u00fana, no Bairro do Rio de Una de Baixo desde que nasceu.<\/strong><\/p>\n\n\n\n<p><strong>Vindo de fam\u00edlia tradicional da ro\u00e7a, M\u00e1rio Pires trabalhou como b\u00f3ia fria; foi ajudante de olaria, tratador de cavalos e permaneceu como trabalhador rural at\u00e9 o in\u00edcio da faculdade.<\/strong><\/p>\n\n\n\n<p><strong>Cursou at\u00e9 a 4\u00aa s\u00e9rie do Ensino Fundamental na Escola Estadual Benedito Luiz Braga, localizada no pr\u00f3prio Bairro Rio de Una de Baixo, concluindo os estudos na Escola Estadual Ol\u00edmpia Falci, de 5\u00aa a 8\u00aa s\u00e9rie. Fez o Ensino M\u00e9dio na Escola Estadual Roque Bastos \u2013 Colegial T\u00e9cnico Cont\u00e1bil e, de 1996 a 2000 cursou Direito pela Faculdade de Direito de Itu (SP).<\/strong><\/p>\n\n\n\n<p><strong>Foi estagi\u00e1rio na \u00e1rea de Direito at\u00e9 ser aprovado no exame da OAB, passando a advogar a partir do ano de 2000. Ocupou o cargo de Secret\u00e1rio Geral da 144\u00aa Subse\u00e7\u00e3o da OAB\/SP, para o tri\u00eanio 2007\/2009.<\/strong><\/p>\n\n\n\n<p><strong>Depois de formado, M\u00e1rio Pires dedicou-se aos cursos de p\u00f3s-gradua\u00e7\u00e3o em Direito Civil, na FMU-SP \u2013 Faculdades Metropolitanas Unidas e, Direito Processual Civil, na PUC-SP \u2013 Pontif\u00edcia Universidade Cat\u00f3lica de S\u00e3o Paulo.<\/strong><\/p>\n\n\n\n<p><strong>Tornou-se especialista em Direito Cooperativo, sendo coautor do Livro <em>Direito Cooperativo \u2013 Temas Contempor\u00e2neos<\/em> lan\u00e7ado em dezembro de 2018, atrav\u00e9s da OAB em parceria com o Sistema OCESP- Organiza\u00e7\u00e3o das Cooperativas de S\u00e3o Paulo.<\/strong><\/p>\n\n\n\n<p><strong>Atualmente, M\u00e1rio Pires \u00e9 membro da Comiss\u00e3o Especial de Direito Cooperativo da OAB\/SP e integra o Conselho de Prerrogativas da OAB\/SP.\u201d<\/strong><\/p>\n\n\n\n<p><strong><em>*Esse breve texto biogr\u00e1fico foi encaminhado pelo pr\u00f3prio candidato e mantido na \u00edntegra.<\/em><\/strong><\/p>\n\n\n\n<p><strong>N\u00c3O ACEITARAM O CONVITE<\/strong><\/p>\n\n\n\n<p><strong>Como j\u00e1 informamos, os 5 candidatos a prefeito foram convidados para a sabatina da TVUNA. N\u00e3o aceitaram o convite o ten. Adilson Ribeiro (UB), Alle Zanatta (PT) e o atual prefeito, Paulo Sasaki (PL), candidato \u00e0 reelei\u00e7\u00e3o.<\/strong><\/p>\n","protected":false},"excerpt":{"rendered":"<p>A TVUNA sabatina nesta quarta-feira, dia 25, a partir das 20h, o advogado M\u00e1rio Pires (Republicanos), candidato a prefeito de<\/p>\n","protected":false},"author":1,"featured_media":32015,"comment_status":"open","ping_status":"open","sticky":false,"template":"","format":"standard","meta":[],"categories":[3],"tags":[],"yoast_head":"<!-- This site is optimized with the Yoast SEO plugin v15.8 - https:\/\/yoast.com\/wordpress\/plugins\/seo\/ -->\n<title>TVUNA SABATINA M\u00c1RIO PIRES, CANDIDATO A PREFEITO DE IBI\u00daNA, NESTA QUARTA-FEIRA - Revista Vitrine Online<\/title>\n<meta name=\"robots\" content=\"index, follow, max-snippet:-1, max-image-preview:large, max-video-preview:-1\" \/>\n<link rel=\"canonical\" href=\"http:\/\/revistavitrineibiuna.com.br\/?p=32014\" \/>\n<meta property=\"og:locale\" content=\"pt_BR\" \/>\n<meta property=\"og:type\" content=\"article\" \/>\n<meta property=\"og:title\" content=\"TVUNA SABATINA M\u00c1RIO PIRES, CANDIDATO A PREFEITO DE IBI\u00daNA, NESTA QUARTA-FEIRA - Revista Vitrine Online\" \/>\n<meta property=\"og:description\" content=\"A TVUNA sabatina nesta quarta-feira, dia 25, a partir das 20h, o advogado M\u00e1rio Pires (Republicanos), candidato a prefeito de\" \/>\n<meta property=\"og:url\" content=\"http:\/\/revistavitrineibiuna.com.br\/?p=32014\" \/>\n<meta property=\"og:site_name\" content=\"Revista Vitrine Online\" \/>\n<meta property=\"article:published_time\" content=\"2024-09-21T21:37:23+00:00\" \/>\n<meta property=\"article:modified_time\" content=\"2024-09-23T09:29:45+00:00\" \/>\n<meta property=\"og:image\" content=\"http:\/\/revistavitrineibiuna.com.br\/wp-content\/uploads\/2024\/09\/foto-da-capa-mario-pires.png\" \/>\n\t<meta property=\"og:image:width\" content=\"493\" \/>\n\t<meta property=\"og:image:height\" content=\"349\" \/>\n<meta name=\"twitter:card\" content=\"summary\" \/>\n<meta name=\"twitter:label1\" content=\"Est. reading time\">\n\t<meta name=\"twitter:data1\" content=\"3 minutos\">\n<script type=\"application\/ld+json\" class=\"yoast-schema-graph\">{\"@context\":\"https:\/\/schema.org\",\"@graph\":[{\"@type\":\"WebSite\",\"@id\":\"https:\/\/revistavitrineibiuna.com.br\/#website\",\"url\":\"https:\/\/revistavitrineibiuna.com.br\/\",\"name\":\"Revista Vitrine Ibi\\u00fana\",\"description\":\"A Revista de Ibi\\u00fana e Regi\\u00e3o\",\"publisher\":{\"@id\":\"https:\/\/revistavitrineibiuna.com.br\/#\/schema\/person\/e51ef49d6d88170ea21ceabff3f73deb\"},\"potentialAction\":[{\"@type\":\"SearchAction\",\"target\":\"https:\/\/revistavitrineibiuna.com.br\/?s={search_term_string}\",\"query-input\":\"required name=search_term_string\"}],\"inLanguage\":\"pt-BR\"},{\"@type\":\"ImageObject\",\"@id\":\"http:\/\/revistavitrineibiuna.com.br\/?p=32014#primaryimage\",\"inLanguage\":\"pt-BR\",\"url\":\"http:\/\/revistavitrineibiuna.com.br\/wp-content\/uploads\/2024\/09\/foto-da-capa-mario-pires.png\",\"width\":493,\"height\":349},{\"@type\":\"WebPage\",\"@id\":\"http:\/\/revistavitrineibiuna.com.br\/?p=32014#webpage\",\"url\":\"http:\/\/revistavitrineibiuna.com.br\/?p=32014\",\"name\":\"TVUNA SABATINA M\\u00c1RIO PIRES, CANDIDATO A PREFEITO DE IBI\\u00daNA, NESTA QUARTA-FEIRA - Revista Vitrine Online\",\"isPartOf\":{\"@id\":\"https:\/\/revistavitrineibiuna.com.br\/#website\"},\"primaryImageOfPage\":{\"@id\":\"http:\/\/revistavitrineibiuna.com.br\/?p=32014#primaryimage\"},\"datePublished\":\"2024-09-21T21:37:23+00:00\",\"dateModified\":\"2024-09-23T09:29:45+00:00\",\"breadcrumb\":{\"@id\":\"http:\/\/revistavitrineibiuna.com.br\/?p=32014#breadcrumb\"},\"inLanguage\":\"pt-BR\",\"potentialAction\":[{\"@type\":\"ReadAction\",\"target\":[\"http:\/\/revistavitrineibiuna.com.br\/?p=32014\"]}]},{\"@type\":\"BreadcrumbList\",\"@id\":\"http:\/\/revistavitrineibiuna.com.br\/?p=32014#breadcrumb\",\"itemListElement\":[{\"@type\":\"ListItem\",\"position\":1,\"item\":{\"@type\":\"WebPage\",\"@id\":\"https:\/\/revistavitrineibiuna.com.br\/\",\"url\":\"https:\/\/revistavitrineibiuna.com.br\/\",\"name\":\"In\\u00edcio\"}},{\"@type\":\"ListItem\",\"position\":2,\"item\":{\"@type\":\"WebPage\",\"@id\":\"http:\/\/revistavitrineibiuna.com.br\/?p=32014\",\"url\":\"http:\/\/revistavitrineibiuna.com.br\/?p=32014\",\"name\":\"TVUNA SABATINA M\\u00c1RIO PIRES, CANDIDATO A PREFEITO DE IBI\\u00daNA, NESTA QUARTA-FEIRA\"}}]},{\"@type\":\"Article\",\"@id\":\"http:\/\/revistavitrineibiuna.com.br\/?p=32014#article\",\"isPartOf\":{\"@id\":\"http:\/\/revistavitrineibiuna.com.br\/?p=32014#webpage\"},\"author\":{\"@id\":\"https:\/\/revistavitrineibiuna.com.br\/#\/schema\/person\/e51ef49d6d88170ea21ceabff3f73deb\"},\"headline\":\"TVUNA SABATINA M\\u00c1RIO PIRES, CANDIDATO A PREFEITO DE IBI\\u00daNA, NESTA QUARTA-FEIRA\",\"datePublished\":\"2024-09-21T21:37:23+00:00\",\"dateModified\":\"2024-09-23T09:29:45+00:00\",\"mainEntityOfPage\":{\"@id\":\"http:\/\/revistavitrineibiuna.com.br\/?p=32014#webpage\"},\"commentCount\":0,\"publisher\":{\"@id\":\"https:\/\/revistavitrineibiuna.com.br\/#\/schema\/person\/e51ef49d6d88170ea21ceabff3f73deb\"},\"image\":{\"@id\":\"http:\/\/revistavitrineibiuna.com.br\/?p=32014#primaryimage\"},\"articleSection\":\"Not\\u00edcias\",\"inLanguage\":\"pt-BR\",\"potentialAction\":[{\"@type\":\"CommentAction\",\"name\":\"Comment\",\"target\":[\"http:\/\/revistavitrineibiuna.com.br\/?p=32014#respond\"]}]},{\"@type\":[\"Person\",\"Organization\"],\"@id\":\"https:\/\/revistavitrineibiuna.com.br\/#\/schema\/person\/e51ef49d6d88170ea21ceabff3f73deb\",\"name\":\"Carlos Rossini\",\"image\":{\"@type\":\"ImageObject\",\"@id\":\"https:\/\/revistavitrineibiuna.com.br\/#personlogo\",\"inLanguage\":\"pt-BR\",\"url\":\"http:\/\/1.gravatar.com\/avatar\/4f2d0f99fac1f85c7d643f21f5c8d900?s=96&d=mm&r=g\",\"caption\":\"Carlos Rossini\"},\"logo\":{\"@id\":\"https:\/\/revistavitrineibiuna.com.br\/#personlogo\"},\"description\":\"Carlos Rossini \\u00e9 jornalista, soci\\u00f3logo, escritor e professor universit\\u00e1rio, tendo sido professor de jornalismo por vinte anos. Trabalhou em ve\\u00edculos de comunica\\u00e7\\u00e3o nas fun\\u00e7\\u00f5es de rep\\u00f3rter, redator, editor, articulista e colaborador, como Folha de S. Paulo, O Estado de S. Paulo, Di\\u00e1rio Popular, entre outros. Ao transferir a revista vitrine, vers\\u00e3o imprensa, de S\\u00e3o Paulo para Ibi\\u00fana h\\u00e1 alguns anos, iniciou uma nova experi\\u00eancia profissional, dedicando-se ao jornalismo regional, depois de cumprir uma trajet\\u00f3ria bem-sucedida na grande imprensa brasileira. Seu primeiro livro A Coragem de Comunicar foi lan\\u00e7ado na Bienal do Livro em S\\u00e3o Paulo no ano 2000, pela editora Madras.\"}]}<\/script>\n<!-- \/ Yoast SEO plugin. -->","_links":{"self":[{"href":"http:\/\/revistavitrineibiuna.com.br\/index.php?rest_route=\/wp\/v2\/posts\/32014"}],"collection":[{"href":"http:\/\/revistavitrineibiuna.com.br\/index.php?rest_route=\/wp\/v2\/posts"}],"about":[{"href":"http:\/\/revistavitrineibiuna.com.br\/index.php?rest_route=\/wp\/v2\/types\/post"}],"author":[{"embeddable":true,"href":"http:\/\/revistavitrineibiuna.com.br\/index.php?rest_route=\/wp\/v2\/users\/1"}],"replies":[{"embeddable":true,"href":"http:\/\/revistavitrineibiuna.com.br\/index.php?rest_route=%2Fwp%2Fv2%2Fcomments&post=32014"}],"version-history":[{"count":3,"href":"http:\/\/revistavitrineibiuna.com.br\/index.php?rest_route=\/wp\/v2\/posts\/32014\/revisions"}],"predecessor-version":[{"id":32020,"href":"http:\/\/revistavitrineibiuna.com.br\/index.php?rest_route=\/wp\/v2\/posts\/32014\/revisions\/32020"}],"wp:featuredmedia":[{"embeddable":true,"href":"http:\/\/revistavitrineibiuna.com.br\/index.php?rest_route=\/wp\/v2\/media\/32015"}],"wp:attachment":[{"href":"http:\/\/revistavitrineibiuna.com.br\/index.php?rest_route=%2Fwp%2Fv2%2Fmedia&parent=32014"}],"wp:term":[{"taxonomy":"category","embeddable":true,"href":"http:\/\/revistavitrineibiuna.com.br\/index.php?rest_route=%2Fwp%2Fv2%2Fcategories&post=32014"},{"taxonomy":"post_tag","embeddable":true,"href":"http:\/\/revistavitrineibiuna.com.br\/index.php?rest_route=%2Fwp%2Fv2%2Ftags&post=32014"}],"curies":[{"name":"wp","href":"https:\/\/api.w.org\/{rel}","templated":true}]}}