{"id":32022,"date":"2024-09-26T13:46:46","date_gmt":"2024-09-26T16:46:46","guid":{"rendered":"http:\/\/revistavitrineibiuna.com.br\/?p=32022"},"modified":"2024-09-26T13:46:47","modified_gmt":"2024-09-26T16:46:47","slug":"ibiuna-urnas-revelarao-desejo-de-mudanca-na-cidade","status":"publish","type":"post","link":"http:\/\/revistavitrineibiuna.com.br\/?p=32022","title":{"rendered":"IBI\u00daNA \u2013 URNAS REVELAR\u00c3O DESEJO DE MUDAN\u00c7A NA CIDADE"},"content":{"rendered":"\n<p class=\"has-drop-cap\"><strong>Estejam certos os candidatos a prefeito de Ibi\u00fana: no dia 6 de outubro a maioria da popula\u00e7\u00e3o que comparecer\u00e1 \u00e0s urnas e depositar\u00e1 seus votos que expressar\u00e3o nitidamente seu desejo de mudan\u00e7a.<\/strong><\/p>\n\n\n\n<p><strong>J\u00e1 escrevemos aqui que os eleitores de 2020 n\u00e3o s\u00e3o os mesmos os de agora: foram sensibilizados e de certa forma despertados pelo intenso fluxo de informa\u00e7\u00f5es, algumas vezes falsas, disponibilizados pelas redes sociais.<\/strong><\/p>\n\n\n\n<p><strong>Os pol\u00edticos tradicionais e conservadores demonstram terem permanecido na velha pol\u00edtica baseada na cren\u00e7a de que o povo pode ser enganado o tempo todo, o que \u00e9 cada vez menos verdadeiro.<\/strong><\/p>\n\n\n\n<p><strong>Ouvi centenas de pessoas, da zona rural e da \u00e1rea urbana, e conclu\u00ed que o povo, n\u00e3o todo \u00e9 preciso admitir, abriu os olhos, passou a ver claramente seus direitos como cidad\u00e3os e, especialmente, que eles v\u00eam sendo desrespeitados ou mesmo violados sem o menor pudor, ou vergonha.<\/strong><\/p>\n\n\n\n<p><strong>Quem \u201couve\u201d o cora\u00e7\u00e3o do povo consegue perceber que de tanto e cont\u00ednuo sofrimento sentido nas suas mais variadas vers\u00f5es, mesmo sendo c\u00e9ticos em rela\u00e7\u00e3o ao comportamento \u00e9tico dos pol\u00edticos ultrapassados pela realidade dos fatos, estes perderam suas m\u00e1scaras e seus disfarces.<\/strong><\/p>\n\n\n\n<p><strong>Quem passa pelas ruas e pra\u00e7as p\u00fablicas da cidade, n\u00e3o raro se depara com pequenas florestas artificiais formadas por bandeiras verticais com os rostos dos candidatos que tremulam sopradas pelo vento da Primavera.<\/strong><\/p>\n\n\n\n<p><strong>Vento, como se sabe, \u00e9 uma forma de movimento do oxig\u00eanio que se agita por altera\u00e7\u00f5es atmosf\u00e9ricas. Parece que, enfim, o povo deseja respirar novos ares com a necess\u00e1ria mudan\u00e7a!<\/strong><\/p>\n","protected":false},"excerpt":{"rendered":"<p>Estejam certos os candidatos a prefeito de Ibi\u00fana: no dia 6 de outubro a maioria da popula\u00e7\u00e3o que comparecer\u00e1 \u00e0s<\/p>\n","protected":false},"author":1,"featured_media":32023,"comment_status":"open","ping_status":"open","sticky":false,"template":"","format":"standard","meta":[],"categories":[3],"tags":[],"yoast_head":"<!-- This site is optimized with the Yoast SEO plugin v15.8 - https:\/\/yoast.com\/wordpress\/plugins\/seo\/ -->\n<title>IBI\u00daNA \u2013 URNAS REVELAR\u00c3O DESEJO DE MUDAN\u00c7A NA CIDADE - Revista Vitrine Online<\/title>\n<meta name=\"robots\" content=\"index, follow, max-snippet:-1, max-image-preview:large, max-video-preview:-1\" \/>\n<link rel=\"canonical\" href=\"http:\/\/revistavitrineibiuna.com.br\/?p=32022\" \/>\n<meta property=\"og:locale\" content=\"pt_BR\" \/>\n<meta property=\"og:type\" content=\"article\" \/>\n<meta property=\"og:title\" content=\"IBI\u00daNA \u2013 URNAS REVELAR\u00c3O DESEJO DE MUDAN\u00c7A NA CIDADE - Revista Vitrine Online\" \/>\n<meta property=\"og:description\" content=\"Estejam certos os candidatos a prefeito de Ibi\u00fana: no dia 6 de outubro a maioria da popula\u00e7\u00e3o que comparecer\u00e1 \u00e0s\" \/>\n<meta property=\"og:url\" content=\"http:\/\/revistavitrineibiuna.com.br\/?p=32022\" \/>\n<meta property=\"og:site_name\" content=\"Revista Vitrine Online\" \/>\n<meta property=\"article:published_time\" content=\"2024-09-26T16:46:46+00:00\" \/>\n<meta property=\"article:modified_time\" content=\"2024-09-26T16:46:47+00:00\" \/>\n<meta property=\"og:image\" content=\"http:\/\/revistavitrineibiuna.com.br\/wp-content\/uploads\/2024\/09\/urna-eleitoral-1024x683.png\" \/>\n\t<meta property=\"og:image:width\" content=\"1024\" \/>\n\t<meta property=\"og:image:height\" content=\"683\" \/>\n<meta name=\"twitter:card\" content=\"summary\" \/>\n<meta name=\"twitter:label1\" content=\"Est. reading time\">\n\t<meta name=\"twitter:data1\" content=\"2 minutos\">\n<script type=\"application\/ld+json\" class=\"yoast-schema-graph\">{\"@context\":\"https:\/\/schema.org\",\"@graph\":[{\"@type\":\"WebSite\",\"@id\":\"https:\/\/revistavitrineibiuna.com.br\/#website\",\"url\":\"https:\/\/revistavitrineibiuna.com.br\/\",\"name\":\"Revista Vitrine Ibi\\u00fana\",\"description\":\"A Revista de Ibi\\u00fana e Regi\\u00e3o\",\"publisher\":{\"@id\":\"https:\/\/revistavitrineibiuna.com.br\/#\/schema\/person\/e51ef49d6d88170ea21ceabff3f73deb\"},\"potentialAction\":[{\"@type\":\"SearchAction\",\"target\":\"https:\/\/revistavitrineibiuna.com.br\/?s={search_term_string}\",\"query-input\":\"required name=search_term_string\"}],\"inLanguage\":\"pt-BR\"},{\"@type\":\"ImageObject\",\"@id\":\"http:\/\/revistavitrineibiuna.com.br\/?p=32022#primaryimage\",\"inLanguage\":\"pt-BR\",\"url\":\"http:\/\/revistavitrineibiuna.com.br\/wp-content\/uploads\/2024\/09\/urna-eleitoral.png\",\"width\":1920,\"height\":1280},{\"@type\":\"WebPage\",\"@id\":\"http:\/\/revistavitrineibiuna.com.br\/?p=32022#webpage\",\"url\":\"http:\/\/revistavitrineibiuna.com.br\/?p=32022\",\"name\":\"IBI\\u00daNA \\u2013 URNAS REVELAR\\u00c3O DESEJO DE MUDAN\\u00c7A NA CIDADE - Revista Vitrine Online\",\"isPartOf\":{\"@id\":\"https:\/\/revistavitrineibiuna.com.br\/#website\"},\"primaryImageOfPage\":{\"@id\":\"http:\/\/revistavitrineibiuna.com.br\/?p=32022#primaryimage\"},\"datePublished\":\"2024-09-26T16:46:46+00:00\",\"dateModified\":\"2024-09-26T16:46:47+00:00\",\"breadcrumb\":{\"@id\":\"http:\/\/revistavitrineibiuna.com.br\/?p=32022#breadcrumb\"},\"inLanguage\":\"pt-BR\",\"potentialAction\":[{\"@type\":\"ReadAction\",\"target\":[\"http:\/\/revistavitrineibiuna.com.br\/?p=32022\"]}]},{\"@type\":\"BreadcrumbList\",\"@id\":\"http:\/\/revistavitrineibiuna.com.br\/?p=32022#breadcrumb\",\"itemListElement\":[{\"@type\":\"ListItem\",\"position\":1,\"item\":{\"@type\":\"WebPage\",\"@id\":\"https:\/\/revistavitrineibiuna.com.br\/\",\"url\":\"https:\/\/revistavitrineibiuna.com.br\/\",\"name\":\"In\\u00edcio\"}},{\"@type\":\"ListItem\",\"position\":2,\"item\":{\"@type\":\"WebPage\",\"@id\":\"http:\/\/revistavitrineibiuna.com.br\/?p=32022\",\"url\":\"http:\/\/revistavitrineibiuna.com.br\/?p=32022\",\"name\":\"IBI\\u00daNA \\u2013 URNAS REVELAR\\u00c3O DESEJO DE MUDAN\\u00c7A NA CIDADE\"}}]},{\"@type\":\"Article\",\"@id\":\"http:\/\/revistavitrineibiuna.com.br\/?p=32022#article\",\"isPartOf\":{\"@id\":\"http:\/\/revistavitrineibiuna.com.br\/?p=32022#webpage\"},\"author\":{\"@id\":\"https:\/\/revistavitrineibiuna.com.br\/#\/schema\/person\/e51ef49d6d88170ea21ceabff3f73deb\"},\"headline\":\"IBI\\u00daNA \\u2013 URNAS REVELAR\\u00c3O DESEJO DE MUDAN\\u00c7A NA CIDADE\",\"datePublished\":\"2024-09-26T16:46:46+00:00\",\"dateModified\":\"2024-09-26T16:46:47+00:00\",\"mainEntityOfPage\":{\"@id\":\"http:\/\/revistavitrineibiuna.com.br\/?p=32022#webpage\"},\"commentCount\":0,\"publisher\":{\"@id\":\"https:\/\/revistavitrineibiuna.com.br\/#\/schema\/person\/e51ef49d6d88170ea21ceabff3f73deb\"},\"image\":{\"@id\":\"http:\/\/revistavitrineibiuna.com.br\/?p=32022#primaryimage\"},\"articleSection\":\"Not\\u00edcias\",\"inLanguage\":\"pt-BR\",\"potentialAction\":[{\"@type\":\"CommentAction\",\"name\":\"Comment\",\"target\":[\"http:\/\/revistavitrineibiuna.com.br\/?p=32022#respond\"]}]},{\"@type\":[\"Person\",\"Organization\"],\"@id\":\"https:\/\/revistavitrineibiuna.com.br\/#\/schema\/person\/e51ef49d6d88170ea21ceabff3f73deb\",\"name\":\"Carlos Rossini\",\"image\":{\"@type\":\"ImageObject\",\"@id\":\"https:\/\/revistavitrineibiuna.com.br\/#personlogo\",\"inLanguage\":\"pt-BR\",\"url\":\"http:\/\/1.gravatar.com\/avatar\/4f2d0f99fac1f85c7d643f21f5c8d900?s=96&d=mm&r=g\",\"caption\":\"Carlos Rossini\"},\"logo\":{\"@id\":\"https:\/\/revistavitrineibiuna.com.br\/#personlogo\"},\"description\":\"Carlos Rossini \\u00e9 jornalista, soci\\u00f3logo, escritor e professor universit\\u00e1rio, tendo sido professor de jornalismo por vinte anos. Trabalhou em ve\\u00edculos de comunica\\u00e7\\u00e3o nas fun\\u00e7\\u00f5es de rep\\u00f3rter, redator, editor, articulista e colaborador, como Folha de S. Paulo, O Estado de S. Paulo, Di\\u00e1rio Popular, entre outros. Ao transferir a revista vitrine, vers\\u00e3o imprensa, de S\\u00e3o Paulo para Ibi\\u00fana h\\u00e1 alguns anos, iniciou uma nova experi\\u00eancia profissional, dedicando-se ao jornalismo regional, depois de cumprir uma trajet\\u00f3ria bem-sucedida na grande imprensa brasileira. Seu primeiro livro A Coragem de Comunicar foi lan\\u00e7ado na Bienal do Livro em S\\u00e3o Paulo no ano 2000, pela editora Madras.\"}]}<\/script>\n<!-- \/ Yoast SEO plugin. -->","_links":{"self":[{"href":"http:\/\/revistavitrineibiuna.com.br\/index.php?rest_route=\/wp\/v2\/posts\/32022"}],"collection":[{"href":"http:\/\/revistavitrineibiuna.com.br\/index.php?rest_route=\/wp\/v2\/posts"}],"about":[{"href":"http:\/\/revistavitrineibiuna.com.br\/index.php?rest_route=\/wp\/v2\/types\/post"}],"author":[{"embeddable":true,"href":"http:\/\/revistavitrineibiuna.com.br\/index.php?rest_route=\/wp\/v2\/users\/1"}],"replies":[{"embeddable":true,"href":"http:\/\/revistavitrineibiuna.com.br\/index.php?rest_route=%2Fwp%2Fv2%2Fcomments&post=32022"}],"version-history":[{"count":1,"href":"http:\/\/revistavitrineibiuna.com.br\/index.php?rest_route=\/wp\/v2\/posts\/32022\/revisions"}],"predecessor-version":[{"id":32024,"href":"http:\/\/revistavitrineibiuna.com.br\/index.php?rest_route=\/wp\/v2\/posts\/32022\/revisions\/32024"}],"wp:featuredmedia":[{"embeddable":true,"href":"http:\/\/revistavitrineibiuna.com.br\/index.php?rest_route=\/wp\/v2\/media\/32023"}],"wp:attachment":[{"href":"http:\/\/revistavitrineibiuna.com.br\/index.php?rest_route=%2Fwp%2Fv2%2Fmedia&parent=32022"}],"wp:term":[{"taxonomy":"category","embeddable":true,"href":"http:\/\/revistavitrineibiuna.com.br\/index.php?rest_route=%2Fwp%2Fv2%2Fcategories&post=32022"},{"taxonomy":"post_tag","embeddable":true,"href":"http:\/\/revistavitrineibiuna.com.br\/index.php?rest_route=%2Fwp%2Fv2%2Ftags&post=32022"}],"curies":[{"name":"wp","href":"https:\/\/api.w.org\/{rel}","templated":true}]}}