{"id":24078,"date":"2020-11-30T13:24:09","date_gmt":"2020-11-30T16:24:09","guid":{"rendered":"http:\/\/revistavitrineibiuna.com.br\/?p=24078"},"modified":"2020-11-30T13:24:42","modified_gmt":"2020-11-30T16:24:42","slug":"covid-19-estado-de-sao-paulo-volta-para-a-fase-amarela-a-partir-de-hoje","status":"publish","type":"post","link":"https:\/\/revistavitrineibiuna.com.br\/?p=24078","title":{"rendered":"COVID-19: ESTADO DE S\u00c3O PAULO VOLTA PARA A FASE AMARELA A PARTIR DE HOJE"},"content":{"rendered":"<p><strong><a href=\"http:\/\/revistavitrineibiuna.com.br\/wp-content\/uploads\/2020\/11\/fase-amarela-1.jpg\"><img loading=\"lazy\" class=\"aligncenter size-full wp-image-24081\" src=\"http:\/\/revistavitrineibiuna.com.br\/wp-content\/uploads\/2020\/11\/fase-amarela-1.jpg\" alt=\"\" width=\"640\" height=\"360\" srcset=\"https:\/\/revistavitrineibiuna.com.br\/wp-content\/uploads\/2020\/11\/fase-amarela-1.jpg 640w, https:\/\/revistavitrineibiuna.com.br\/wp-content\/uploads\/2020\/11\/fase-amarela-1-300x169.jpg 300w\" sizes=\"(max-width: 640px) 100vw, 640px\" \/><\/a><\/strong><\/p>\n<p><strong>O governador Jo\u00e3o D\u00f3ria, em fun\u00e7\u00e3o da realidade da pandemia, anunciou agora h\u00e1 pouco, que o Estado de S\u00e3o Paulo volta \u00e0 fase amarela a partir de hoje (30), depois de observado o aumento de contamina\u00e7\u00f5es nas \u00faltimas semanas.<\/strong><\/p>\n<p><strong>Em resumo, a fase amarela determina as seguintes diretrizes:<\/strong><\/p>\n<ol>\n<li><strong>Capacidade limitada a 40% de ocupa\u00e7\u00f5es para todo os setores;<\/strong><\/li>\n<li><strong>Funcionamento m\u00e1ximo limitado 10 horas por dia;<\/strong><\/li>\n<li><strong>Estabelecimentos podem funcionar at\u00e9 \u00e0s 22 horas;<\/strong><\/li>\n<li><strong>Proibi\u00e7\u00e3o de eventos com p\u00fablico de p\u00e9.<\/strong><\/li>\n<\/ol>\n<p><strong>Todas as demais determina\u00e7\u00f5es como uso obrigat\u00f3rio de m\u00e1scaras, higieniza\u00e7\u00e3o das m\u00e3os com \u00e1lcool em gel, manuten\u00e7\u00e3o de dist\u00e2ncia de seguran\u00e7a entre os indiv\u00edduos continuam em vigor.<\/strong><\/p>\n<p><strong>Conhe\u00e7a o regramento para abertura dos estabelecimentos em cada uma das fases:<\/strong><\/p>\n<p><strong>Fase vermelha<\/strong><\/p>\n<p><strong>Na fase vermelha, ficam liberadas apenas as atividades consideradas essenciais. Clique aqui e confira a lista. (<a href=\"https:\/\/www.saopaulo.sp.gov.br\/sala-de-imprensa\/release\/governo-de-sp-reforca-setores-essenciais-permitidos-a-funcionar\/\">https:\/\/www.saopaulo.sp.gov.br\/sala-de-imprensa\/release\/governo-de-sp-reforca-setores-essenciais-permitidos-a-funcionar\/<\/a><\/strong><strong>).<\/strong><\/p>\n<p><strong>Fase laranja<\/strong><\/p>\n<p><strong>Na fase laranja, shoppings centers (com proibi\u00e7\u00e3o de abertura das pra\u00e7as de alimenta\u00e7\u00e3o), com\u00e9rcio de rua e servi\u00e7os em geral podem funcionar com capacidade limitada a 20%, hor\u00e1rio reduzido para quatro horas seguidas e ado\u00e7\u00e3o dos protocolos padr\u00e3o e setoriais espec\u00edficos. Fica proibida a abertura de bares e restaurantes para consumo local, sal\u00f5es de beleza e barbearias, academias de esportes em todas as modalidades e outras atividades que gerem aglomera\u00e7\u00e3o.<\/strong><\/p>\n<p><strong>Fase amarela<\/strong><\/p>\n<p><strong>Na fase amarela, shoppings centers (com proibi\u00e7\u00e3o de abertura das pra\u00e7as de alimenta\u00e7\u00e3o), com\u00e9rcio de rua e servi\u00e7os em geral podem funcionar com capacidade a limitada 40%, hor\u00e1rio reduzido para seis horas seguidas e ado\u00e7\u00e3o dos protocolos padr\u00e3o e setoriais espec\u00edficos. Adiciona-se \u00e0 lista sal\u00f5es e barbearias, al\u00e9m de bares e restaurantes que estar\u00e3o liberados apenas para atendimento ao ar livre. Academias e eventos que gerem aglomera\u00e7\u00e3o continuam com abertura suspensa.<\/strong><\/p>\n<p><strong>Fase verde<\/strong><\/p>\n<p><strong>Na fase verde, fica liberado o funcionamento de todos os estabelecimentos comerciais e de servi\u00e7os, incluindo academias e pra\u00e7as de alimenta\u00e7\u00e3o dos shoppings, desde que com capacidade limitada a 60% e ado\u00e7\u00e3o dos protocolos padr\u00e3o e setoriais espec\u00edficos. Ficam proibidos eventos que gerem aglomera\u00e7\u00e3o.<\/strong><\/p>\n<p><strong>Fase azul<\/strong><\/p>\n<p><strong>Retomada da economia dentro do chamado \u201cnovo normal\u201d.<\/strong><\/p>\n","protected":false},"excerpt":{"rendered":"<p>O governador Jo\u00e3o D\u00f3ria, em fun\u00e7\u00e3o da realidade da pandemia, anunciou agora h\u00e1 pouco, que o Estado de S\u00e3o Paulo<\/p>\n","protected":false},"author":1,"featured_media":24079,"comment_status":"open","ping_status":"open","sticky":false,"template":"","format":"standard","meta":[],"categories":[503,3],"tags":[],"yoast_head":"<!-- This site is optimized with the Yoast SEO plugin v15.8 - https:\/\/yoast.com\/wordpress\/plugins\/seo\/ -->\n<title>COVID-19: ESTADO DE S\u00c3O PAULO VOLTA PARA A FASE AMARELA A PARTIR DE HOJE - Revista Vitrine Online<\/title>\n<meta name=\"robots\" content=\"index, follow, max-snippet:-1, max-image-preview:large, max-video-preview:-1\" \/>\n<link rel=\"canonical\" href=\"https:\/\/revistavitrineibiuna.com.br\/?p=24078\" \/>\n<meta property=\"og:locale\" content=\"pt_BR\" \/>\n<meta property=\"og:type\" content=\"article\" \/>\n<meta property=\"og:title\" content=\"COVID-19: ESTADO DE S\u00c3O PAULO VOLTA PARA A FASE AMARELA A PARTIR DE HOJE - Revista Vitrine Online\" \/>\n<meta property=\"og:description\" content=\"O governador Jo\u00e3o D\u00f3ria, em fun\u00e7\u00e3o da realidade da pandemia, anunciou agora h\u00e1 pouco, que o Estado de S\u00e3o Paulo\" \/>\n<meta property=\"og:url\" content=\"https:\/\/revistavitrineibiuna.com.br\/?p=24078\" \/>\n<meta property=\"og:site_name\" content=\"Revista Vitrine Online\" \/>\n<meta property=\"article:published_time\" content=\"2020-11-30T16:24:09+00:00\" \/>\n<meta property=\"article:modified_time\" content=\"2020-11-30T16:24:42+00:00\" \/>\n<meta property=\"og:image\" content=\"https:\/\/revistavitrineibiuna.com.br\/wp-content\/uploads\/2020\/11\/fase-amarela.jpg\" \/>\n\t<meta property=\"og:image:width\" content=\"640\" \/>\n\t<meta property=\"og:image:height\" content=\"360\" \/>\n<meta name=\"twitter:card\" content=\"summary\" \/>\n<meta name=\"twitter:label1\" content=\"Est. reading time\">\n\t<meta name=\"twitter:data1\" content=\"2 minutos\">\n<script type=\"application\/ld+json\" class=\"yoast-schema-graph\">{\"@context\":\"https:\/\/schema.org\",\"@graph\":[{\"@type\":\"WebSite\",\"@id\":\"http:\/\/revistavitrineibiuna.com.br\/#website\",\"url\":\"http:\/\/revistavitrineibiuna.com.br\/\",\"name\":\"Revista Vitrine Ibi\\u00fana\",\"description\":\"A Revista de Ibi\\u00fana e Regi\\u00e3o\",\"publisher\":{\"@id\":\"http:\/\/revistavitrineibiuna.com.br\/#\/schema\/person\/e51ef49d6d88170ea21ceabff3f73deb\"},\"potentialAction\":[{\"@type\":\"SearchAction\",\"target\":\"http:\/\/revistavitrineibiuna.com.br\/?s={search_term_string}\",\"query-input\":\"required name=search_term_string\"}],\"inLanguage\":\"pt-BR\"},{\"@type\":\"ImageObject\",\"@id\":\"https:\/\/revistavitrineibiuna.com.br\/?p=24078#primaryimage\",\"inLanguage\":\"pt-BR\",\"url\":\"https:\/\/revistavitrineibiuna.com.br\/wp-content\/uploads\/2020\/11\/fase-amarela.jpg\",\"width\":640,\"height\":360},{\"@type\":\"WebPage\",\"@id\":\"https:\/\/revistavitrineibiuna.com.br\/?p=24078#webpage\",\"url\":\"https:\/\/revistavitrineibiuna.com.br\/?p=24078\",\"name\":\"COVID-19: ESTADO DE S\\u00c3O PAULO VOLTA PARA A FASE AMARELA A PARTIR DE HOJE - Revista Vitrine Online\",\"isPartOf\":{\"@id\":\"http:\/\/revistavitrineibiuna.com.br\/#website\"},\"primaryImageOfPage\":{\"@id\":\"https:\/\/revistavitrineibiuna.com.br\/?p=24078#primaryimage\"},\"datePublished\":\"2020-11-30T16:24:09+00:00\",\"dateModified\":\"2020-11-30T16:24:42+00:00\",\"breadcrumb\":{\"@id\":\"https:\/\/revistavitrineibiuna.com.br\/?p=24078#breadcrumb\"},\"inLanguage\":\"pt-BR\",\"potentialAction\":[{\"@type\":\"ReadAction\",\"target\":[\"https:\/\/revistavitrineibiuna.com.br\/?p=24078\"]}]},{\"@type\":\"BreadcrumbList\",\"@id\":\"https:\/\/revistavitrineibiuna.com.br\/?p=24078#breadcrumb\",\"itemListElement\":[{\"@type\":\"ListItem\",\"position\":1,\"item\":{\"@type\":\"WebPage\",\"@id\":\"http:\/\/revistavitrineibiuna.com.br\/\",\"url\":\"http:\/\/revistavitrineibiuna.com.br\/\",\"name\":\"In\\u00edcio\"}},{\"@type\":\"ListItem\",\"position\":2,\"item\":{\"@type\":\"WebPage\",\"@id\":\"https:\/\/revistavitrineibiuna.com.br\/?p=24078\",\"url\":\"https:\/\/revistavitrineibiuna.com.br\/?p=24078\",\"name\":\"COVID-19: ESTADO DE S\\u00c3O PAULO VOLTA PARA A FASE AMARELA A PARTIR DE HOJE\"}}]},{\"@type\":\"Article\",\"@id\":\"https:\/\/revistavitrineibiuna.com.br\/?p=24078#article\",\"isPartOf\":{\"@id\":\"https:\/\/revistavitrineibiuna.com.br\/?p=24078#webpage\"},\"author\":{\"@id\":\"http:\/\/revistavitrineibiuna.com.br\/#\/schema\/person\/e51ef49d6d88170ea21ceabff3f73deb\"},\"headline\":\"COVID-19: ESTADO DE S\\u00c3O PAULO VOLTA PARA A FASE AMARELA A PARTIR DE HOJE\",\"datePublished\":\"2020-11-30T16:24:09+00:00\",\"dateModified\":\"2020-11-30T16:24:42+00:00\",\"mainEntityOfPage\":{\"@id\":\"https:\/\/revistavitrineibiuna.com.br\/?p=24078#webpage\"},\"commentCount\":0,\"publisher\":{\"@id\":\"http:\/\/revistavitrineibiuna.com.br\/#\/schema\/person\/e51ef49d6d88170ea21ceabff3f73deb\"},\"image\":{\"@id\":\"https:\/\/revistavitrineibiuna.com.br\/?p=24078#primaryimage\"},\"articleSection\":\"COVID-19,Not\\u00edcias\",\"inLanguage\":\"pt-BR\",\"potentialAction\":[{\"@type\":\"CommentAction\",\"name\":\"Comment\",\"target\":[\"https:\/\/revistavitrineibiuna.com.br\/?p=24078#respond\"]}]},{\"@type\":[\"Person\",\"Organization\"],\"@id\":\"http:\/\/revistavitrineibiuna.com.br\/#\/schema\/person\/e51ef49d6d88170ea21ceabff3f73deb\",\"name\":\"Carlos Rossini\",\"image\":{\"@type\":\"ImageObject\",\"@id\":\"http:\/\/revistavitrineibiuna.com.br\/#personlogo\",\"inLanguage\":\"pt-BR\",\"url\":\"https:\/\/secure.gravatar.com\/avatar\/4f2d0f99fac1f85c7d643f21f5c8d900?s=96&d=mm&r=g\",\"caption\":\"Carlos Rossini\"},\"logo\":{\"@id\":\"http:\/\/revistavitrineibiuna.com.br\/#personlogo\"},\"description\":\"Carlos Rossini \\u00e9 jornalista, soci\\u00f3logo, escritor e professor universit\\u00e1rio, tendo sido professor de jornalismo por vinte anos. Trabalhou em ve\\u00edculos de comunica\\u00e7\\u00e3o nas fun\\u00e7\\u00f5es de rep\\u00f3rter, redator, editor, articulista e colaborador, como Folha de S. Paulo, O Estado de S. Paulo, Di\\u00e1rio Popular, entre outros. Ao transferir a revista vitrine, vers\\u00e3o imprensa, de S\\u00e3o Paulo para Ibi\\u00fana h\\u00e1 alguns anos, iniciou uma nova experi\\u00eancia profissional, dedicando-se ao jornalismo regional, depois de cumprir uma trajet\\u00f3ria bem-sucedida na grande imprensa brasileira. Seu primeiro livro A Coragem de Comunicar foi lan\\u00e7ado na Bienal do Livro em S\\u00e3o Paulo no ano 2000, pela editora Madras.\"}]}<\/script>\n<!-- \/ Yoast SEO plugin. -->","_links":{"self":[{"href":"https:\/\/revistavitrineibiuna.com.br\/index.php?rest_route=\/wp\/v2\/posts\/24078"}],"collection":[{"href":"https:\/\/revistavitrineibiuna.com.br\/index.php?rest_route=\/wp\/v2\/posts"}],"about":[{"href":"https:\/\/revistavitrineibiuna.com.br\/index.php?rest_route=\/wp\/v2\/types\/post"}],"author":[{"embeddable":true,"href":"https:\/\/revistavitrineibiuna.com.br\/index.php?rest_route=\/wp\/v2\/users\/1"}],"replies":[{"embeddable":true,"href":"https:\/\/revistavitrineibiuna.com.br\/index.php?rest_route=%2Fwp%2Fv2%2Fcomments&post=24078"}],"version-history":[{"count":2,"href":"https:\/\/revistavitrineibiuna.com.br\/index.php?rest_route=\/wp\/v2\/posts\/24078\/revisions"}],"predecessor-version":[{"id":24082,"href":"https:\/\/revistavitrineibiuna.com.br\/index.php?rest_route=\/wp\/v2\/posts\/24078\/revisions\/24082"}],"wp:featuredmedia":[{"embeddable":true,"href":"https:\/\/revistavitrineibiuna.com.br\/index.php?rest_route=\/wp\/v2\/media\/24079"}],"wp:attachment":[{"href":"https:\/\/revistavitrineibiuna.com.br\/index.php?rest_route=%2Fwp%2Fv2%2Fmedia&parent=24078"}],"wp:term":[{"taxonomy":"category","embeddable":true,"href":"https:\/\/revistavitrineibiuna.com.br\/index.php?rest_route=%2Fwp%2Fv2%2Fcategories&post=24078"},{"taxonomy":"post_tag","embeddable":true,"href":"https:\/\/revistavitrineibiuna.com.br\/index.php?rest_route=%2Fwp%2Fv2%2Ftags&post=24078"}],"curies":[{"name":"wp","href":"https:\/\/api.w.org\/{rel}","templated":true}]}}