{"id":24083,"date":"2020-11-30T20:09:03","date_gmt":"2020-11-30T23:09:03","guid":{"rendered":"http:\/\/revistavitrineibiuna.com.br\/?p=24083"},"modified":"2020-11-30T22:50:19","modified_gmt":"2020-12-01T01:50:19","slug":"ibiuna-processo-de-transicao-do-governo-municipal-deve-se-iniciar-no-dia-7","status":"publish","type":"post","link":"https:\/\/revistavitrineibiuna.com.br\/?p=24083","title":{"rendered":"IBI\u00daNA \u2013 PROCESSO DE TRANSI\u00c7\u00c3O DO GOVERNO MUNICIPAL DEVE SE INICIAR NO DIA 7"},"content":{"rendered":"<p><strong><a href=\"http:\/\/revistavitrineibiuna.com.br\/wp-content\/uploads\/2020\/11\/fachada-da-prefeitura-1.jpg\"><img loading=\"lazy\" class=\"aligncenter size-full wp-image-24086\" src=\"http:\/\/revistavitrineibiuna.com.br\/wp-content\/uploads\/2020\/11\/fachada-da-prefeitura-1.jpg\" alt=\"\" width=\"640\" height=\"360\" srcset=\"https:\/\/revistavitrineibiuna.com.br\/wp-content\/uploads\/2020\/11\/fachada-da-prefeitura-1.jpg 640w, https:\/\/revistavitrineibiuna.com.br\/wp-content\/uploads\/2020\/11\/fachada-da-prefeitura-1-300x169.jpg 300w\" sizes=\"(max-width: 640px) 100vw, 640px\" \/><\/a><\/strong><\/p>\n<p><strong>Depois de receber dois pedidos protocolares para transi\u00e7\u00e3o de governo, indispens\u00e1vel para que os futuros governantes tomem p\u00e9 da situa\u00e7\u00e3o em que se encontra a administra\u00e7\u00e3o p\u00fablica em Ibi\u00fana, a Prefeitura teria informado que o processo dever\u00e1 ser iniciado no dia 7 pr\u00f3ximo, ou seja, 25 dias antes da posse do novo prefeito, Paulo Sasaki, a 1\u00ba de janeiro de 2021.<\/strong><\/p>\n<p><strong>O processo de transi\u00e7\u00e3o objetiva:<\/strong><\/p>\n<ol>\n<li><strong>Assegurar o recebimento de informa\u00e7\u00f5es e documentos necess\u00e1rios ao exerc\u00edcio da fun\u00e7\u00e3o p\u00fablica e a implementa\u00e7\u00e3o de uma nova gest\u00e3o;<\/strong><\/li>\n<li><strong>Fornecer aos novos gestores um panorama da situa\u00e7\u00e3o financeira, fiscal e administrativa do ente que ser\u00e1 gerido;<br \/>\n<\/strong><\/li>\n<\/ol>\n<ol start=\"3\">\n<li><strong>Garantir a continuidade de projetos, a\u00e7\u00f5es e servi\u00e7os p\u00fablicos.<\/strong><\/li>\n<\/ol>\n<p><strong>LAI<\/strong><\/p>\n<p><strong>Ouvido por vitrine online, um advogado que atua na \u00e1rea jur\u00eddica do setor p\u00fablico nos informou que a Lei de Acesso Informa\u00e7\u00e3o &#8211; LAI, n\u00ba 12.527, de 11 de novembro de 2011, assegura esse direito aos novos gestores.<\/strong><\/p>\n<p><strong>Em muitos munic\u00edpios, como S\u00e3o Roque, por exemplo, o processo j\u00e1 se iniciou, por meio de decretos assinados pelos atuais prefeitos, como deve ocorrer em Ibi\u00fana. \u00a0<\/strong><\/p>\n<p><strong>\u00a0<\/strong><\/p>\n<p><strong>\u00a0<\/strong><\/p>\n","protected":false},"excerpt":{"rendered":"<p>Depois de receber dois pedidos protocolares para transi\u00e7\u00e3o de governo, indispens\u00e1vel para que os futuros governantes tomem p\u00e9 da situa\u00e7\u00e3o<\/p>\n","protected":false},"author":1,"featured_media":24084,"comment_status":"open","ping_status":"open","sticky":false,"template":"","format":"standard","meta":[],"categories":[3,549],"tags":[],"yoast_head":"<!-- This site is optimized with the Yoast SEO plugin v15.8 - https:\/\/yoast.com\/wordpress\/plugins\/seo\/ -->\n<title>IBI\u00daNA \u2013 PROCESSO DE TRANSI\u00c7\u00c3O DO GOVERNO MUNICIPAL DEVE SE INICIAR NO DIA 7 - Revista Vitrine Online<\/title>\n<meta name=\"robots\" content=\"index, follow, max-snippet:-1, max-image-preview:large, max-video-preview:-1\" \/>\n<link rel=\"canonical\" href=\"https:\/\/revistavitrineibiuna.com.br\/?p=24083\" \/>\n<meta property=\"og:locale\" content=\"pt_BR\" \/>\n<meta property=\"og:type\" content=\"article\" \/>\n<meta property=\"og:title\" content=\"IBI\u00daNA \u2013 PROCESSO DE TRANSI\u00c7\u00c3O DO GOVERNO MUNICIPAL DEVE SE INICIAR NO DIA 7 - Revista Vitrine Online\" \/>\n<meta property=\"og:description\" content=\"Depois de receber dois pedidos protocolares para transi\u00e7\u00e3o de governo, indispens\u00e1vel para que os futuros governantes tomem p\u00e9 da situa\u00e7\u00e3o\" \/>\n<meta property=\"og:url\" content=\"https:\/\/revistavitrineibiuna.com.br\/?p=24083\" \/>\n<meta property=\"og:site_name\" content=\"Revista Vitrine Online\" \/>\n<meta property=\"article:published_time\" content=\"2020-11-30T23:09:03+00:00\" \/>\n<meta property=\"article:modified_time\" content=\"2020-12-01T01:50:19+00:00\" \/>\n<meta property=\"og:image\" content=\"https:\/\/revistavitrineibiuna.com.br\/wp-content\/uploads\/2020\/11\/fachada-da-prefeitura.jpg\" \/>\n\t<meta property=\"og:image:width\" content=\"640\" \/>\n\t<meta property=\"og:image:height\" content=\"360\" \/>\n<meta name=\"twitter:card\" content=\"summary\" \/>\n<meta name=\"twitter:label1\" content=\"Est. reading time\">\n\t<meta name=\"twitter:data1\" content=\"1 minuto\">\n<script type=\"application\/ld+json\" class=\"yoast-schema-graph\">{\"@context\":\"https:\/\/schema.org\",\"@graph\":[{\"@type\":\"WebSite\",\"@id\":\"http:\/\/revistavitrineibiuna.com.br\/#website\",\"url\":\"http:\/\/revistavitrineibiuna.com.br\/\",\"name\":\"Revista Vitrine Ibi\\u00fana\",\"description\":\"A Revista de Ibi\\u00fana e Regi\\u00e3o\",\"publisher\":{\"@id\":\"http:\/\/revistavitrineibiuna.com.br\/#\/schema\/person\/e51ef49d6d88170ea21ceabff3f73deb\"},\"potentialAction\":[{\"@type\":\"SearchAction\",\"target\":\"http:\/\/revistavitrineibiuna.com.br\/?s={search_term_string}\",\"query-input\":\"required name=search_term_string\"}],\"inLanguage\":\"pt-BR\"},{\"@type\":\"ImageObject\",\"@id\":\"https:\/\/revistavitrineibiuna.com.br\/?p=24083#primaryimage\",\"inLanguage\":\"pt-BR\",\"url\":\"https:\/\/revistavitrineibiuna.com.br\/wp-content\/uploads\/2020\/11\/fachada-da-prefeitura.jpg\",\"width\":640,\"height\":360},{\"@type\":\"WebPage\",\"@id\":\"https:\/\/revistavitrineibiuna.com.br\/?p=24083#webpage\",\"url\":\"https:\/\/revistavitrineibiuna.com.br\/?p=24083\",\"name\":\"IBI\\u00daNA \\u2013 PROCESSO DE TRANSI\\u00c7\\u00c3O DO GOVERNO MUNICIPAL DEVE SE INICIAR NO DIA 7 - Revista Vitrine Online\",\"isPartOf\":{\"@id\":\"http:\/\/revistavitrineibiuna.com.br\/#website\"},\"primaryImageOfPage\":{\"@id\":\"https:\/\/revistavitrineibiuna.com.br\/?p=24083#primaryimage\"},\"datePublished\":\"2020-11-30T23:09:03+00:00\",\"dateModified\":\"2020-12-01T01:50:19+00:00\",\"breadcrumb\":{\"@id\":\"https:\/\/revistavitrineibiuna.com.br\/?p=24083#breadcrumb\"},\"inLanguage\":\"pt-BR\",\"potentialAction\":[{\"@type\":\"ReadAction\",\"target\":[\"https:\/\/revistavitrineibiuna.com.br\/?p=24083\"]}]},{\"@type\":\"BreadcrumbList\",\"@id\":\"https:\/\/revistavitrineibiuna.com.br\/?p=24083#breadcrumb\",\"itemListElement\":[{\"@type\":\"ListItem\",\"position\":1,\"item\":{\"@type\":\"WebPage\",\"@id\":\"http:\/\/revistavitrineibiuna.com.br\/\",\"url\":\"http:\/\/revistavitrineibiuna.com.br\/\",\"name\":\"In\\u00edcio\"}},{\"@type\":\"ListItem\",\"position\":2,\"item\":{\"@type\":\"WebPage\",\"@id\":\"https:\/\/revistavitrineibiuna.com.br\/?p=24083\",\"url\":\"https:\/\/revistavitrineibiuna.com.br\/?p=24083\",\"name\":\"IBI\\u00daNA \\u2013 PROCESSO DE TRANSI\\u00c7\\u00c3O DO GOVERNO MUNICIPAL DEVE SE INICIAR NO DIA 7\"}}]},{\"@type\":\"Article\",\"@id\":\"https:\/\/revistavitrineibiuna.com.br\/?p=24083#article\",\"isPartOf\":{\"@id\":\"https:\/\/revistavitrineibiuna.com.br\/?p=24083#webpage\"},\"author\":{\"@id\":\"http:\/\/revistavitrineibiuna.com.br\/#\/schema\/person\/e51ef49d6d88170ea21ceabff3f73deb\"},\"headline\":\"IBI\\u00daNA \\u2013 PROCESSO DE TRANSI\\u00c7\\u00c3O DO GOVERNO MUNICIPAL DEVE SE INICIAR NO DIA 7\",\"datePublished\":\"2020-11-30T23:09:03+00:00\",\"dateModified\":\"2020-12-01T01:50:19+00:00\",\"mainEntityOfPage\":{\"@id\":\"https:\/\/revistavitrineibiuna.com.br\/?p=24083#webpage\"},\"commentCount\":0,\"publisher\":{\"@id\":\"http:\/\/revistavitrineibiuna.com.br\/#\/schema\/person\/e51ef49d6d88170ea21ceabff3f73deb\"},\"image\":{\"@id\":\"https:\/\/revistavitrineibiuna.com.br\/?p=24083#primaryimage\"},\"articleSection\":\"Not\\u00edcias,TRANSI\\u00c7\\u00c3O\",\"inLanguage\":\"pt-BR\",\"potentialAction\":[{\"@type\":\"CommentAction\",\"name\":\"Comment\",\"target\":[\"https:\/\/revistavitrineibiuna.com.br\/?p=24083#respond\"]}]},{\"@type\":[\"Person\",\"Organization\"],\"@id\":\"http:\/\/revistavitrineibiuna.com.br\/#\/schema\/person\/e51ef49d6d88170ea21ceabff3f73deb\",\"name\":\"Carlos Rossini\",\"image\":{\"@type\":\"ImageObject\",\"@id\":\"http:\/\/revistavitrineibiuna.com.br\/#personlogo\",\"inLanguage\":\"pt-BR\",\"url\":\"https:\/\/secure.gravatar.com\/avatar\/4f2d0f99fac1f85c7d643f21f5c8d900?s=96&d=mm&r=g\",\"caption\":\"Carlos Rossini\"},\"logo\":{\"@id\":\"http:\/\/revistavitrineibiuna.com.br\/#personlogo\"},\"description\":\"Carlos Rossini \\u00e9 jornalista, soci\\u00f3logo, escritor e professor universit\\u00e1rio, tendo sido professor de jornalismo por vinte anos. Trabalhou em ve\\u00edculos de comunica\\u00e7\\u00e3o nas fun\\u00e7\\u00f5es de rep\\u00f3rter, redator, editor, articulista e colaborador, como Folha de S. Paulo, O Estado de S. Paulo, Di\\u00e1rio Popular, entre outros. Ao transferir a revista vitrine, vers\\u00e3o imprensa, de S\\u00e3o Paulo para Ibi\\u00fana h\\u00e1 alguns anos, iniciou uma nova experi\\u00eancia profissional, dedicando-se ao jornalismo regional, depois de cumprir uma trajet\\u00f3ria bem-sucedida na grande imprensa brasileira. Seu primeiro livro A Coragem de Comunicar foi lan\\u00e7ado na Bienal do Livro em S\\u00e3o Paulo no ano 2000, pela editora Madras.\"}]}<\/script>\n<!-- \/ Yoast SEO plugin. -->","_links":{"self":[{"href":"https:\/\/revistavitrineibiuna.com.br\/index.php?rest_route=\/wp\/v2\/posts\/24083"}],"collection":[{"href":"https:\/\/revistavitrineibiuna.com.br\/index.php?rest_route=\/wp\/v2\/posts"}],"about":[{"href":"https:\/\/revistavitrineibiuna.com.br\/index.php?rest_route=\/wp\/v2\/types\/post"}],"author":[{"embeddable":true,"href":"https:\/\/revistavitrineibiuna.com.br\/index.php?rest_route=\/wp\/v2\/users\/1"}],"replies":[{"embeddable":true,"href":"https:\/\/revistavitrineibiuna.com.br\/index.php?rest_route=%2Fwp%2Fv2%2Fcomments&post=24083"}],"version-history":[{"count":5,"href":"https:\/\/revistavitrineibiuna.com.br\/index.php?rest_route=\/wp\/v2\/posts\/24083\/revisions"}],"predecessor-version":[{"id":24090,"href":"https:\/\/revistavitrineibiuna.com.br\/index.php?rest_route=\/wp\/v2\/posts\/24083\/revisions\/24090"}],"wp:featuredmedia":[{"embeddable":true,"href":"https:\/\/revistavitrineibiuna.com.br\/index.php?rest_route=\/wp\/v2\/media\/24084"}],"wp:attachment":[{"href":"https:\/\/revistavitrineibiuna.com.br\/index.php?rest_route=%2Fwp%2Fv2%2Fmedia&parent=24083"}],"wp:term":[{"taxonomy":"category","embeddable":true,"href":"https:\/\/revistavitrineibiuna.com.br\/index.php?rest_route=%2Fwp%2Fv2%2Fcategories&post=24083"},{"taxonomy":"post_tag","embeddable":true,"href":"https:\/\/revistavitrineibiuna.com.br\/index.php?rest_route=%2Fwp%2Fv2%2Ftags&post=24083"}],"curies":[{"name":"wp","href":"https:\/\/api.w.org\/{rel}","templated":true}]}}