{"id":24092,"date":"2020-12-05T16:32:49","date_gmt":"2020-12-05T19:32:49","guid":{"rendered":"http:\/\/revistavitrineibiuna.com.br\/?p=24092"},"modified":"2020-12-05T16:39:49","modified_gmt":"2020-12-05T19:39:49","slug":"moradores-pedem-socorro-lixo-se-acumula-nos-bairros-em-ibiuna","status":"publish","type":"post","link":"https:\/\/revistavitrineibiuna.com.br\/?p=24092","title":{"rendered":"MORADORES PEDEM SOCORRO \u2013 LIXO SE ACUMULA NOS BAIRROS EM IBI\u00daNA"},"content":{"rendered":"<p><strong><a href=\"http:\/\/revistavitrineibiuna.com.br\/wp-content\/uploads\/2020\/12\/lixo-casinhas-1-1.jpg\"><img loading=\"lazy\" class=\"aligncenter size-full wp-image-24096\" src=\"http:\/\/revistavitrineibiuna.com.br\/wp-content\/uploads\/2020\/12\/lixo-casinhas-1-1.jpg\" alt=\"\" width=\"640\" height=\"360\" srcset=\"https:\/\/revistavitrineibiuna.com.br\/wp-content\/uploads\/2020\/12\/lixo-casinhas-1-1.jpg 640w, https:\/\/revistavitrineibiuna.com.br\/wp-content\/uploads\/2020\/12\/lixo-casinhas-1-1-300x169.jpg 300w\" sizes=\"(max-width: 640px) 100vw, 640px\" \/><\/a><\/strong><\/p>\n<p><strong>Moradores no Condom\u00ednio Residencial Ibi\u00fana, onde existem 472 resid\u00eancias constru\u00eddas pelo programa Minha Casa, Minha Vida, na Estrada da Cachoeira, no munic\u00edpio de Ibi\u00fana, enviaram as fotos [tiradas neste s\u00e1bado, 5] exibidas nesta not\u00edcia a vitrine online pedindo \u201csocorro\u201d \u00e0s autoridades municipais para que retomem a coleta do lixo \u201cimediatamente\u201d.<\/strong><\/p>\n<p><strong>Na verdade, o problema da falta de coleta de lixo estaria acontecendo em outros locais \u2013 alguns reclamantes afirmam que a paralisa\u00e7\u00e3o da coleta acontece em todo o munic\u00edpio \u2013 e provocando not\u00f3ria indigna\u00e7\u00e3o por parte dos mun\u00edcipes.<\/strong><\/p>\n<p><strong>\u201cParece que, depois dos resultados das elei\u00e7\u00f5es, a Prefeitura abandonou ainda mais o munic\u00edpio\u201d, declarou um leitor que pediu para n\u00e3o ser identificado, e acrescentou: \u201cA buraqueira aumentou ainda mais e muitas estradas, como a Estrada da Cachoeira, tem trechos intransit\u00e1veis\u201d.<\/strong><\/p>\n<p><strong>Outro mun\u00edcipe, em meio a risos, declarou: \u201cE ainda dizem que o munic\u00edpio \u00e9 uma est\u00e2ncia tur\u00edstica, que turista gosta de ver lixo?\u201d.<\/strong><\/p>\n<p><strong>Uma senhora afirmou que est\u00e1 \u201cabismada\u201d com a situa\u00e7\u00e3o de Ibi\u00fana: \u201cOnde j\u00e1 se viu? Estamos no meio de uma pandemia que exige combate \u00e0s condi\u00e7\u00f5es sanit\u00e1rias e o que vemos \u00e9 s\u00f3 lixo. N\u00e3o acredito no que estou vendo! Deus nos livre dessa situa\u00e7\u00e3o de calamidade!&#8221;<\/strong><\/p>\n<p><a href=\"http:\/\/revistavitrineibiuna.com.br\/wp-content\/uploads\/2020\/12\/CASINHAS-2.jpg\"><img loading=\"lazy\" class=\"aligncenter size-full wp-image-24098\" src=\"http:\/\/revistavitrineibiuna.com.br\/wp-content\/uploads\/2020\/12\/CASINHAS-2.jpg\" alt=\"\" width=\"640\" height=\"360\" srcset=\"https:\/\/revistavitrineibiuna.com.br\/wp-content\/uploads\/2020\/12\/CASINHAS-2.jpg 640w, https:\/\/revistavitrineibiuna.com.br\/wp-content\/uploads\/2020\/12\/CASINHAS-2-300x169.jpg 300w\" sizes=\"(max-width: 640px) 100vw, 640px\" \/><\/a><\/p>\n<p><a href=\"http:\/\/revistavitrineibiuna.com.br\/wp-content\/uploads\/2020\/12\/CASINHAS-3.jpg\"><img loading=\"lazy\" class=\"aligncenter size-full wp-image-24101\" src=\"http:\/\/revistavitrineibiuna.com.br\/wp-content\/uploads\/2020\/12\/CASINHAS-3.jpg\" alt=\"\" width=\"640\" height=\"474\" srcset=\"https:\/\/revistavitrineibiuna.com.br\/wp-content\/uploads\/2020\/12\/CASINHAS-3.jpg 640w, https:\/\/revistavitrineibiuna.com.br\/wp-content\/uploads\/2020\/12\/CASINHAS-3-300x222.jpg 300w, https:\/\/revistavitrineibiuna.com.br\/wp-content\/uploads\/2020\/12\/CASINHAS-3-220x162.jpg 220w\" sizes=\"(max-width: 640px) 100vw, 640px\" \/><\/a><\/p>\n","protected":false},"excerpt":{"rendered":"<p>Moradores no Condom\u00ednio Residencial Ibi\u00fana, onde existem 472 resid\u00eancias constru\u00eddas pelo programa Minha Casa, Minha Vida, na Estrada da Cachoeira,<\/p>\n","protected":false},"author":1,"featured_media":24093,"comment_status":"open","ping_status":"open","sticky":false,"template":"","format":"standard","meta":[],"categories":[550,3],"tags":[],"yoast_head":"<!-- This site is optimized with the Yoast SEO plugin v15.8 - https:\/\/yoast.com\/wordpress\/plugins\/seo\/ -->\n<title>MORADORES PEDEM SOCORRO \u2013 LIXO SE ACUMULA NOS BAIRROS EM IBI\u00daNA - Revista Vitrine Online<\/title>\n<meta name=\"robots\" content=\"index, follow, max-snippet:-1, max-image-preview:large, max-video-preview:-1\" \/>\n<link rel=\"canonical\" href=\"https:\/\/revistavitrineibiuna.com.br\/?p=24092\" \/>\n<meta property=\"og:locale\" content=\"pt_BR\" \/>\n<meta property=\"og:type\" content=\"article\" \/>\n<meta property=\"og:title\" content=\"MORADORES PEDEM SOCORRO \u2013 LIXO SE ACUMULA NOS BAIRROS EM IBI\u00daNA - Revista Vitrine Online\" \/>\n<meta property=\"og:description\" content=\"Moradores no Condom\u00ednio Residencial Ibi\u00fana, onde existem 472 resid\u00eancias constru\u00eddas pelo programa Minha Casa, Minha Vida, na Estrada da Cachoeira,\" \/>\n<meta property=\"og:url\" content=\"https:\/\/revistavitrineibiuna.com.br\/?p=24092\" \/>\n<meta property=\"og:site_name\" content=\"Revista Vitrine Online\" \/>\n<meta property=\"article:published_time\" content=\"2020-12-05T19:32:49+00:00\" \/>\n<meta property=\"article:modified_time\" content=\"2020-12-05T19:39:49+00:00\" \/>\n<meta property=\"og:image\" content=\"https:\/\/revistavitrineibiuna.com.br\/wp-content\/uploads\/2020\/12\/lixo-casinhas-1.jpg\" \/>\n\t<meta property=\"og:image:width\" content=\"640\" \/>\n\t<meta property=\"og:image:height\" content=\"360\" \/>\n<meta name=\"twitter:card\" content=\"summary\" \/>\n<meta name=\"twitter:label1\" content=\"Est. reading time\">\n\t<meta name=\"twitter:data1\" content=\"1 minuto\">\n<script type=\"application\/ld+json\" class=\"yoast-schema-graph\">{\"@context\":\"https:\/\/schema.org\",\"@graph\":[{\"@type\":\"WebSite\",\"@id\":\"http:\/\/revistavitrineibiuna.com.br\/#website\",\"url\":\"http:\/\/revistavitrineibiuna.com.br\/\",\"name\":\"Revista Vitrine Ibi\\u00fana\",\"description\":\"A Revista de Ibi\\u00fana e Regi\\u00e3o\",\"publisher\":{\"@id\":\"http:\/\/revistavitrineibiuna.com.br\/#\/schema\/person\/e51ef49d6d88170ea21ceabff3f73deb\"},\"potentialAction\":[{\"@type\":\"SearchAction\",\"target\":\"http:\/\/revistavitrineibiuna.com.br\/?s={search_term_string}\",\"query-input\":\"required name=search_term_string\"}],\"inLanguage\":\"pt-BR\"},{\"@type\":\"ImageObject\",\"@id\":\"https:\/\/revistavitrineibiuna.com.br\/?p=24092#primaryimage\",\"inLanguage\":\"pt-BR\",\"url\":\"https:\/\/revistavitrineibiuna.com.br\/wp-content\/uploads\/2020\/12\/lixo-casinhas-1.jpg\",\"width\":640,\"height\":360},{\"@type\":\"WebPage\",\"@id\":\"https:\/\/revistavitrineibiuna.com.br\/?p=24092#webpage\",\"url\":\"https:\/\/revistavitrineibiuna.com.br\/?p=24092\",\"name\":\"MORADORES PEDEM SOCORRO \\u2013 LIXO SE ACUMULA NOS BAIRROS EM IBI\\u00daNA - Revista Vitrine Online\",\"isPartOf\":{\"@id\":\"http:\/\/revistavitrineibiuna.com.br\/#website\"},\"primaryImageOfPage\":{\"@id\":\"https:\/\/revistavitrineibiuna.com.br\/?p=24092#primaryimage\"},\"datePublished\":\"2020-12-05T19:32:49+00:00\",\"dateModified\":\"2020-12-05T19:39:49+00:00\",\"breadcrumb\":{\"@id\":\"https:\/\/revistavitrineibiuna.com.br\/?p=24092#breadcrumb\"},\"inLanguage\":\"pt-BR\",\"potentialAction\":[{\"@type\":\"ReadAction\",\"target\":[\"https:\/\/revistavitrineibiuna.com.br\/?p=24092\"]}]},{\"@type\":\"BreadcrumbList\",\"@id\":\"https:\/\/revistavitrineibiuna.com.br\/?p=24092#breadcrumb\",\"itemListElement\":[{\"@type\":\"ListItem\",\"position\":1,\"item\":{\"@type\":\"WebPage\",\"@id\":\"http:\/\/revistavitrineibiuna.com.br\/\",\"url\":\"http:\/\/revistavitrineibiuna.com.br\/\",\"name\":\"In\\u00edcio\"}},{\"@type\":\"ListItem\",\"position\":2,\"item\":{\"@type\":\"WebPage\",\"@id\":\"https:\/\/revistavitrineibiuna.com.br\/?p=24092\",\"url\":\"https:\/\/revistavitrineibiuna.com.br\/?p=24092\",\"name\":\"MORADORES PEDEM SOCORRO \\u2013 LIXO SE ACUMULA NOS BAIRROS EM IBI\\u00daNA\"}}]},{\"@type\":\"Article\",\"@id\":\"https:\/\/revistavitrineibiuna.com.br\/?p=24092#article\",\"isPartOf\":{\"@id\":\"https:\/\/revistavitrineibiuna.com.br\/?p=24092#webpage\"},\"author\":{\"@id\":\"http:\/\/revistavitrineibiuna.com.br\/#\/schema\/person\/e51ef49d6d88170ea21ceabff3f73deb\"},\"headline\":\"MORADORES PEDEM SOCORRO \\u2013 LIXO SE ACUMULA NOS BAIRROS EM IBI\\u00daNA\",\"datePublished\":\"2020-12-05T19:32:49+00:00\",\"dateModified\":\"2020-12-05T19:39:49+00:00\",\"mainEntityOfPage\":{\"@id\":\"https:\/\/revistavitrineibiuna.com.br\/?p=24092#webpage\"},\"commentCount\":0,\"publisher\":{\"@id\":\"http:\/\/revistavitrineibiuna.com.br\/#\/schema\/person\/e51ef49d6d88170ea21ceabff3f73deb\"},\"image\":{\"@id\":\"https:\/\/revistavitrineibiuna.com.br\/?p=24092#primaryimage\"},\"articleSection\":\"LIXO E MAIS LIXO,Not\\u00edcias\",\"inLanguage\":\"pt-BR\",\"potentialAction\":[{\"@type\":\"CommentAction\",\"name\":\"Comment\",\"target\":[\"https:\/\/revistavitrineibiuna.com.br\/?p=24092#respond\"]}]},{\"@type\":[\"Person\",\"Organization\"],\"@id\":\"http:\/\/revistavitrineibiuna.com.br\/#\/schema\/person\/e51ef49d6d88170ea21ceabff3f73deb\",\"name\":\"Carlos Rossini\",\"image\":{\"@type\":\"ImageObject\",\"@id\":\"http:\/\/revistavitrineibiuna.com.br\/#personlogo\",\"inLanguage\":\"pt-BR\",\"url\":\"https:\/\/secure.gravatar.com\/avatar\/4f2d0f99fac1f85c7d643f21f5c8d900?s=96&d=mm&r=g\",\"caption\":\"Carlos Rossini\"},\"logo\":{\"@id\":\"http:\/\/revistavitrineibiuna.com.br\/#personlogo\"},\"description\":\"Carlos Rossini \\u00e9 jornalista, soci\\u00f3logo, escritor e professor universit\\u00e1rio, tendo sido professor de jornalismo por vinte anos. Trabalhou em ve\\u00edculos de comunica\\u00e7\\u00e3o nas fun\\u00e7\\u00f5es de rep\\u00f3rter, redator, editor, articulista e colaborador, como Folha de S. Paulo, O Estado de S. Paulo, Di\\u00e1rio Popular, entre outros. Ao transferir a revista vitrine, vers\\u00e3o imprensa, de S\\u00e3o Paulo para Ibi\\u00fana h\\u00e1 alguns anos, iniciou uma nova experi\\u00eancia profissional, dedicando-se ao jornalismo regional, depois de cumprir uma trajet\\u00f3ria bem-sucedida na grande imprensa brasileira. Seu primeiro livro A Coragem de Comunicar foi lan\\u00e7ado na Bienal do Livro em S\\u00e3o Paulo no ano 2000, pela editora Madras.\"}]}<\/script>\n<!-- \/ Yoast SEO plugin. -->","_links":{"self":[{"href":"https:\/\/revistavitrineibiuna.com.br\/index.php?rest_route=\/wp\/v2\/posts\/24092"}],"collection":[{"href":"https:\/\/revistavitrineibiuna.com.br\/index.php?rest_route=\/wp\/v2\/posts"}],"about":[{"href":"https:\/\/revistavitrineibiuna.com.br\/index.php?rest_route=\/wp\/v2\/types\/post"}],"author":[{"embeddable":true,"href":"https:\/\/revistavitrineibiuna.com.br\/index.php?rest_route=\/wp\/v2\/users\/1"}],"replies":[{"embeddable":true,"href":"https:\/\/revistavitrineibiuna.com.br\/index.php?rest_route=%2Fwp%2Fv2%2Fcomments&post=24092"}],"version-history":[{"count":5,"href":"https:\/\/revistavitrineibiuna.com.br\/index.php?rest_route=\/wp\/v2\/posts\/24092\/revisions"}],"predecessor-version":[{"id":24102,"href":"https:\/\/revistavitrineibiuna.com.br\/index.php?rest_route=\/wp\/v2\/posts\/24092\/revisions\/24102"}],"wp:featuredmedia":[{"embeddable":true,"href":"https:\/\/revistavitrineibiuna.com.br\/index.php?rest_route=\/wp\/v2\/media\/24093"}],"wp:attachment":[{"href":"https:\/\/revistavitrineibiuna.com.br\/index.php?rest_route=%2Fwp%2Fv2%2Fmedia&parent=24092"}],"wp:term":[{"taxonomy":"category","embeddable":true,"href":"https:\/\/revistavitrineibiuna.com.br\/index.php?rest_route=%2Fwp%2Fv2%2Fcategories&post=24092"},{"taxonomy":"post_tag","embeddable":true,"href":"https:\/\/revistavitrineibiuna.com.br\/index.php?rest_route=%2Fwp%2Fv2%2Ftags&post=24092"}],"curies":[{"name":"wp","href":"https:\/\/api.w.org\/{rel}","templated":true}]}}