{"id":24111,"date":"2020-12-09T20:51:58","date_gmt":"2020-12-09T23:51:58","guid":{"rendered":"http:\/\/revistavitrineibiuna.com.br\/?p=24111"},"modified":"2020-12-14T13:21:11","modified_gmt":"2020-12-14T16:21:11","slug":"natal-solidario-policia-militar-em-ibiuna-entregara-700-brinquedos-a-criancas-carentes","status":"publish","type":"post","link":"https:\/\/revistavitrineibiuna.com.br\/?p=24111","title":{"rendered":"NATAL SOLID\u00c1RIO \u2013 POL\u00cdCIA MILITAR EM IBI\u00daNA ENTREGAR\u00c1 700 BRINQUEDOS A CRIAN\u00c7AS CARENTES"},"content":{"rendered":"<p><strong><a href=\"http:\/\/revistavitrineibiuna.com.br\/?attachment_id=24114\" rel=\"attachment wp-att-24114\"><img loading=\"lazy\" class=\"aligncenter size-full wp-image-24114\" src=\"http:\/\/revistavitrineibiuna.com.br\/wp-content\/uploads\/2020\/12\/natal-solid\u00e1rio-1.jpg\" alt=\"\" width=\"640\" height=\"360\" srcset=\"https:\/\/revistavitrineibiuna.com.br\/wp-content\/uploads\/2020\/12\/natal-solid\u00e1rio-1.jpg 640w, https:\/\/revistavitrineibiuna.com.br\/wp-content\/uploads\/2020\/12\/natal-solid\u00e1rio-1-300x169.jpg 300w\" sizes=\"(max-width: 640px) 100vw, 640px\" \/><\/a><\/strong><\/p>\n<p><strong>A Pol\u00edcia Militar em Ibi\u00fana est\u00e1 embalando cerca de 700 brinquedos que ser\u00e3o entregues a crian\u00e7as carentes nos bairros do munic\u00edpio no dia 22 pr\u00f3ximo, numa festa que ter\u00e1 Papai Noel (um policial militar vestido com seus trajes t\u00edpicos) que visitar\u00e1 cada localidade em uma Base M\u00f3vel.<\/strong><\/p>\n<p><strong>\u201c\u00c9 um modo de levar alegria, dignidade e felicidade \u00e0s crian\u00e7as que s\u00e3o o futuro do Brasil\u201d, afirmou a capit\u00e3o Bruna, comandante da 2\u00aa Cia. do 40\u00ba Batalh\u00e3o da Pol\u00edcia Militar do Estado de S\u00e3o Paulo, enquanto, juntamente com o cabo Peixoto, embalava dezenas de brinquedos em uma das salas da corpora\u00e7\u00e3o.<\/strong><\/p>\n<p><strong>Os presentes foram doados por empres\u00e1rios e entidades localizadas no munic\u00edpio. Policiais fardados acompanhar\u00e3o a Unidade M\u00f3vel e far\u00e3o parte do movimento de carinho com a popula\u00e7\u00e3o infantil de Ibi\u00fana e seus familiares.<\/strong><\/p>\n<p><strong>SEGURAN\u00c7A<\/strong><\/p>\n<p><strong>Por outro lado, conforme informou a capit\u00e3o Bruno, a Pol\u00edcia Militar nesse per\u00edodo de festas de fim de ano realizar\u00e1 a \u201cOpera\u00e7\u00e3o Papai Noel\u201d com o objetivo de garantir a seguran\u00e7a da popula\u00e7\u00e3o, sobretudo nos setores comercial e banc\u00e1rio, nesta \u00e9poca em que h\u00e1 maior movimenta\u00e7\u00e3o das pessoas nos logradouros p\u00fablicos.<\/strong><\/p>\n<p><strong>Caso algum cidad\u00e3o se sinta inseguro por alguma situa\u00e7\u00e3o de risco, se n\u00e3o houver uma viatura ou policiais em motocicletas nas proximidades, deve ligar para 190 e pedir ajuda, sendo que \u201cimediatamente uma viatura ser\u00e1 acionada para ir ao local\u201d. Capit\u00e3o Bruna lembra que \u201cn\u00e3o \u00e9 preciso ter cr\u00e9dito no celular para esse tipo de liga\u00e7\u00e3o; basta ligar que ter\u00e1 acesso \u00e0 Pol\u00edcia Militar\u201d.<\/strong><\/p>\n\n\n<p><\/p>\n","protected":false},"excerpt":{"rendered":"<p>A Pol\u00edcia Militar em Ibi\u00fana est\u00e1 embalando cerca de 700 brinquedos que ser\u00e3o entregues a crian\u00e7as carentes nos bairros do<\/p>\n","protected":false},"author":1,"featured_media":24112,"comment_status":"open","ping_status":"open","sticky":false,"template":"","format":"standard","meta":[],"categories":[551,3],"tags":[],"yoast_head":"<!-- This site is optimized with the Yoast SEO plugin v15.8 - https:\/\/yoast.com\/wordpress\/plugins\/seo\/ -->\n<title>NATAL SOLID\u00c1RIO \u2013 POL\u00cdCIA MILITAR EM IBI\u00daNA ENTREGAR\u00c1 700 BRINQUEDOS A CRIAN\u00c7AS CARENTES - Revista Vitrine Online<\/title>\n<meta name=\"robots\" content=\"index, follow, max-snippet:-1, max-image-preview:large, max-video-preview:-1\" \/>\n<link rel=\"canonical\" href=\"https:\/\/revistavitrineibiuna.com.br\/?p=24111\" \/>\n<meta property=\"og:locale\" content=\"pt_BR\" \/>\n<meta property=\"og:type\" content=\"article\" \/>\n<meta property=\"og:title\" content=\"NATAL SOLID\u00c1RIO \u2013 POL\u00cdCIA MILITAR EM IBI\u00daNA ENTREGAR\u00c1 700 BRINQUEDOS A CRIAN\u00c7AS CARENTES - Revista Vitrine Online\" \/>\n<meta property=\"og:description\" content=\"A Pol\u00edcia Militar em Ibi\u00fana est\u00e1 embalando cerca de 700 brinquedos que ser\u00e3o entregues a crian\u00e7as carentes nos bairros do\" \/>\n<meta property=\"og:url\" content=\"https:\/\/revistavitrineibiuna.com.br\/?p=24111\" \/>\n<meta property=\"og:site_name\" content=\"Revista Vitrine Online\" \/>\n<meta property=\"article:published_time\" content=\"2020-12-09T23:51:58+00:00\" \/>\n<meta property=\"article:modified_time\" content=\"2020-12-14T16:21:11+00:00\" \/>\n<meta property=\"og:image\" content=\"https:\/\/revistavitrineibiuna.com.br\/wp-content\/uploads\/2020\/12\/natal-solid\u00e1rio.jpg\" \/>\n\t<meta property=\"og:image:width\" content=\"640\" \/>\n\t<meta property=\"og:image:height\" content=\"360\" \/>\n<meta name=\"twitter:card\" content=\"summary\" \/>\n<meta name=\"twitter:label1\" content=\"Est. reading time\">\n\t<meta name=\"twitter:data1\" content=\"1 minuto\">\n<script type=\"application\/ld+json\" class=\"yoast-schema-graph\">{\"@context\":\"https:\/\/schema.org\",\"@graph\":[{\"@type\":\"WebSite\",\"@id\":\"http:\/\/revistavitrineibiuna.com.br\/#website\",\"url\":\"http:\/\/revistavitrineibiuna.com.br\/\",\"name\":\"Revista Vitrine Ibi\\u00fana\",\"description\":\"A Revista de Ibi\\u00fana e Regi\\u00e3o\",\"publisher\":{\"@id\":\"http:\/\/revistavitrineibiuna.com.br\/#\/schema\/person\/e51ef49d6d88170ea21ceabff3f73deb\"},\"potentialAction\":[{\"@type\":\"SearchAction\",\"target\":\"http:\/\/revistavitrineibiuna.com.br\/?s={search_term_string}\",\"query-input\":\"required name=search_term_string\"}],\"inLanguage\":\"pt-BR\"},{\"@type\":\"ImageObject\",\"@id\":\"https:\/\/revistavitrineibiuna.com.br\/?p=24111#primaryimage\",\"inLanguage\":\"pt-BR\",\"url\":\"https:\/\/revistavitrineibiuna.com.br\/wp-content\/uploads\/2020\/12\/natal-solid\\u00e1rio.jpg\",\"width\":640,\"height\":360},{\"@type\":\"WebPage\",\"@id\":\"https:\/\/revistavitrineibiuna.com.br\/?p=24111#webpage\",\"url\":\"https:\/\/revistavitrineibiuna.com.br\/?p=24111\",\"name\":\"NATAL SOLID\\u00c1RIO \\u2013 POL\\u00cdCIA MILITAR EM IBI\\u00daNA ENTREGAR\\u00c1 700 BRINQUEDOS A CRIAN\\u00c7AS CARENTES - Revista Vitrine Online\",\"isPartOf\":{\"@id\":\"http:\/\/revistavitrineibiuna.com.br\/#website\"},\"primaryImageOfPage\":{\"@id\":\"https:\/\/revistavitrineibiuna.com.br\/?p=24111#primaryimage\"},\"datePublished\":\"2020-12-09T23:51:58+00:00\",\"dateModified\":\"2020-12-14T16:21:11+00:00\",\"breadcrumb\":{\"@id\":\"https:\/\/revistavitrineibiuna.com.br\/?p=24111#breadcrumb\"},\"inLanguage\":\"pt-BR\",\"potentialAction\":[{\"@type\":\"ReadAction\",\"target\":[\"https:\/\/revistavitrineibiuna.com.br\/?p=24111\"]}]},{\"@type\":\"BreadcrumbList\",\"@id\":\"https:\/\/revistavitrineibiuna.com.br\/?p=24111#breadcrumb\",\"itemListElement\":[{\"@type\":\"ListItem\",\"position\":1,\"item\":{\"@type\":\"WebPage\",\"@id\":\"http:\/\/revistavitrineibiuna.com.br\/\",\"url\":\"http:\/\/revistavitrineibiuna.com.br\/\",\"name\":\"In\\u00edcio\"}},{\"@type\":\"ListItem\",\"position\":2,\"item\":{\"@type\":\"WebPage\",\"@id\":\"https:\/\/revistavitrineibiuna.com.br\/?p=24111\",\"url\":\"https:\/\/revistavitrineibiuna.com.br\/?p=24111\",\"name\":\"NATAL SOLID\\u00c1RIO \\u2013 POL\\u00cdCIA MILITAR EM IBI\\u00daNA ENTREGAR\\u00c1 700 BRINQUEDOS A CRIAN\\u00c7AS CARENTES\"}}]},{\"@type\":\"Article\",\"@id\":\"https:\/\/revistavitrineibiuna.com.br\/?p=24111#article\",\"isPartOf\":{\"@id\":\"https:\/\/revistavitrineibiuna.com.br\/?p=24111#webpage\"},\"author\":{\"@id\":\"http:\/\/revistavitrineibiuna.com.br\/#\/schema\/person\/e51ef49d6d88170ea21ceabff3f73deb\"},\"headline\":\"NATAL SOLID\\u00c1RIO \\u2013 POL\\u00cdCIA MILITAR EM IBI\\u00daNA ENTREGAR\\u00c1 700 BRINQUEDOS A CRIAN\\u00c7AS CARENTES\",\"datePublished\":\"2020-12-09T23:51:58+00:00\",\"dateModified\":\"2020-12-14T16:21:11+00:00\",\"mainEntityOfPage\":{\"@id\":\"https:\/\/revistavitrineibiuna.com.br\/?p=24111#webpage\"},\"commentCount\":0,\"publisher\":{\"@id\":\"http:\/\/revistavitrineibiuna.com.br\/#\/schema\/person\/e51ef49d6d88170ea21ceabff3f73deb\"},\"image\":{\"@id\":\"https:\/\/revistavitrineibiuna.com.br\/?p=24111#primaryimage\"},\"articleSection\":\"NATAL SOLID\\u00c1RIO,Not\\u00edcias\",\"inLanguage\":\"pt-BR\",\"potentialAction\":[{\"@type\":\"CommentAction\",\"name\":\"Comment\",\"target\":[\"https:\/\/revistavitrineibiuna.com.br\/?p=24111#respond\"]}]},{\"@type\":[\"Person\",\"Organization\"],\"@id\":\"http:\/\/revistavitrineibiuna.com.br\/#\/schema\/person\/e51ef49d6d88170ea21ceabff3f73deb\",\"name\":\"Carlos Rossini\",\"image\":{\"@type\":\"ImageObject\",\"@id\":\"http:\/\/revistavitrineibiuna.com.br\/#personlogo\",\"inLanguage\":\"pt-BR\",\"url\":\"https:\/\/secure.gravatar.com\/avatar\/4f2d0f99fac1f85c7d643f21f5c8d900?s=96&d=mm&r=g\",\"caption\":\"Carlos Rossini\"},\"logo\":{\"@id\":\"http:\/\/revistavitrineibiuna.com.br\/#personlogo\"},\"description\":\"Carlos Rossini \\u00e9 jornalista, soci\\u00f3logo, escritor e professor universit\\u00e1rio, tendo sido professor de jornalismo por vinte anos. Trabalhou em ve\\u00edculos de comunica\\u00e7\\u00e3o nas fun\\u00e7\\u00f5es de rep\\u00f3rter, redator, editor, articulista e colaborador, como Folha de S. Paulo, O Estado de S. Paulo, Di\\u00e1rio Popular, entre outros. Ao transferir a revista vitrine, vers\\u00e3o imprensa, de S\\u00e3o Paulo para Ibi\\u00fana h\\u00e1 alguns anos, iniciou uma nova experi\\u00eancia profissional, dedicando-se ao jornalismo regional, depois de cumprir uma trajet\\u00f3ria bem-sucedida na grande imprensa brasileira. Seu primeiro livro A Coragem de Comunicar foi lan\\u00e7ado na Bienal do Livro em S\\u00e3o Paulo no ano 2000, pela editora Madras.\"}]}<\/script>\n<!-- \/ Yoast SEO plugin. -->","_links":{"self":[{"href":"https:\/\/revistavitrineibiuna.com.br\/index.php?rest_route=\/wp\/v2\/posts\/24111"}],"collection":[{"href":"https:\/\/revistavitrineibiuna.com.br\/index.php?rest_route=\/wp\/v2\/posts"}],"about":[{"href":"https:\/\/revistavitrineibiuna.com.br\/index.php?rest_route=\/wp\/v2\/types\/post"}],"author":[{"embeddable":true,"href":"https:\/\/revistavitrineibiuna.com.br\/index.php?rest_route=\/wp\/v2\/users\/1"}],"replies":[{"embeddable":true,"href":"https:\/\/revistavitrineibiuna.com.br\/index.php?rest_route=%2Fwp%2Fv2%2Fcomments&post=24111"}],"version-history":[{"count":6,"href":"https:\/\/revistavitrineibiuna.com.br\/index.php?rest_route=\/wp\/v2\/posts\/24111\/revisions"}],"predecessor-version":[{"id":24121,"href":"https:\/\/revistavitrineibiuna.com.br\/index.php?rest_route=\/wp\/v2\/posts\/24111\/revisions\/24121"}],"wp:featuredmedia":[{"embeddable":true,"href":"https:\/\/revistavitrineibiuna.com.br\/index.php?rest_route=\/wp\/v2\/media\/24112"}],"wp:attachment":[{"href":"https:\/\/revistavitrineibiuna.com.br\/index.php?rest_route=%2Fwp%2Fv2%2Fmedia&parent=24111"}],"wp:term":[{"taxonomy":"category","embeddable":true,"href":"https:\/\/revistavitrineibiuna.com.br\/index.php?rest_route=%2Fwp%2Fv2%2Fcategories&post=24111"},{"taxonomy":"post_tag","embeddable":true,"href":"https:\/\/revistavitrineibiuna.com.br\/index.php?rest_route=%2Fwp%2Fv2%2Ftags&post=24111"}],"curies":[{"name":"wp","href":"https:\/\/api.w.org\/{rel}","templated":true}]}}