{"id":24232,"date":"2021-02-17T16:39:57","date_gmt":"2021-02-17T19:39:57","guid":{"rendered":"http:\/\/revistavitrineibiuna.com.br\/?p=24232"},"modified":"2021-02-17T18:04:31","modified_gmt":"2021-02-17T21:04:31","slug":"24232","status":"publish","type":"post","link":"https:\/\/revistavitrineibiuna.com.br\/?p=24232","title":{"rendered":""},"content":{"rendered":"\n<p><strong>VIVER NO BRASIL DA ATUALIDADE PARECE UM PESADELO<\/strong><\/p>\n\n\n\n<p>As graves ofensas e amea\u00e7as perpetradas pelo deputado federal Daniel Silveira (PSL-RJ) aos integrantes do Superior Tribunal Federal s\u00e3o n\u00e3o apenas ultrajantes, mas emblem\u00e1ticas do pesadelo institucional vividos nos dias atuais no Brasil.<\/p>\n\n\n\n<p>O parlamentar carioca foi preso por determina\u00e7\u00e3o do pr\u00f3prio TSF e a C\u00e2mara Federal dever\u00e1 decidir se deve continuar preso ou solto, enquanto partidos pol\u00edticos j\u00e1 iniciam processos para a cassa\u00e7\u00e3o do furibundo e violento que responde a diversos processos judiciais. A Procuradoria Geral da Rep\u00fablica j\u00e1 abriu processo contra o procedimento do deputado.<\/p>\n\n\n\n<p>Hoje (17) a agressiva atitude de Silveira provocou intensa repercuss\u00e3o em toda a m\u00eddia e nos meios pol\u00edticos brasileiros. Na hora de sua pris\u00e3o, de um modo truculento que parece fazer parte de sua biografia at\u00e9 mesmo como ex-policial militar, ele se recusou entrar na Pol\u00edcia Federal com o uso de m\u00e1scara facial que, acabou colocando em seu rosto, depois de vociferar contra essa exig\u00eancia.<\/p>\n\n\n\n<p>Esse epis\u00f3dio de desrespeito \u00e0 institui\u00e7\u00e3o que, de sua parte deveria ser exemplo de conduta jur\u00eddica para o pa\u00eds, ocorre num momento em que o Brasil passa dos 240 mil \u00f3bitos por coronav\u00edrus, com falta de vacinas para proteger a popula\u00e7\u00e3o, efeito de uma pol\u00edtica p\u00edfia do governo federal que negou a gravidade do v\u00edrus, apostou em um tratamento precoce ineficaz, e subestimou ou desprezou as provid\u00eancias respons\u00e1veis e orientadas pela ci\u00eancia para combater essa grav\u00edssima enfermidade viral.<\/p>\n\n\n\n<p>O presidente da Rep\u00fablica continua dando os seus shows como se fosse um atleta inacess\u00edvel ao v\u00edrus, assim como seu ministro da Sa\u00fade demonstrou uma incompet\u00eancia log\u00edstica reiteradamente, tamb\u00e9m no que diz respeito \u00e0s mortes em Manaus por falta de oxig\u00eanio e o engodo ineficaz da cloroquina. Hoje \u00e9 cabal, como atesta a Organiza\u00e7\u00e3o Mundial de Sa\u00fade, que a postura do presidente e do seu ac\u00f3lito n\u00e3o tem o menor fundamento cient\u00edfico.<\/p>\n\n\n\n<p>Enquanto isso, milh\u00f5es de brasileiros aguardam receber um dinheiro para n\u00e3o morrer de fome, o n\u00famero de desempregados passa dos 14 milh\u00f5es, al\u00e9m do aumento de todos os produtos como se pode observar nos supermercados, nos postos de combust\u00edveis e de venda de g\u00e1s de cozinha.<\/p>\n\n\n\n<p>Os brasileiros vivem um pesadelo in\u00e9dito nas m\u00e3os de um presidente liliputiano, de um congresso comprometido com os seus interesses pessoais e conchavado com o poder Executivo.<\/p>\n\n\n\n<p>O pre\u00e7o que os brasileiros est\u00e3o pagando por terem eleito um presidente para l\u00e1 de inconsequente dever\u00e1 ser ter seu registro hist\u00f3rico muito al\u00e9m do fanatismo e do fundamentalismo em torno de uma figura que evoca Deus com prop\u00f3sitos pol\u00edticos, como os bispos que arrecadam milh\u00f5es dos fieis e vivem nababescamente e ainda riem dos seus incautos seguidores. (C.R.)<\/p>\n\n\n\n<p class=\"has-vivid-cyan-blue-background-color has-background\"><strong>Atualiza\u00e7\u00e3o<\/strong>: Quando Daniel Silveira era policial militar, entre 2013 e 2017, ent\u00e3o soldado da PM sofreu 60 san\u00e7\u00f5es disciplinares, 14 repreens\u00f5es e 2 advert\u00eancias por transgress\u00f5es diversas. E, mesmo assim, foi eleito deputado federal pelo ent\u00e3o partido do presidente Jair Bolsonaro, o PSL. <\/p>\n","protected":false},"excerpt":{"rendered":"<p>VIVER NO BRASIL DA ATUALIDADE PARECE UM PESADELO As graves ofensas e amea\u00e7as perpetradas pelo deputado federal Daniel Silveira (PSL-RJ)<\/p>\n","protected":false},"author":1,"featured_media":24233,"comment_status":"open","ping_status":"open","sticky":false,"template":"","format":"standard","meta":[],"categories":[3],"tags":[],"yoast_head":"<!-- This site is optimized with the Yoast SEO plugin v15.8 - https:\/\/yoast.com\/wordpress\/plugins\/seo\/ -->\n<title>- Revista Vitrine Online<\/title>\n<meta name=\"robots\" content=\"index, follow, max-snippet:-1, max-image-preview:large, max-video-preview:-1\" \/>\n<link rel=\"canonical\" href=\"https:\/\/revistavitrineibiuna.com.br\/?p=24232\" \/>\n<meta property=\"og:locale\" content=\"pt_BR\" \/>\n<meta property=\"og:type\" content=\"article\" \/>\n<meta property=\"og:title\" content=\"- Revista Vitrine Online\" \/>\n<meta property=\"og:description\" content=\"VIVER NO BRASIL DA ATUALIDADE PARECE UM PESADELO As graves ofensas e amea\u00e7as perpetradas pelo deputado federal Daniel Silveira (PSL-RJ)\" \/>\n<meta property=\"og:url\" content=\"https:\/\/revistavitrineibiuna.com.br\/?p=24232\" \/>\n<meta property=\"og:site_name\" content=\"Revista Vitrine Online\" \/>\n<meta property=\"article:published_time\" content=\"2021-02-17T19:39:57+00:00\" \/>\n<meta property=\"article:modified_time\" content=\"2021-02-17T21:04:31+00:00\" \/>\n<meta property=\"og:image\" content=\"https:\/\/revistavitrineibiuna.com.br\/wp-content\/uploads\/2021\/02\/Brasilia-novo.jpg\" \/>\n\t<meta property=\"og:image:width\" content=\"639\" \/>\n\t<meta property=\"og:image:height\" content=\"323\" \/>\n<meta name=\"twitter:card\" content=\"summary\" \/>\n<meta name=\"twitter:label1\" content=\"Est. reading time\">\n\t<meta name=\"twitter:data1\" content=\"3 minutos\">\n<script type=\"application\/ld+json\" class=\"yoast-schema-graph\">{\"@context\":\"https:\/\/schema.org\",\"@graph\":[{\"@type\":\"WebSite\",\"@id\":\"http:\/\/revistavitrineibiuna.com.br\/#website\",\"url\":\"http:\/\/revistavitrineibiuna.com.br\/\",\"name\":\"Revista Vitrine Ibi\\u00fana\",\"description\":\"A Revista de Ibi\\u00fana e Regi\\u00e3o\",\"publisher\":{\"@id\":\"http:\/\/revistavitrineibiuna.com.br\/#\/schema\/person\/e51ef49d6d88170ea21ceabff3f73deb\"},\"potentialAction\":[{\"@type\":\"SearchAction\",\"target\":\"http:\/\/revistavitrineibiuna.com.br\/?s={search_term_string}\",\"query-input\":\"required name=search_term_string\"}],\"inLanguage\":\"pt-BR\"},{\"@type\":\"ImageObject\",\"@id\":\"https:\/\/revistavitrineibiuna.com.br\/?p=24232#primaryimage\",\"inLanguage\":\"pt-BR\",\"url\":\"https:\/\/revistavitrineibiuna.com.br\/wp-content\/uploads\/2021\/02\/Brasilia-novo.jpg\",\"width\":639,\"height\":323,\"caption\":\"????????????????????????????????????????????????\"},{\"@type\":\"WebPage\",\"@id\":\"https:\/\/revistavitrineibiuna.com.br\/?p=24232#webpage\",\"url\":\"https:\/\/revistavitrineibiuna.com.br\/?p=24232\",\"name\":\"- Revista Vitrine Online\",\"isPartOf\":{\"@id\":\"http:\/\/revistavitrineibiuna.com.br\/#website\"},\"primaryImageOfPage\":{\"@id\":\"https:\/\/revistavitrineibiuna.com.br\/?p=24232#primaryimage\"},\"datePublished\":\"2021-02-17T19:39:57+00:00\",\"dateModified\":\"2021-02-17T21:04:31+00:00\",\"breadcrumb\":{\"@id\":\"https:\/\/revistavitrineibiuna.com.br\/?p=24232#breadcrumb\"},\"inLanguage\":\"pt-BR\",\"potentialAction\":[{\"@type\":\"ReadAction\",\"target\":[\"https:\/\/revistavitrineibiuna.com.br\/?p=24232\"]}]},{\"@type\":\"BreadcrumbList\",\"@id\":\"https:\/\/revistavitrineibiuna.com.br\/?p=24232#breadcrumb\",\"itemListElement\":[{\"@type\":\"ListItem\",\"position\":1,\"item\":{\"@type\":\"WebPage\",\"@id\":\"http:\/\/revistavitrineibiuna.com.br\/\",\"url\":\"http:\/\/revistavitrineibiuna.com.br\/\",\"name\":\"In\\u00edcio\"}},{\"@type\":\"ListItem\",\"position\":2,\"item\":{\"@type\":\"WebPage\",\"@id\":\"https:\/\/revistavitrineibiuna.com.br\/?p=24232\",\"url\":\"https:\/\/revistavitrineibiuna.com.br\/?p=24232\",\"name\":\"- Revista Vitrine Online\"}}]},{\"@type\":\"Article\",\"@id\":\"https:\/\/revistavitrineibiuna.com.br\/?p=24232#article\",\"isPartOf\":{\"@id\":\"https:\/\/revistavitrineibiuna.com.br\/?p=24232#webpage\"},\"author\":{\"@id\":\"http:\/\/revistavitrineibiuna.com.br\/#\/schema\/person\/e51ef49d6d88170ea21ceabff3f73deb\"},\"headline\":\"Sem t\\u00edtulo\",\"datePublished\":\"2021-02-17T19:39:57+00:00\",\"dateModified\":\"2021-02-17T21:04:31+00:00\",\"mainEntityOfPage\":{\"@id\":\"https:\/\/revistavitrineibiuna.com.br\/?p=24232#webpage\"},\"commentCount\":0,\"publisher\":{\"@id\":\"http:\/\/revistavitrineibiuna.com.br\/#\/schema\/person\/e51ef49d6d88170ea21ceabff3f73deb\"},\"image\":{\"@id\":\"https:\/\/revistavitrineibiuna.com.br\/?p=24232#primaryimage\"},\"articleSection\":\"Not\\u00edcias\",\"inLanguage\":\"pt-BR\",\"potentialAction\":[{\"@type\":\"CommentAction\",\"name\":\"Comment\",\"target\":[\"https:\/\/revistavitrineibiuna.com.br\/?p=24232#respond\"]}]},{\"@type\":[\"Person\",\"Organization\"],\"@id\":\"http:\/\/revistavitrineibiuna.com.br\/#\/schema\/person\/e51ef49d6d88170ea21ceabff3f73deb\",\"name\":\"Carlos Rossini\",\"image\":{\"@type\":\"ImageObject\",\"@id\":\"http:\/\/revistavitrineibiuna.com.br\/#personlogo\",\"inLanguage\":\"pt-BR\",\"url\":\"https:\/\/secure.gravatar.com\/avatar\/4f2d0f99fac1f85c7d643f21f5c8d900?s=96&d=mm&r=g\",\"caption\":\"Carlos Rossini\"},\"logo\":{\"@id\":\"http:\/\/revistavitrineibiuna.com.br\/#personlogo\"},\"description\":\"Carlos Rossini \\u00e9 jornalista, soci\\u00f3logo, escritor e professor universit\\u00e1rio, tendo sido professor de jornalismo por vinte anos. Trabalhou em ve\\u00edculos de comunica\\u00e7\\u00e3o nas fun\\u00e7\\u00f5es de rep\\u00f3rter, redator, editor, articulista e colaborador, como Folha de S. Paulo, O Estado de S. Paulo, Di\\u00e1rio Popular, entre outros. Ao transferir a revista vitrine, vers\\u00e3o imprensa, de S\\u00e3o Paulo para Ibi\\u00fana h\\u00e1 alguns anos, iniciou uma nova experi\\u00eancia profissional, dedicando-se ao jornalismo regional, depois de cumprir uma trajet\\u00f3ria bem-sucedida na grande imprensa brasileira. Seu primeiro livro A Coragem de Comunicar foi lan\\u00e7ado na Bienal do Livro em S\\u00e3o Paulo no ano 2000, pela editora Madras.\"}]}<\/script>\n<!-- \/ Yoast SEO plugin. -->","_links":{"self":[{"href":"https:\/\/revistavitrineibiuna.com.br\/index.php?rest_route=\/wp\/v2\/posts\/24232"}],"collection":[{"href":"https:\/\/revistavitrineibiuna.com.br\/index.php?rest_route=\/wp\/v2\/posts"}],"about":[{"href":"https:\/\/revistavitrineibiuna.com.br\/index.php?rest_route=\/wp\/v2\/types\/post"}],"author":[{"embeddable":true,"href":"https:\/\/revistavitrineibiuna.com.br\/index.php?rest_route=\/wp\/v2\/users\/1"}],"replies":[{"embeddable":true,"href":"https:\/\/revistavitrineibiuna.com.br\/index.php?rest_route=%2Fwp%2Fv2%2Fcomments&post=24232"}],"version-history":[{"count":4,"href":"https:\/\/revistavitrineibiuna.com.br\/index.php?rest_route=\/wp\/v2\/posts\/24232\/revisions"}],"predecessor-version":[{"id":24239,"href":"https:\/\/revistavitrineibiuna.com.br\/index.php?rest_route=\/wp\/v2\/posts\/24232\/revisions\/24239"}],"wp:featuredmedia":[{"embeddable":true,"href":"https:\/\/revistavitrineibiuna.com.br\/index.php?rest_route=\/wp\/v2\/media\/24233"}],"wp:attachment":[{"href":"https:\/\/revistavitrineibiuna.com.br\/index.php?rest_route=%2Fwp%2Fv2%2Fmedia&parent=24232"}],"wp:term":[{"taxonomy":"category","embeddable":true,"href":"https:\/\/revistavitrineibiuna.com.br\/index.php?rest_route=%2Fwp%2Fv2%2Fcategories&post=24232"},{"taxonomy":"post_tag","embeddable":true,"href":"https:\/\/revistavitrineibiuna.com.br\/index.php?rest_route=%2Fwp%2Fv2%2Ftags&post=24232"}],"curies":[{"name":"wp","href":"https:\/\/api.w.org\/{rel}","templated":true}]}}