{"id":24240,"date":"2021-02-17T18:42:54","date_gmt":"2021-02-17T21:42:54","guid":{"rendered":"http:\/\/revistavitrineibiuna.com.br\/?p=24240"},"modified":"2021-02-17T19:08:55","modified_gmt":"2021-02-17T22:08:55","slug":"24240","status":"publish","type":"post","link":"https:\/\/revistavitrineibiuna.com.br\/?p=24240","title":{"rendered":""},"content":{"rendered":"\n<p class=\"has-drop-cap has-vivid-cyan-blue-color has-text-color\"><strong>S\u00c3O PAULO ANUNCIA QUE BUTANTAN VAI ANTECIPAR PARA AGOSTO ENTREGA DE 54 MILH\u00d5ES DE DOSES DE VACINAS CORONAV<\/strong>AC<\/p>\n\n\n\n<p>O governador Jo\u00e3o Doria confirmou nesta quarta-feira (17) que o Instituto Butantan vai antecipar a entrega de mais 54 milh\u00f5es de doses da vacina contra o coronav\u00edrus ao Minist\u00e9rio da Sa\u00fade. A oferta da carga adicional de imunizantes ser\u00e1 finalizada em agosto, totalizando 100 milh\u00f5es de vacinas produzidas em S\u00e3o Paulo para todo o Brasil.<\/p>\n\n\n\n<p>&#8220;Inicialmente prevista para o final de setembro, a entrega de 54 milh\u00f5es de doses da vacina do Butantan ser\u00e1 feita at\u00e9 o fim do m\u00eas de agosto&#8221;, afirmou o Governador.<\/p>\n\n\n\n<p>&#8220;O Instituto Butantan est\u00e1 trabalhando 24 horas por dia, sete dias por semana, incluindo feriados e finais de semana, para produzir as vacinas que est\u00e3o imunizando os brasileiros. Nove em cada dez brasileiros, neste momento, est\u00e3o sendo vacinados com a vacina do Butantan&#8221;, destacou Doria.<br>Pelo novo acordo firmado entre o Butantan e o Minist\u00e9rio da Sa\u00fade na segunda (15), a carga adicional de 54 milh\u00f5es de doses se soma \u00e0s 46 milh\u00f5es que o instituto do Governo do Estado j\u00e1 havia se comprometido a fornecer ao PNI (Plano Nacional de Imuniza\u00e7\u00f5es).<\/p>\n\n\n\n<p>&#8220;No cronograma contratado, a \u00faltima entrega seria em setembro. N\u00f3s vamos fazer todo o esfor\u00e7o para adiantar essa produ\u00e7\u00e3o e entrega. Esperamos que, no m\u00e1ximo em agosto, tenhamos entregue o total de 100 milh\u00f5es de doses&#8221;, declarou Dimas Covas, Diretor do Butantan.<br>&#8220;Neste momento, \u00e9 a \u00fanica vacina que est\u00e1 sendo usada em grande volume no Brasil. Isso traz uma responsabilidade muito grande para o Butantan&#8221;, acrescentou Dimas.<br>At\u00e9 agora, o Governo de S\u00e3o Paulo e o Butantan j\u00e1 entregaram 9,8 milh\u00f5es de vacinas ao PNI. Em janeiro, foram 6 milh\u00f5es no dia 17, outras 900 mil no dia 22 e mais 1,8 milh\u00e3o no dia 29. Em fevereiro, foram enviadas outras 1,1 milh\u00e3o de doses no \u00faltimo dia 5.A partir da pr\u00f3xima semana, o Butantan come\u00e7a a entregar parte de uma nova carga de 17,3 milh\u00f5es de vacinas fabricadas com o IFA (Insumo Farmac\u00eautico Ativo) enviado neste m\u00eas pela biofarmac\u00eautica Sinovac. A parceria internacional garantiu 11 mil litros de mat\u00e9ria-prima vinda da China para a f\u00e1brica em S\u00e3o Paulo.Tamb\u00e9m neste m\u00eas, o Butantan j\u00e1 solicitou uma nova remessa de 8 mil litros de IFA para a Sinovac. O objetivo \u00e9 acelerar ainda mais a produ\u00e7\u00e3o de novas vacinas na capital paulista.<\/p>\n","protected":false},"excerpt":{"rendered":"<p>S\u00c3O PAULO ANUNCIA QUE BUTANTAN VAI ANTECIPAR PARA AGOSTO ENTREGA DE 54 MILH\u00d5ES DE DOSES DE VACINAS CORONAVAC O governador<\/p>\n","protected":false},"author":1,"featured_media":24241,"comment_status":"open","ping_status":"open","sticky":false,"template":"","format":"standard","meta":[],"categories":[3],"tags":[],"yoast_head":"<!-- This site is optimized with the Yoast SEO plugin v15.8 - https:\/\/yoast.com\/wordpress\/plugins\/seo\/ -->\n<title>- Revista Vitrine Online<\/title>\n<meta name=\"robots\" content=\"index, follow, max-snippet:-1, max-image-preview:large, max-video-preview:-1\" \/>\n<link rel=\"canonical\" href=\"https:\/\/revistavitrineibiuna.com.br\/?p=24240\" \/>\n<meta property=\"og:locale\" content=\"pt_BR\" \/>\n<meta property=\"og:type\" content=\"article\" \/>\n<meta property=\"og:title\" content=\"- Revista Vitrine Online\" \/>\n<meta property=\"og:description\" content=\"S\u00c3O PAULO ANUNCIA QUE BUTANTAN VAI ANTECIPAR PARA AGOSTO ENTREGA DE 54 MILH\u00d5ES DE DOSES DE VACINAS CORONAVAC O governador\" \/>\n<meta property=\"og:url\" content=\"https:\/\/revistavitrineibiuna.com.br\/?p=24240\" \/>\n<meta property=\"og:site_name\" content=\"Revista Vitrine Online\" \/>\n<meta property=\"article:published_time\" content=\"2021-02-17T21:42:54+00:00\" \/>\n<meta property=\"article:modified_time\" content=\"2021-02-17T22:08:55+00:00\" \/>\n<meta property=\"og:image\" content=\"https:\/\/revistavitrineibiuna.com.br\/wp-content\/uploads\/2021\/02\/VACINA-25.jpg\" \/>\n\t<meta property=\"og:image:width\" content=\"639\" \/>\n\t<meta property=\"og:image:height\" content=\"350\" \/>\n<meta name=\"twitter:card\" content=\"summary\" \/>\n<meta name=\"twitter:label1\" content=\"Est. reading time\">\n\t<meta name=\"twitter:data1\" content=\"2 minutos\">\n<script type=\"application\/ld+json\" class=\"yoast-schema-graph\">{\"@context\":\"https:\/\/schema.org\",\"@graph\":[{\"@type\":\"WebSite\",\"@id\":\"http:\/\/revistavitrineibiuna.com.br\/#website\",\"url\":\"http:\/\/revistavitrineibiuna.com.br\/\",\"name\":\"Revista Vitrine Ibi\\u00fana\",\"description\":\"A Revista de Ibi\\u00fana e Regi\\u00e3o\",\"publisher\":{\"@id\":\"http:\/\/revistavitrineibiuna.com.br\/#\/schema\/person\/e51ef49d6d88170ea21ceabff3f73deb\"},\"potentialAction\":[{\"@type\":\"SearchAction\",\"target\":\"http:\/\/revistavitrineibiuna.com.br\/?s={search_term_string}\",\"query-input\":\"required name=search_term_string\"}],\"inLanguage\":\"pt-BR\"},{\"@type\":\"ImageObject\",\"@id\":\"https:\/\/revistavitrineibiuna.com.br\/?p=24240#primaryimage\",\"inLanguage\":\"pt-BR\",\"url\":\"https:\/\/revistavitrineibiuna.com.br\/wp-content\/uploads\/2021\/02\/VACINA-25.jpg\",\"width\":639,\"height\":350},{\"@type\":\"WebPage\",\"@id\":\"https:\/\/revistavitrineibiuna.com.br\/?p=24240#webpage\",\"url\":\"https:\/\/revistavitrineibiuna.com.br\/?p=24240\",\"name\":\"- Revista Vitrine Online\",\"isPartOf\":{\"@id\":\"http:\/\/revistavitrineibiuna.com.br\/#website\"},\"primaryImageOfPage\":{\"@id\":\"https:\/\/revistavitrineibiuna.com.br\/?p=24240#primaryimage\"},\"datePublished\":\"2021-02-17T21:42:54+00:00\",\"dateModified\":\"2021-02-17T22:08:55+00:00\",\"breadcrumb\":{\"@id\":\"https:\/\/revistavitrineibiuna.com.br\/?p=24240#breadcrumb\"},\"inLanguage\":\"pt-BR\",\"potentialAction\":[{\"@type\":\"ReadAction\",\"target\":[\"https:\/\/revistavitrineibiuna.com.br\/?p=24240\"]}]},{\"@type\":\"BreadcrumbList\",\"@id\":\"https:\/\/revistavitrineibiuna.com.br\/?p=24240#breadcrumb\",\"itemListElement\":[{\"@type\":\"ListItem\",\"position\":1,\"item\":{\"@type\":\"WebPage\",\"@id\":\"http:\/\/revistavitrineibiuna.com.br\/\",\"url\":\"http:\/\/revistavitrineibiuna.com.br\/\",\"name\":\"In\\u00edcio\"}},{\"@type\":\"ListItem\",\"position\":2,\"item\":{\"@type\":\"WebPage\",\"@id\":\"https:\/\/revistavitrineibiuna.com.br\/?p=24240\",\"url\":\"https:\/\/revistavitrineibiuna.com.br\/?p=24240\",\"name\":\"- Revista Vitrine Online\"}}]},{\"@type\":\"Article\",\"@id\":\"https:\/\/revistavitrineibiuna.com.br\/?p=24240#article\",\"isPartOf\":{\"@id\":\"https:\/\/revistavitrineibiuna.com.br\/?p=24240#webpage\"},\"author\":{\"@id\":\"http:\/\/revistavitrineibiuna.com.br\/#\/schema\/person\/e51ef49d6d88170ea21ceabff3f73deb\"},\"headline\":\"Sem t\\u00edtulo\",\"datePublished\":\"2021-02-17T21:42:54+00:00\",\"dateModified\":\"2021-02-17T22:08:55+00:00\",\"mainEntityOfPage\":{\"@id\":\"https:\/\/revistavitrineibiuna.com.br\/?p=24240#webpage\"},\"commentCount\":0,\"publisher\":{\"@id\":\"http:\/\/revistavitrineibiuna.com.br\/#\/schema\/person\/e51ef49d6d88170ea21ceabff3f73deb\"},\"image\":{\"@id\":\"https:\/\/revistavitrineibiuna.com.br\/?p=24240#primaryimage\"},\"articleSection\":\"Not\\u00edcias\",\"inLanguage\":\"pt-BR\",\"potentialAction\":[{\"@type\":\"CommentAction\",\"name\":\"Comment\",\"target\":[\"https:\/\/revistavitrineibiuna.com.br\/?p=24240#respond\"]}]},{\"@type\":[\"Person\",\"Organization\"],\"@id\":\"http:\/\/revistavitrineibiuna.com.br\/#\/schema\/person\/e51ef49d6d88170ea21ceabff3f73deb\",\"name\":\"Carlos Rossini\",\"image\":{\"@type\":\"ImageObject\",\"@id\":\"http:\/\/revistavitrineibiuna.com.br\/#personlogo\",\"inLanguage\":\"pt-BR\",\"url\":\"https:\/\/secure.gravatar.com\/avatar\/4f2d0f99fac1f85c7d643f21f5c8d900?s=96&d=mm&r=g\",\"caption\":\"Carlos Rossini\"},\"logo\":{\"@id\":\"http:\/\/revistavitrineibiuna.com.br\/#personlogo\"},\"description\":\"Carlos Rossini \\u00e9 jornalista, soci\\u00f3logo, escritor e professor universit\\u00e1rio, tendo sido professor de jornalismo por vinte anos. Trabalhou em ve\\u00edculos de comunica\\u00e7\\u00e3o nas fun\\u00e7\\u00f5es de rep\\u00f3rter, redator, editor, articulista e colaborador, como Folha de S. Paulo, O Estado de S. Paulo, Di\\u00e1rio Popular, entre outros. Ao transferir a revista vitrine, vers\\u00e3o imprensa, de S\\u00e3o Paulo para Ibi\\u00fana h\\u00e1 alguns anos, iniciou uma nova experi\\u00eancia profissional, dedicando-se ao jornalismo regional, depois de cumprir uma trajet\\u00f3ria bem-sucedida na grande imprensa brasileira. Seu primeiro livro A Coragem de Comunicar foi lan\\u00e7ado na Bienal do Livro em S\\u00e3o Paulo no ano 2000, pela editora Madras.\"}]}<\/script>\n<!-- \/ Yoast SEO plugin. -->","_links":{"self":[{"href":"https:\/\/revistavitrineibiuna.com.br\/index.php?rest_route=\/wp\/v2\/posts\/24240"}],"collection":[{"href":"https:\/\/revistavitrineibiuna.com.br\/index.php?rest_route=\/wp\/v2\/posts"}],"about":[{"href":"https:\/\/revistavitrineibiuna.com.br\/index.php?rest_route=\/wp\/v2\/types\/post"}],"author":[{"embeddable":true,"href":"https:\/\/revistavitrineibiuna.com.br\/index.php?rest_route=\/wp\/v2\/users\/1"}],"replies":[{"embeddable":true,"href":"https:\/\/revistavitrineibiuna.com.br\/index.php?rest_route=%2Fwp%2Fv2%2Fcomments&post=24240"}],"version-history":[{"count":2,"href":"https:\/\/revistavitrineibiuna.com.br\/index.php?rest_route=\/wp\/v2\/posts\/24240\/revisions"}],"predecessor-version":[{"id":24243,"href":"https:\/\/revistavitrineibiuna.com.br\/index.php?rest_route=\/wp\/v2\/posts\/24240\/revisions\/24243"}],"wp:featuredmedia":[{"embeddable":true,"href":"https:\/\/revistavitrineibiuna.com.br\/index.php?rest_route=\/wp\/v2\/media\/24241"}],"wp:attachment":[{"href":"https:\/\/revistavitrineibiuna.com.br\/index.php?rest_route=%2Fwp%2Fv2%2Fmedia&parent=24240"}],"wp:term":[{"taxonomy":"category","embeddable":true,"href":"https:\/\/revistavitrineibiuna.com.br\/index.php?rest_route=%2Fwp%2Fv2%2Fcategories&post=24240"},{"taxonomy":"post_tag","embeddable":true,"href":"https:\/\/revistavitrineibiuna.com.br\/index.php?rest_route=%2Fwp%2Fv2%2Ftags&post=24240"}],"curies":[{"name":"wp","href":"https:\/\/api.w.org\/{rel}","templated":true}]}}