{"id":24516,"date":"2021-03-28T13:28:32","date_gmt":"2021-03-28T16:28:32","guid":{"rendered":"http:\/\/revistavitrineibiuna.com.br\/?p=24516"},"modified":"2021-03-28T13:28:34","modified_gmt":"2021-03-28T16:28:34","slug":"ibiuna-vacina-idosos-com-69-anos-ou-mais","status":"publish","type":"post","link":"https:\/\/revistavitrineibiuna.com.br\/?p=24516","title":{"rendered":"IBI\u00daNA VACINA IDOSOS COM 69 ANOS OU MAIS"},"content":{"rendered":"\n<p><strong>A partir desta segunda-feira, dia 29, a Prefeitura de Ibi\u00fana inicia a vacina\u00e7\u00e3o em idosos com 69 anos ou mais, que ser\u00e1 feita em quatro dias, at\u00e9 a quinta-feira, dia 1\u00ba de abril.<\/strong><strong><\/strong><\/p>\n\n\n\n<p><strong>\u00c9 preciso levar documento de identidade e o cart\u00e3o do SUS.<\/strong><strong><\/strong><\/p>\n\n\n\n<p><strong>A vacina\u00e7\u00e3o pelo sistema drive-thru [a pessoa recebe a vacina sem sair do carro] ser\u00e1 realizada no Centro de Conviv\u00eancia de Idosos, localizado no Residencial S\u00e3o Lucas (pr\u00f3ximo \u00e0 Marginal), das 9 \u00e0s 13 horas.<\/strong><strong><\/strong><\/p>\n\n\n\n<p><strong>No Posto de Sa\u00fade Central, localizado na avenida S\u00e3o Sebasti\u00e3o, 369, a vacina\u00e7\u00e3o ser\u00e1 feita de modo convencional, das 9 \u00e0s 15 horas. A pessoa pega uma senha, entra na fila, responde a um question\u00e1rio e aguarda sua vez de receber a dose.<\/strong><\/p>\n","protected":false},"excerpt":{"rendered":"<p>A partir desta segunda-feira, dia 29, a Prefeitura de Ibi\u00fana inicia a vacina\u00e7\u00e3o em idosos com 69 anos ou mais,<\/p>\n","protected":false},"author":1,"featured_media":24517,"comment_status":"open","ping_status":"open","sticky":false,"template":"","format":"standard","meta":[],"categories":[70],"tags":[],"yoast_head":"<!-- This site is optimized with the Yoast SEO plugin v15.8 - https:\/\/yoast.com\/wordpress\/plugins\/seo\/ -->\n<title>IBI\u00daNA VACINA IDOSOS COM 69 ANOS OU MAIS - Revista Vitrine Online<\/title>\n<meta name=\"robots\" content=\"index, follow, max-snippet:-1, max-image-preview:large, max-video-preview:-1\" \/>\n<link rel=\"canonical\" href=\"https:\/\/revistavitrineibiuna.com.br\/?p=24516\" \/>\n<meta property=\"og:locale\" content=\"pt_BR\" \/>\n<meta property=\"og:type\" content=\"article\" \/>\n<meta property=\"og:title\" content=\"IBI\u00daNA VACINA IDOSOS COM 69 ANOS OU MAIS - Revista Vitrine Online\" \/>\n<meta property=\"og:description\" content=\"A partir desta segunda-feira, dia 29, a Prefeitura de Ibi\u00fana inicia a vacina\u00e7\u00e3o em idosos com 69 anos ou mais,\" \/>\n<meta property=\"og:url\" content=\"https:\/\/revistavitrineibiuna.com.br\/?p=24516\" \/>\n<meta property=\"og:site_name\" content=\"Revista Vitrine Online\" \/>\n<meta property=\"article:published_time\" content=\"2021-03-28T16:28:32+00:00\" \/>\n<meta property=\"article:modified_time\" content=\"2021-03-28T16:28:34+00:00\" \/>\n<meta property=\"og:image\" content=\"https:\/\/revistavitrineibiuna.com.br\/wp-content\/uploads\/2021\/03\/vacina-covid.jpg\" \/>\n\t<meta property=\"og:image:width\" content=\"848\" \/>\n\t<meta property=\"og:image:height\" content=\"565\" \/>\n<meta name=\"twitter:card\" content=\"summary\" \/>\n<meta name=\"twitter:label1\" content=\"Est. reading time\">\n\t<meta name=\"twitter:data1\" content=\"1 minuto\">\n<script type=\"application\/ld+json\" class=\"yoast-schema-graph\">{\"@context\":\"https:\/\/schema.org\",\"@graph\":[{\"@type\":\"WebSite\",\"@id\":\"http:\/\/revistavitrineibiuna.com.br\/#website\",\"url\":\"http:\/\/revistavitrineibiuna.com.br\/\",\"name\":\"Revista Vitrine Ibi\\u00fana\",\"description\":\"A Revista de Ibi\\u00fana e Regi\\u00e3o\",\"publisher\":{\"@id\":\"http:\/\/revistavitrineibiuna.com.br\/#\/schema\/person\/e51ef49d6d88170ea21ceabff3f73deb\"},\"potentialAction\":[{\"@type\":\"SearchAction\",\"target\":\"http:\/\/revistavitrineibiuna.com.br\/?s={search_term_string}\",\"query-input\":\"required name=search_term_string\"}],\"inLanguage\":\"pt-BR\"},{\"@type\":\"ImageObject\",\"@id\":\"https:\/\/revistavitrineibiuna.com.br\/?p=24516#primaryimage\",\"inLanguage\":\"pt-BR\",\"url\":\"https:\/\/revistavitrineibiuna.com.br\/wp-content\/uploads\/2021\/03\/vacina-covid.jpg\",\"width\":848,\"height\":565,\"caption\":\"A masked nurse holds a syringe with a vaccine against the virus COVID-19. Close up.\"},{\"@type\":\"WebPage\",\"@id\":\"https:\/\/revistavitrineibiuna.com.br\/?p=24516#webpage\",\"url\":\"https:\/\/revistavitrineibiuna.com.br\/?p=24516\",\"name\":\"IBI\\u00daNA VACINA IDOSOS COM 69 ANOS OU MAIS - Revista Vitrine Online\",\"isPartOf\":{\"@id\":\"http:\/\/revistavitrineibiuna.com.br\/#website\"},\"primaryImageOfPage\":{\"@id\":\"https:\/\/revistavitrineibiuna.com.br\/?p=24516#primaryimage\"},\"datePublished\":\"2021-03-28T16:28:32+00:00\",\"dateModified\":\"2021-03-28T16:28:34+00:00\",\"breadcrumb\":{\"@id\":\"https:\/\/revistavitrineibiuna.com.br\/?p=24516#breadcrumb\"},\"inLanguage\":\"pt-BR\",\"potentialAction\":[{\"@type\":\"ReadAction\",\"target\":[\"https:\/\/revistavitrineibiuna.com.br\/?p=24516\"]}]},{\"@type\":\"BreadcrumbList\",\"@id\":\"https:\/\/revistavitrineibiuna.com.br\/?p=24516#breadcrumb\",\"itemListElement\":[{\"@type\":\"ListItem\",\"position\":1,\"item\":{\"@type\":\"WebPage\",\"@id\":\"http:\/\/revistavitrineibiuna.com.br\/\",\"url\":\"http:\/\/revistavitrineibiuna.com.br\/\",\"name\":\"In\\u00edcio\"}},{\"@type\":\"ListItem\",\"position\":2,\"item\":{\"@type\":\"WebPage\",\"@id\":\"https:\/\/revistavitrineibiuna.com.br\/?p=24516\",\"url\":\"https:\/\/revistavitrineibiuna.com.br\/?p=24516\",\"name\":\"IBI\\u00daNA VACINA IDOSOS COM 69 ANOS OU MAIS\"}}]},{\"@type\":\"Article\",\"@id\":\"https:\/\/revistavitrineibiuna.com.br\/?p=24516#article\",\"isPartOf\":{\"@id\":\"https:\/\/revistavitrineibiuna.com.br\/?p=24516#webpage\"},\"author\":{\"@id\":\"http:\/\/revistavitrineibiuna.com.br\/#\/schema\/person\/e51ef49d6d88170ea21ceabff3f73deb\"},\"headline\":\"IBI\\u00daNA VACINA IDOSOS COM 69 ANOS OU MAIS\",\"datePublished\":\"2021-03-28T16:28:32+00:00\",\"dateModified\":\"2021-03-28T16:28:34+00:00\",\"mainEntityOfPage\":{\"@id\":\"https:\/\/revistavitrineibiuna.com.br\/?p=24516#webpage\"},\"commentCount\":0,\"publisher\":{\"@id\":\"http:\/\/revistavitrineibiuna.com.br\/#\/schema\/person\/e51ef49d6d88170ea21ceabff3f73deb\"},\"image\":{\"@id\":\"https:\/\/revistavitrineibiuna.com.br\/?p=24516#primaryimage\"},\"articleSection\":\"Rapidinhas\",\"inLanguage\":\"pt-BR\",\"potentialAction\":[{\"@type\":\"CommentAction\",\"name\":\"Comment\",\"target\":[\"https:\/\/revistavitrineibiuna.com.br\/?p=24516#respond\"]}]},{\"@type\":[\"Person\",\"Organization\"],\"@id\":\"http:\/\/revistavitrineibiuna.com.br\/#\/schema\/person\/e51ef49d6d88170ea21ceabff3f73deb\",\"name\":\"Carlos Rossini\",\"image\":{\"@type\":\"ImageObject\",\"@id\":\"http:\/\/revistavitrineibiuna.com.br\/#personlogo\",\"inLanguage\":\"pt-BR\",\"url\":\"https:\/\/secure.gravatar.com\/avatar\/4f2d0f99fac1f85c7d643f21f5c8d900?s=96&d=mm&r=g\",\"caption\":\"Carlos Rossini\"},\"logo\":{\"@id\":\"http:\/\/revistavitrineibiuna.com.br\/#personlogo\"},\"description\":\"Carlos Rossini \\u00e9 jornalista, soci\\u00f3logo, escritor e professor universit\\u00e1rio, tendo sido professor de jornalismo por vinte anos. Trabalhou em ve\\u00edculos de comunica\\u00e7\\u00e3o nas fun\\u00e7\\u00f5es de rep\\u00f3rter, redator, editor, articulista e colaborador, como Folha de S. Paulo, O Estado de S. Paulo, Di\\u00e1rio Popular, entre outros. Ao transferir a revista vitrine, vers\\u00e3o imprensa, de S\\u00e3o Paulo para Ibi\\u00fana h\\u00e1 alguns anos, iniciou uma nova experi\\u00eancia profissional, dedicando-se ao jornalismo regional, depois de cumprir uma trajet\\u00f3ria bem-sucedida na grande imprensa brasileira. Seu primeiro livro A Coragem de Comunicar foi lan\\u00e7ado na Bienal do Livro em S\\u00e3o Paulo no ano 2000, pela editora Madras.\"}]}<\/script>\n<!-- \/ Yoast SEO plugin. -->","_links":{"self":[{"href":"https:\/\/revistavitrineibiuna.com.br\/index.php?rest_route=\/wp\/v2\/posts\/24516"}],"collection":[{"href":"https:\/\/revistavitrineibiuna.com.br\/index.php?rest_route=\/wp\/v2\/posts"}],"about":[{"href":"https:\/\/revistavitrineibiuna.com.br\/index.php?rest_route=\/wp\/v2\/types\/post"}],"author":[{"embeddable":true,"href":"https:\/\/revistavitrineibiuna.com.br\/index.php?rest_route=\/wp\/v2\/users\/1"}],"replies":[{"embeddable":true,"href":"https:\/\/revistavitrineibiuna.com.br\/index.php?rest_route=%2Fwp%2Fv2%2Fcomments&post=24516"}],"version-history":[{"count":1,"href":"https:\/\/revistavitrineibiuna.com.br\/index.php?rest_route=\/wp\/v2\/posts\/24516\/revisions"}],"predecessor-version":[{"id":24518,"href":"https:\/\/revistavitrineibiuna.com.br\/index.php?rest_route=\/wp\/v2\/posts\/24516\/revisions\/24518"}],"wp:featuredmedia":[{"embeddable":true,"href":"https:\/\/revistavitrineibiuna.com.br\/index.php?rest_route=\/wp\/v2\/media\/24517"}],"wp:attachment":[{"href":"https:\/\/revistavitrineibiuna.com.br\/index.php?rest_route=%2Fwp%2Fv2%2Fmedia&parent=24516"}],"wp:term":[{"taxonomy":"category","embeddable":true,"href":"https:\/\/revistavitrineibiuna.com.br\/index.php?rest_route=%2Fwp%2Fv2%2Fcategories&post=24516"},{"taxonomy":"post_tag","embeddable":true,"href":"https:\/\/revistavitrineibiuna.com.br\/index.php?rest_route=%2Fwp%2Fv2%2Ftags&post=24516"}],"curies":[{"name":"wp","href":"https:\/\/api.w.org\/{rel}","templated":true}]}}