{"id":25311,"date":"2021-08-09T11:04:11","date_gmt":"2021-08-09T14:04:11","guid":{"rendered":"http:\/\/revistavitrineibiuna.com.br\/?p=25311"},"modified":"2021-08-09T11:04:12","modified_gmt":"2021-08-09T14:04:12","slug":"quando-a-homofobia-mata-ha-algo-muito-errado-na-sociedade","status":"publish","type":"post","link":"https:\/\/revistavitrineibiuna.com.br\/?p=25311","title":{"rendered":"QUANDO A HOMOFOBIA MATA, H\u00c1 ALGO MUITO ERRADO NA SOCIEDADE"},"content":{"rendered":"\n<p><strong>Um adolescente de 16 anos p\u00f4s fim \u00e0 vida na ter\u00e7a-feira da semana passada por ter sido alvo de coment\u00e1rios homof\u00f3bicos depois que ele, numa brincadeira de adolescente, postou um v\u00eddeo em uma rede social &nbsp;simulando um beijo em um amigo.<\/strong><\/p>\n\n\n\n<p><strong>\u00c9 impressionante como a hipocrisia social se mant\u00e9m em forma de um infinito n\u00famero de preconceitos de modo geral contra a vida, o respeito, o humanismo.<\/strong><\/p>\n\n\n\n<p><strong>\u00c9 preciso que a sociedade acorde antes que muitas outras vidas se percam pelo medo que as pessoas t\u00eam umas das outras pelos mais diversos motivos, incluindo a quest\u00e3o da sexualidade. Ent\u00e3o comecemos a refletir de modo s\u00e9rio e respons\u00e1vel sobre esse tema da maior relev\u00e2ncia existencial.<\/strong><\/p>\n\n\n\n<p><strong>HOMOFOBIA<\/strong><\/p>\n\n\n\n<p><strong>Se voc\u00ea, leitor, procurar no dicion\u00e1rio vai ficar sabendo que homofobia \u00e9 rejei\u00e7\u00e3o ou avers\u00e3o a homossexual ou homossexualidade.<\/strong><\/p>\n\n\n\n<p><strong>Se for buscar o significado dessa palavra descobrir\u00e1 que sua origem \u00e9 grega. Homo significa \u201cigual\u201d e \u201cphobus\u201d, medo. No fundo, homofobia, como se v\u00ea, \u00e9 medo daquelas pessoas que tendem ou praticam relacionamentos sexuais com pessoas do mesmo g\u00eanero.<\/strong><\/p>\n\n\n\n<p><strong>E como ela se manifesta?<\/strong><\/p>\n\n\n\n<p><strong>Por uma <\/strong><strong>s\u00e9rie de atitudes e sentimentos negativos, discriminat\u00f3rios ou preconceituosos em rela\u00e7\u00e3o a pessoas que sentem atra\u00e7\u00e3o pelo mesmo sexo ou g\u00eanero, ou percebidas como tal. As defini\u00e7\u00f5es para o termo referem-se variavelmente a antipatia, desprezo, preconceito, avers\u00e3o e medo irracional.&nbsp;<\/strong><\/p>\n\n\n\n<p><strong>E, claro, basta ver os assassinatos de homossexuais estampados nas emissoras de televis\u00e3o e nos jornais para se constatar o quanto o medo-\u00f3dio leva \u00e0 pratica de mortes cru\u00e9is e brutais no mundo.<\/strong><\/p>\n\n\n\n<p><strong>Embora no Brasil n\u00e3o exista lei que criminalize coment\u00e1rios homof\u00f3bicos, como ocorre no caso de preconceitos raciais manifestos, podem se considerar desumanas todas as atitudes de \u00f3dios verbalizados, escritos na internet ou por outros meios, assim como os crimes b\u00e1rbaros cometidos envolva uma crian\u00e7a, um adolescente ou um adulto.<\/strong><\/p>\n\n\n\n<p><strong>NA MADRUGADA<\/strong><\/p>\n\n\n\n<p><strong>O corpo do adolescente foi encontrado de madrugada na casa de sua m\u00e3e, uma cantora de forr\u00f3, em Natal, no Rio Grande do Norte, mas poderia acontecer em qualquer outro lugar onde o preconceito, o medo e o \u00f3dio se manifestam.<\/strong><\/p>\n\n\n\n<p><strong>A m\u00e3e deu a not\u00edcia em prantos, \u201cperdi o ch\u00e3o\u201d, disse, e agora s\u00f3 lhe restar\u00e1 a dor da aus\u00eancia do filho e a esperan\u00e7a de que esse fato seja considerado pela sociedade de modo que n\u00e3o se repita com outras fam\u00edlias. (Carlos Rossini \u00e9 editor de vitrine online)<\/strong><strong><\/strong><\/p>\n","protected":false},"excerpt":{"rendered":"<p>Um adolescente de 16 anos p\u00f4s fim \u00e0 vida na ter\u00e7a-feira da semana passada por ter sido alvo de coment\u00e1rios<\/p>\n","protected":false},"author":1,"featured_media":25312,"comment_status":"open","ping_status":"open","sticky":false,"template":"","format":"standard","meta":[],"categories":[1],"tags":[],"yoast_head":"<!-- This site is optimized with the Yoast SEO plugin v15.8 - https:\/\/yoast.com\/wordpress\/plugins\/seo\/ -->\n<title>QUANDO A HOMOFOBIA MATA, H\u00c1 ALGO MUITO ERRADO NA SOCIEDADE - Revista Vitrine Online<\/title>\n<meta name=\"robots\" content=\"index, follow, max-snippet:-1, max-image-preview:large, max-video-preview:-1\" \/>\n<link rel=\"canonical\" href=\"https:\/\/revistavitrineibiuna.com.br\/?p=25311\" \/>\n<meta property=\"og:locale\" content=\"pt_BR\" \/>\n<meta property=\"og:type\" content=\"article\" \/>\n<meta property=\"og:title\" content=\"QUANDO A HOMOFOBIA MATA, H\u00c1 ALGO MUITO ERRADO NA SOCIEDADE - Revista Vitrine Online\" \/>\n<meta property=\"og:description\" content=\"Um adolescente de 16 anos p\u00f4s fim \u00e0 vida na ter\u00e7a-feira da semana passada por ter sido alvo de coment\u00e1rios\" \/>\n<meta property=\"og:url\" content=\"https:\/\/revistavitrineibiuna.com.br\/?p=25311\" \/>\n<meta property=\"og:site_name\" content=\"Revista Vitrine Online\" \/>\n<meta property=\"article:published_time\" content=\"2021-08-09T14:04:11+00:00\" \/>\n<meta property=\"article:modified_time\" content=\"2021-08-09T14:04:12+00:00\" \/>\n<meta property=\"og:image\" content=\"https:\/\/revistavitrineibiuna.com.br\/wp-content\/uploads\/2021\/08\/suicidio.jpg\" \/>\n\t<meta property=\"og:image:width\" content=\"740\" \/>\n\t<meta property=\"og:image:height\" content=\"490\" \/>\n<meta name=\"twitter:card\" content=\"summary\" \/>\n<meta name=\"twitter:label1\" content=\"Est. reading time\">\n\t<meta name=\"twitter:data1\" content=\"2 minutos\">\n<script type=\"application\/ld+json\" class=\"yoast-schema-graph\">{\"@context\":\"https:\/\/schema.org\",\"@graph\":[{\"@type\":\"WebSite\",\"@id\":\"http:\/\/revistavitrineibiuna.com.br\/#website\",\"url\":\"http:\/\/revistavitrineibiuna.com.br\/\",\"name\":\"Revista Vitrine Ibi\\u00fana\",\"description\":\"A Revista de Ibi\\u00fana e Regi\\u00e3o\",\"publisher\":{\"@id\":\"http:\/\/revistavitrineibiuna.com.br\/#\/schema\/person\/e51ef49d6d88170ea21ceabff3f73deb\"},\"potentialAction\":[{\"@type\":\"SearchAction\",\"target\":\"http:\/\/revistavitrineibiuna.com.br\/?s={search_term_string}\",\"query-input\":\"required name=search_term_string\"}],\"inLanguage\":\"pt-BR\"},{\"@type\":\"ImageObject\",\"@id\":\"https:\/\/revistavitrineibiuna.com.br\/?p=25311#primaryimage\",\"inLanguage\":\"pt-BR\",\"url\":\"https:\/\/revistavitrineibiuna.com.br\/wp-content\/uploads\/2021\/08\/suicidio.jpg\",\"width\":740,\"height\":490},{\"@type\":\"WebPage\",\"@id\":\"https:\/\/revistavitrineibiuna.com.br\/?p=25311#webpage\",\"url\":\"https:\/\/revistavitrineibiuna.com.br\/?p=25311\",\"name\":\"QUANDO A HOMOFOBIA MATA, H\\u00c1 ALGO MUITO ERRADO NA SOCIEDADE - Revista Vitrine Online\",\"isPartOf\":{\"@id\":\"http:\/\/revistavitrineibiuna.com.br\/#website\"},\"primaryImageOfPage\":{\"@id\":\"https:\/\/revistavitrineibiuna.com.br\/?p=25311#primaryimage\"},\"datePublished\":\"2021-08-09T14:04:11+00:00\",\"dateModified\":\"2021-08-09T14:04:12+00:00\",\"breadcrumb\":{\"@id\":\"https:\/\/revistavitrineibiuna.com.br\/?p=25311#breadcrumb\"},\"inLanguage\":\"pt-BR\",\"potentialAction\":[{\"@type\":\"ReadAction\",\"target\":[\"https:\/\/revistavitrineibiuna.com.br\/?p=25311\"]}]},{\"@type\":\"BreadcrumbList\",\"@id\":\"https:\/\/revistavitrineibiuna.com.br\/?p=25311#breadcrumb\",\"itemListElement\":[{\"@type\":\"ListItem\",\"position\":1,\"item\":{\"@type\":\"WebPage\",\"@id\":\"http:\/\/revistavitrineibiuna.com.br\/\",\"url\":\"http:\/\/revistavitrineibiuna.com.br\/\",\"name\":\"In\\u00edcio\"}},{\"@type\":\"ListItem\",\"position\":2,\"item\":{\"@type\":\"WebPage\",\"@id\":\"https:\/\/revistavitrineibiuna.com.br\/?p=25311\",\"url\":\"https:\/\/revistavitrineibiuna.com.br\/?p=25311\",\"name\":\"QUANDO A HOMOFOBIA MATA, H\\u00c1 ALGO MUITO ERRADO NA SOCIEDADE\"}}]},{\"@type\":\"Article\",\"@id\":\"https:\/\/revistavitrineibiuna.com.br\/?p=25311#article\",\"isPartOf\":{\"@id\":\"https:\/\/revistavitrineibiuna.com.br\/?p=25311#webpage\"},\"author\":{\"@id\":\"http:\/\/revistavitrineibiuna.com.br\/#\/schema\/person\/e51ef49d6d88170ea21ceabff3f73deb\"},\"headline\":\"QUANDO A HOMOFOBIA MATA, H\\u00c1 ALGO MUITO ERRADO NA SOCIEDADE\",\"datePublished\":\"2021-08-09T14:04:11+00:00\",\"dateModified\":\"2021-08-09T14:04:12+00:00\",\"mainEntityOfPage\":{\"@id\":\"https:\/\/revistavitrineibiuna.com.br\/?p=25311#webpage\"},\"commentCount\":0,\"publisher\":{\"@id\":\"http:\/\/revistavitrineibiuna.com.br\/#\/schema\/person\/e51ef49d6d88170ea21ceabff3f73deb\"},\"image\":{\"@id\":\"https:\/\/revistavitrineibiuna.com.br\/?p=25311#primaryimage\"},\"articleSection\":\"Uncategorized\",\"inLanguage\":\"pt-BR\",\"potentialAction\":[{\"@type\":\"CommentAction\",\"name\":\"Comment\",\"target\":[\"https:\/\/revistavitrineibiuna.com.br\/?p=25311#respond\"]}]},{\"@type\":[\"Person\",\"Organization\"],\"@id\":\"http:\/\/revistavitrineibiuna.com.br\/#\/schema\/person\/e51ef49d6d88170ea21ceabff3f73deb\",\"name\":\"Carlos Rossini\",\"image\":{\"@type\":\"ImageObject\",\"@id\":\"http:\/\/revistavitrineibiuna.com.br\/#personlogo\",\"inLanguage\":\"pt-BR\",\"url\":\"https:\/\/secure.gravatar.com\/avatar\/4f2d0f99fac1f85c7d643f21f5c8d900?s=96&d=mm&r=g\",\"caption\":\"Carlos Rossini\"},\"logo\":{\"@id\":\"http:\/\/revistavitrineibiuna.com.br\/#personlogo\"},\"description\":\"Carlos Rossini \\u00e9 jornalista, soci\\u00f3logo, escritor e professor universit\\u00e1rio, tendo sido professor de jornalismo por vinte anos. Trabalhou em ve\\u00edculos de comunica\\u00e7\\u00e3o nas fun\\u00e7\\u00f5es de rep\\u00f3rter, redator, editor, articulista e colaborador, como Folha de S. Paulo, O Estado de S. Paulo, Di\\u00e1rio Popular, entre outros. Ao transferir a revista vitrine, vers\\u00e3o imprensa, de S\\u00e3o Paulo para Ibi\\u00fana h\\u00e1 alguns anos, iniciou uma nova experi\\u00eancia profissional, dedicando-se ao jornalismo regional, depois de cumprir uma trajet\\u00f3ria bem-sucedida na grande imprensa brasileira. Seu primeiro livro A Coragem de Comunicar foi lan\\u00e7ado na Bienal do Livro em S\\u00e3o Paulo no ano 2000, pela editora Madras.\"}]}<\/script>\n<!-- \/ Yoast SEO plugin. -->","_links":{"self":[{"href":"https:\/\/revistavitrineibiuna.com.br\/index.php?rest_route=\/wp\/v2\/posts\/25311"}],"collection":[{"href":"https:\/\/revistavitrineibiuna.com.br\/index.php?rest_route=\/wp\/v2\/posts"}],"about":[{"href":"https:\/\/revistavitrineibiuna.com.br\/index.php?rest_route=\/wp\/v2\/types\/post"}],"author":[{"embeddable":true,"href":"https:\/\/revistavitrineibiuna.com.br\/index.php?rest_route=\/wp\/v2\/users\/1"}],"replies":[{"embeddable":true,"href":"https:\/\/revistavitrineibiuna.com.br\/index.php?rest_route=%2Fwp%2Fv2%2Fcomments&post=25311"}],"version-history":[{"count":1,"href":"https:\/\/revistavitrineibiuna.com.br\/index.php?rest_route=\/wp\/v2\/posts\/25311\/revisions"}],"predecessor-version":[{"id":25313,"href":"https:\/\/revistavitrineibiuna.com.br\/index.php?rest_route=\/wp\/v2\/posts\/25311\/revisions\/25313"}],"wp:featuredmedia":[{"embeddable":true,"href":"https:\/\/revistavitrineibiuna.com.br\/index.php?rest_route=\/wp\/v2\/media\/25312"}],"wp:attachment":[{"href":"https:\/\/revistavitrineibiuna.com.br\/index.php?rest_route=%2Fwp%2Fv2%2Fmedia&parent=25311"}],"wp:term":[{"taxonomy":"category","embeddable":true,"href":"https:\/\/revistavitrineibiuna.com.br\/index.php?rest_route=%2Fwp%2Fv2%2Fcategories&post=25311"},{"taxonomy":"post_tag","embeddable":true,"href":"https:\/\/revistavitrineibiuna.com.br\/index.php?rest_route=%2Fwp%2Fv2%2Ftags&post=25311"}],"curies":[{"name":"wp","href":"https:\/\/api.w.org\/{rel}","templated":true}]}}