{"id":25314,"date":"2021-08-09T17:23:45","date_gmt":"2021-08-09T20:23:45","guid":{"rendered":"http:\/\/revistavitrineibiuna.com.br\/?p=25314"},"modified":"2021-08-09T17:23:46","modified_gmt":"2021-08-09T20:23:46","slug":"ibiuna-vacina-pessoas-com-18-a-24-anos-sem-comorbidades-e-segunda-dose","status":"publish","type":"post","link":"https:\/\/revistavitrineibiuna.com.br\/?p=25314","title":{"rendered":"IBI\u00daNA VACINA PESSOAS COM 18 A 24 ANOS, SEM COMORBIDADES, E SEGUNDA DOSE"},"content":{"rendered":"\n<p class=\"has-drop-cap\"><strong>A partir desta ter\u00e7a-feira, dia 10 de agosto, Ibi\u00fana vacina contra covid-19 em pessoas com idades entre 18 e 24 anos sem comorbidades, e segunda dose.<\/strong><\/p>\n\n\n\n<p><strong>Confira as datas<\/strong><\/p>\n\n\n\n<p><strong>. 24 e 23 anos &#8211; nesta ter\u00e7a-feira, dia 10.<\/strong><\/p>\n\n\n\n<p><strong>. 22 e 21 anos &#8211; quarta-feira, dia 11.<\/strong><\/p>\n\n\n\n<p><strong>. 20,19 e 18 anos &#8211; quinta-feira, dia 12.<\/strong><\/p>\n\n\n\n<p><strong>DAS 8 \u00c0S 12 HORAS<\/strong><\/p>\n\n\n\n<p><strong>A vacina\u00e7\u00e3o pelo sistema drive-thru [a pessoa recebe a vacina sem sair do carro] ser\u00e1 realizada no Centro de Conviv\u00eancia de Idosos, localizado no Residencial S\u00e3o Lucas (pr\u00f3ximo \u00e0 Marginal), das 8 \u00e0s 12 horas.<\/strong><\/p>\n\n\n\n<p><strong>No Centro Ol\u00edmpico \u201cVereador Jos\u00e9 Clemente Machado\u201d, localizado na rua Jos\u00e9 Cipriano de Freitas, 192 \u2013 Centro (na rua que fica atr\u00e1s do Shopping Ibi\u00fana), a vacina\u00e7\u00e3o ser\u00e1 feita das 8 \u00e0s 12 horas.<\/strong><\/p>\n\n\n\n<p><strong>DAS 16 \u00c0S 20 HORAS<\/strong><\/p>\n\n\n\n<p><strong>No Centro Ol\u00edmpico \u201cVereador Jos\u00e9 Clemente Machado\u201d, localizado na rua Jos\u00e9 Cipriano de Freitas, 192 (atr\u00e1s do Shopping Ibi\u00fana).<\/strong><\/p>\n\n\n\n<p><strong>\u201cVACINA CONTRA A FOME\u201d<\/strong><\/p>\n\n\n\n<p><strong>A Prefeitura est\u00e1 em campanha de arrecada\u00e7\u00e3o de alimentos e produtos de higiene pessoal e produtos de limpeza, que s\u00e3o destinados \u00e0s fam\u00edlias em situa\u00e7\u00e3o de vulnerabilidade no munic\u00edpio.<\/strong><strong><\/strong><\/p>\n\n\n\n<p><strong>A campanha tem car\u00e1ter volunt\u00e1rio e as pessoas podem levar suas contribui\u00e7\u00f5es e entreg\u00e1-las antes ou ap\u00f3s receberem a vacina em ambos os postos de vacina\u00e7\u00e3o.<\/strong><strong><\/strong><\/p>\n","protected":false},"excerpt":{"rendered":"<p>A partir desta ter\u00e7a-feira, dia 10 de agosto, Ibi\u00fana vacina contra covid-19 em pessoas com idades entre 18 e 24<\/p>\n","protected":false},"author":1,"featured_media":25315,"comment_status":"open","ping_status":"open","sticky":false,"template":"","format":"standard","meta":[],"categories":[70],"tags":[],"yoast_head":"<!-- This site is optimized with the Yoast SEO plugin v15.8 - https:\/\/yoast.com\/wordpress\/plugins\/seo\/ -->\n<title>IBI\u00daNA VACINA PESSOAS COM 18 A 24 ANOS, SEM COMORBIDADES, E SEGUNDA DOSE - Revista Vitrine Online<\/title>\n<meta name=\"robots\" content=\"index, follow, max-snippet:-1, max-image-preview:large, max-video-preview:-1\" \/>\n<link rel=\"canonical\" href=\"https:\/\/revistavitrineibiuna.com.br\/?p=25314\" \/>\n<meta property=\"og:locale\" content=\"pt_BR\" \/>\n<meta property=\"og:type\" content=\"article\" \/>\n<meta property=\"og:title\" content=\"IBI\u00daNA VACINA PESSOAS COM 18 A 24 ANOS, SEM COMORBIDADES, E SEGUNDA DOSE - Revista Vitrine Online\" \/>\n<meta property=\"og:description\" content=\"A partir desta ter\u00e7a-feira, dia 10 de agosto, Ibi\u00fana vacina contra covid-19 em pessoas com idades entre 18 e 24\" \/>\n<meta property=\"og:url\" content=\"https:\/\/revistavitrineibiuna.com.br\/?p=25314\" \/>\n<meta property=\"og:site_name\" content=\"Revista Vitrine Online\" \/>\n<meta property=\"article:published_time\" content=\"2021-08-09T20:23:45+00:00\" \/>\n<meta property=\"article:modified_time\" content=\"2021-08-09T20:23:46+00:00\" \/>\n<meta property=\"og:image\" content=\"https:\/\/revistavitrineibiuna.com.br\/wp-content\/uploads\/2021\/08\/vacinacao-18-anos.jpg\" \/>\n\t<meta property=\"og:image:width\" content=\"600\" \/>\n\t<meta property=\"og:image:height\" content=\"385\" \/>\n<meta name=\"twitter:card\" content=\"summary\" \/>\n<meta name=\"twitter:label1\" content=\"Est. reading time\">\n\t<meta name=\"twitter:data1\" content=\"1 minuto\">\n<script type=\"application\/ld+json\" class=\"yoast-schema-graph\">{\"@context\":\"https:\/\/schema.org\",\"@graph\":[{\"@type\":\"WebSite\",\"@id\":\"http:\/\/revistavitrineibiuna.com.br\/#website\",\"url\":\"http:\/\/revistavitrineibiuna.com.br\/\",\"name\":\"Revista Vitrine Ibi\\u00fana\",\"description\":\"A Revista de Ibi\\u00fana e Regi\\u00e3o\",\"publisher\":{\"@id\":\"http:\/\/revistavitrineibiuna.com.br\/#\/schema\/person\/e51ef49d6d88170ea21ceabff3f73deb\"},\"potentialAction\":[{\"@type\":\"SearchAction\",\"target\":\"http:\/\/revistavitrineibiuna.com.br\/?s={search_term_string}\",\"query-input\":\"required name=search_term_string\"}],\"inLanguage\":\"pt-BR\"},{\"@type\":\"ImageObject\",\"@id\":\"https:\/\/revistavitrineibiuna.com.br\/?p=25314#primaryimage\",\"inLanguage\":\"pt-BR\",\"url\":\"https:\/\/revistavitrineibiuna.com.br\/wp-content\/uploads\/2021\/08\/vacinacao-18-anos.jpg\",\"width\":600,\"height\":385},{\"@type\":\"WebPage\",\"@id\":\"https:\/\/revistavitrineibiuna.com.br\/?p=25314#webpage\",\"url\":\"https:\/\/revistavitrineibiuna.com.br\/?p=25314\",\"name\":\"IBI\\u00daNA VACINA PESSOAS COM 18 A 24 ANOS, SEM COMORBIDADES, E SEGUNDA DOSE - Revista Vitrine Online\",\"isPartOf\":{\"@id\":\"http:\/\/revistavitrineibiuna.com.br\/#website\"},\"primaryImageOfPage\":{\"@id\":\"https:\/\/revistavitrineibiuna.com.br\/?p=25314#primaryimage\"},\"datePublished\":\"2021-08-09T20:23:45+00:00\",\"dateModified\":\"2021-08-09T20:23:46+00:00\",\"breadcrumb\":{\"@id\":\"https:\/\/revistavitrineibiuna.com.br\/?p=25314#breadcrumb\"},\"inLanguage\":\"pt-BR\",\"potentialAction\":[{\"@type\":\"ReadAction\",\"target\":[\"https:\/\/revistavitrineibiuna.com.br\/?p=25314\"]}]},{\"@type\":\"BreadcrumbList\",\"@id\":\"https:\/\/revistavitrineibiuna.com.br\/?p=25314#breadcrumb\",\"itemListElement\":[{\"@type\":\"ListItem\",\"position\":1,\"item\":{\"@type\":\"WebPage\",\"@id\":\"http:\/\/revistavitrineibiuna.com.br\/\",\"url\":\"http:\/\/revistavitrineibiuna.com.br\/\",\"name\":\"In\\u00edcio\"}},{\"@type\":\"ListItem\",\"position\":2,\"item\":{\"@type\":\"WebPage\",\"@id\":\"https:\/\/revistavitrineibiuna.com.br\/?p=25314\",\"url\":\"https:\/\/revistavitrineibiuna.com.br\/?p=25314\",\"name\":\"IBI\\u00daNA VACINA PESSOAS COM 18 A 24 ANOS, SEM COMORBIDADES, E SEGUNDA DOSE\"}}]},{\"@type\":\"Article\",\"@id\":\"https:\/\/revistavitrineibiuna.com.br\/?p=25314#article\",\"isPartOf\":{\"@id\":\"https:\/\/revistavitrineibiuna.com.br\/?p=25314#webpage\"},\"author\":{\"@id\":\"http:\/\/revistavitrineibiuna.com.br\/#\/schema\/person\/e51ef49d6d88170ea21ceabff3f73deb\"},\"headline\":\"IBI\\u00daNA VACINA PESSOAS COM 18 A 24 ANOS, SEM COMORBIDADES, E SEGUNDA DOSE\",\"datePublished\":\"2021-08-09T20:23:45+00:00\",\"dateModified\":\"2021-08-09T20:23:46+00:00\",\"mainEntityOfPage\":{\"@id\":\"https:\/\/revistavitrineibiuna.com.br\/?p=25314#webpage\"},\"commentCount\":0,\"publisher\":{\"@id\":\"http:\/\/revistavitrineibiuna.com.br\/#\/schema\/person\/e51ef49d6d88170ea21ceabff3f73deb\"},\"image\":{\"@id\":\"https:\/\/revistavitrineibiuna.com.br\/?p=25314#primaryimage\"},\"articleSection\":\"Rapidinhas\",\"inLanguage\":\"pt-BR\",\"potentialAction\":[{\"@type\":\"CommentAction\",\"name\":\"Comment\",\"target\":[\"https:\/\/revistavitrineibiuna.com.br\/?p=25314#respond\"]}]},{\"@type\":[\"Person\",\"Organization\"],\"@id\":\"http:\/\/revistavitrineibiuna.com.br\/#\/schema\/person\/e51ef49d6d88170ea21ceabff3f73deb\",\"name\":\"Carlos Rossini\",\"image\":{\"@type\":\"ImageObject\",\"@id\":\"http:\/\/revistavitrineibiuna.com.br\/#personlogo\",\"inLanguage\":\"pt-BR\",\"url\":\"https:\/\/secure.gravatar.com\/avatar\/4f2d0f99fac1f85c7d643f21f5c8d900?s=96&d=mm&r=g\",\"caption\":\"Carlos Rossini\"},\"logo\":{\"@id\":\"http:\/\/revistavitrineibiuna.com.br\/#personlogo\"},\"description\":\"Carlos Rossini \\u00e9 jornalista, soci\\u00f3logo, escritor e professor universit\\u00e1rio, tendo sido professor de jornalismo por vinte anos. Trabalhou em ve\\u00edculos de comunica\\u00e7\\u00e3o nas fun\\u00e7\\u00f5es de rep\\u00f3rter, redator, editor, articulista e colaborador, como Folha de S. Paulo, O Estado de S. Paulo, Di\\u00e1rio Popular, entre outros. Ao transferir a revista vitrine, vers\\u00e3o imprensa, de S\\u00e3o Paulo para Ibi\\u00fana h\\u00e1 alguns anos, iniciou uma nova experi\\u00eancia profissional, dedicando-se ao jornalismo regional, depois de cumprir uma trajet\\u00f3ria bem-sucedida na grande imprensa brasileira. Seu primeiro livro A Coragem de Comunicar foi lan\\u00e7ado na Bienal do Livro em S\\u00e3o Paulo no ano 2000, pela editora Madras.\"}]}<\/script>\n<!-- \/ Yoast SEO plugin. -->","_links":{"self":[{"href":"https:\/\/revistavitrineibiuna.com.br\/index.php?rest_route=\/wp\/v2\/posts\/25314"}],"collection":[{"href":"https:\/\/revistavitrineibiuna.com.br\/index.php?rest_route=\/wp\/v2\/posts"}],"about":[{"href":"https:\/\/revistavitrineibiuna.com.br\/index.php?rest_route=\/wp\/v2\/types\/post"}],"author":[{"embeddable":true,"href":"https:\/\/revistavitrineibiuna.com.br\/index.php?rest_route=\/wp\/v2\/users\/1"}],"replies":[{"embeddable":true,"href":"https:\/\/revistavitrineibiuna.com.br\/index.php?rest_route=%2Fwp%2Fv2%2Fcomments&post=25314"}],"version-history":[{"count":1,"href":"https:\/\/revistavitrineibiuna.com.br\/index.php?rest_route=\/wp\/v2\/posts\/25314\/revisions"}],"predecessor-version":[{"id":25316,"href":"https:\/\/revistavitrineibiuna.com.br\/index.php?rest_route=\/wp\/v2\/posts\/25314\/revisions\/25316"}],"wp:featuredmedia":[{"embeddable":true,"href":"https:\/\/revistavitrineibiuna.com.br\/index.php?rest_route=\/wp\/v2\/media\/25315"}],"wp:attachment":[{"href":"https:\/\/revistavitrineibiuna.com.br\/index.php?rest_route=%2Fwp%2Fv2%2Fmedia&parent=25314"}],"wp:term":[{"taxonomy":"category","embeddable":true,"href":"https:\/\/revistavitrineibiuna.com.br\/index.php?rest_route=%2Fwp%2Fv2%2Fcategories&post=25314"},{"taxonomy":"post_tag","embeddable":true,"href":"https:\/\/revistavitrineibiuna.com.br\/index.php?rest_route=%2Fwp%2Fv2%2Ftags&post=25314"}],"curies":[{"name":"wp","href":"https:\/\/api.w.org\/{rel}","templated":true}]}}