{"id":25319,"date":"2021-08-10T18:54:56","date_gmt":"2021-08-10T21:54:56","guid":{"rendered":"http:\/\/revistavitrineibiuna.com.br\/?p=25319"},"modified":"2021-08-10T21:04:25","modified_gmt":"2021-08-11T00:04:25","slug":"ibiuna-ha-31-dias-nao-se-registra-obito-por-covid-19-no-hospital-municipal","status":"publish","type":"post","link":"https:\/\/revistavitrineibiuna.com.br\/?p=25319","title":{"rendered":"IBI\u00daNA \u2013 H\u00c1 31 DIAS N\u00c3O SE REGISTRA \u00d3BITO POR COVID-19 NO HOSPITAL MUNICIPAL"},"content":{"rendered":"\n<p class=\"has-drop-cap\"><strong>Desde o dia 11 de julho, portanto h\u00e1 31 dias, n\u00e3o se registra \u00f3bito por covid-19 no Hospital Municipal de Ibi\u00fana. Hoje (10), s\u00f3 existe uma pessoa internada. No pico da pandemia o hospital chegou a contar cerca de 40 indiv\u00edduos internados.<\/strong><\/p>\n\n\n\n<p><strong>Desde o in\u00edcio da pandemia foram registrados 4.318 casos positivos, 164 mortes. O n\u00famero de pessoas aguardando resultados de exame 44, assim como de isolados em domic\u00edlio, 51, tamb\u00e9m s\u00e3o os mais baixos j\u00e1 registrados.<\/strong><\/p>\n\n\n\n<p><strong>At\u00e9 hoje foram aplicadas 67.509 doses de vacinas, sendo 50.455 primeira dose e 18.054, segunda dose, o que deve explicar, como aconteceu em outras cidades, a diminui\u00e7\u00e3o de casos e de \u00f3bitos, porque, como se sabe, a melhor maneira de combater o v\u00edrus \u00e9 por meio de imuniza\u00e7\u00e3o.<\/strong><\/p>\n\n\n\n<p><strong>INC\u00caNDIOS<\/strong><\/p>\n\n\n\n<figure class=\"wp-block-image size-large\"><img loading=\"lazy\" width=\"737\" height=\"453\" src=\"http:\/\/revistavitrineibiuna.com.br\/wp-content\/uploads\/2021\/08\/fumaceira.jpg\" alt=\"\" class=\"wp-image-25322\" srcset=\"https:\/\/revistavitrineibiuna.com.br\/wp-content\/uploads\/2021\/08\/fumaceira.jpg 737w, https:\/\/revistavitrineibiuna.com.br\/wp-content\/uploads\/2021\/08\/fumaceira-300x184.jpg 300w\" sizes=\"(max-width: 737px) 100vw, 737px\" \/><\/figure>\n\n\n\n<p><strong>De acordo com a Defesa Civil de Ibi\u00fana, nos \u00faltimos 15 dias foram atendidas at\u00e9 hoje (10) 72 ocorr\u00eancias, das quais 70 foram de inc\u00eandios nas matas que, al\u00e9m da agress\u00e3o \u00e0 natureza tamb\u00e9m causam a morte de animais, provocam nuvens de fuligem que se espalham com o vento sujando roupas em varais, al\u00e9m da fuma\u00e7a provocar outros desconfortos.<\/strong><\/p>\n\n\n\n<p><strong>A pequena, mas a dedicada e batalhadora equipe da Defesa Civil, tem se desdobrado para dar combate \u00e0s chamas, sobretudo nos lugares onde h\u00e1 risco de focos atingirem resid\u00eancias.<\/strong><\/p>\n\n\n\n<p><strong>Em alguns locais de dif\u00edcil acesso, como matas fechadas e brejos, o n\u00edvel de dificuldade \u00e9 extremo e pouco se pode fazer, mas nos casos em que o inc\u00eandio \u00e9 de grande propor\u00e7\u00e3o, a Defesa Civil de Ibi\u00fana aciona o Corpo de Bombeiros de S\u00e3o Roque para ajudar no combate ao fogo.<\/strong><\/p>\n\n\n\n<p>TELEFONES DA DEFESA CIVIL<\/p>\n\n\n\n<p><strong>\u00c9 importante que a popula\u00e7\u00e3o fique atenta e, ao menor sinal de inc\u00eandio, entre em contato com a Defesa Civil: s\u00f3 pelo WhatSapp &#8211; (15) 99834-4990 &#8211; (15) 3241-5929, das 8 \u00e0s 20 horas de segunda \u00e0 sexta-feira.<\/strong><\/p>\n\n\n\n<p>ATUALIZA\u00c7\u00c3O IMPORTANTE:<\/p>\n\n\n\n<p>A Defesa Civil informa que, em casos de risco de o fogo chegar a resid\u00eancias, os contatos devem ser feitos pelos telefones (15) 3241-5129 e (15) 99834-4990. As ocorr\u00eancias tamb\u00e9m podem ser informadas \u00e0 GCM pelo telefone (15) 99793-2439<\/p>\n","protected":false},"excerpt":{"rendered":"<p>Desde o dia 11 de julho, portanto h\u00e1 31 dias, n\u00e3o se registra \u00f3bito por covid-19 no Hospital Municipal de<\/p>\n","protected":false},"author":1,"featured_media":25320,"comment_status":"open","ping_status":"open","sticky":false,"template":"","format":"standard","meta":[],"categories":[3],"tags":[],"yoast_head":"<!-- This site is optimized with the Yoast SEO plugin v15.8 - https:\/\/yoast.com\/wordpress\/plugins\/seo\/ -->\n<title>IBI\u00daNA \u2013 H\u00c1 31 DIAS N\u00c3O SE REGISTRA \u00d3BITO POR COVID-19 NO HOSPITAL MUNICIPAL - Revista Vitrine Online<\/title>\n<meta name=\"robots\" content=\"index, follow, max-snippet:-1, max-image-preview:large, max-video-preview:-1\" \/>\n<link rel=\"canonical\" href=\"https:\/\/revistavitrineibiuna.com.br\/?p=25319\" \/>\n<meta property=\"og:locale\" content=\"pt_BR\" \/>\n<meta property=\"og:type\" content=\"article\" \/>\n<meta property=\"og:title\" content=\"IBI\u00daNA \u2013 H\u00c1 31 DIAS N\u00c3O SE REGISTRA \u00d3BITO POR COVID-19 NO HOSPITAL MUNICIPAL - Revista Vitrine Online\" \/>\n<meta property=\"og:description\" content=\"Desde o dia 11 de julho, portanto h\u00e1 31 dias, n\u00e3o se registra \u00f3bito por covid-19 no Hospital Municipal de\" \/>\n<meta property=\"og:url\" content=\"https:\/\/revistavitrineibiuna.com.br\/?p=25319\" \/>\n<meta property=\"og:site_name\" content=\"Revista Vitrine Online\" \/>\n<meta property=\"article:published_time\" content=\"2021-08-10T21:54:56+00:00\" \/>\n<meta property=\"article:modified_time\" content=\"2021-08-11T00:04:25+00:00\" \/>\n<meta property=\"og:image\" content=\"https:\/\/revistavitrineibiuna.com.br\/wp-content\/uploads\/2021\/08\/ENTRADA-COVID.jpg\" \/>\n\t<meta property=\"og:image:width\" content=\"740\" \/>\n\t<meta property=\"og:image:height\" content=\"490\" \/>\n<meta name=\"twitter:card\" content=\"summary\" \/>\n<meta name=\"twitter:label1\" content=\"Est. reading time\">\n\t<meta name=\"twitter:data1\" content=\"2 minutos\">\n<script type=\"application\/ld+json\" class=\"yoast-schema-graph\">{\"@context\":\"https:\/\/schema.org\",\"@graph\":[{\"@type\":\"WebSite\",\"@id\":\"http:\/\/revistavitrineibiuna.com.br\/#website\",\"url\":\"http:\/\/revistavitrineibiuna.com.br\/\",\"name\":\"Revista Vitrine Ibi\\u00fana\",\"description\":\"A Revista de Ibi\\u00fana e Regi\\u00e3o\",\"publisher\":{\"@id\":\"http:\/\/revistavitrineibiuna.com.br\/#\/schema\/person\/e51ef49d6d88170ea21ceabff3f73deb\"},\"potentialAction\":[{\"@type\":\"SearchAction\",\"target\":\"http:\/\/revistavitrineibiuna.com.br\/?s={search_term_string}\",\"query-input\":\"required name=search_term_string\"}],\"inLanguage\":\"pt-BR\"},{\"@type\":\"ImageObject\",\"@id\":\"https:\/\/revistavitrineibiuna.com.br\/?p=25319#primaryimage\",\"inLanguage\":\"pt-BR\",\"url\":\"https:\/\/revistavitrineibiuna.com.br\/wp-content\/uploads\/2021\/08\/ENTRADA-COVID.jpg\",\"width\":740,\"height\":490},{\"@type\":\"WebPage\",\"@id\":\"https:\/\/revistavitrineibiuna.com.br\/?p=25319#webpage\",\"url\":\"https:\/\/revistavitrineibiuna.com.br\/?p=25319\",\"name\":\"IBI\\u00daNA \\u2013 H\\u00c1 31 DIAS N\\u00c3O SE REGISTRA \\u00d3BITO POR COVID-19 NO HOSPITAL MUNICIPAL - Revista Vitrine Online\",\"isPartOf\":{\"@id\":\"http:\/\/revistavitrineibiuna.com.br\/#website\"},\"primaryImageOfPage\":{\"@id\":\"https:\/\/revistavitrineibiuna.com.br\/?p=25319#primaryimage\"},\"datePublished\":\"2021-08-10T21:54:56+00:00\",\"dateModified\":\"2021-08-11T00:04:25+00:00\",\"breadcrumb\":{\"@id\":\"https:\/\/revistavitrineibiuna.com.br\/?p=25319#breadcrumb\"},\"inLanguage\":\"pt-BR\",\"potentialAction\":[{\"@type\":\"ReadAction\",\"target\":[\"https:\/\/revistavitrineibiuna.com.br\/?p=25319\"]}]},{\"@type\":\"BreadcrumbList\",\"@id\":\"https:\/\/revistavitrineibiuna.com.br\/?p=25319#breadcrumb\",\"itemListElement\":[{\"@type\":\"ListItem\",\"position\":1,\"item\":{\"@type\":\"WebPage\",\"@id\":\"http:\/\/revistavitrineibiuna.com.br\/\",\"url\":\"http:\/\/revistavitrineibiuna.com.br\/\",\"name\":\"In\\u00edcio\"}},{\"@type\":\"ListItem\",\"position\":2,\"item\":{\"@type\":\"WebPage\",\"@id\":\"https:\/\/revistavitrineibiuna.com.br\/?p=25319\",\"url\":\"https:\/\/revistavitrineibiuna.com.br\/?p=25319\",\"name\":\"IBI\\u00daNA \\u2013 H\\u00c1 31 DIAS N\\u00c3O SE REGISTRA \\u00d3BITO POR COVID-19 NO HOSPITAL MUNICIPAL\"}}]},{\"@type\":\"Article\",\"@id\":\"https:\/\/revistavitrineibiuna.com.br\/?p=25319#article\",\"isPartOf\":{\"@id\":\"https:\/\/revistavitrineibiuna.com.br\/?p=25319#webpage\"},\"author\":{\"@id\":\"http:\/\/revistavitrineibiuna.com.br\/#\/schema\/person\/e51ef49d6d88170ea21ceabff3f73deb\"},\"headline\":\"IBI\\u00daNA \\u2013 H\\u00c1 31 DIAS N\\u00c3O SE REGISTRA \\u00d3BITO POR COVID-19 NO HOSPITAL MUNICIPAL\",\"datePublished\":\"2021-08-10T21:54:56+00:00\",\"dateModified\":\"2021-08-11T00:04:25+00:00\",\"mainEntityOfPage\":{\"@id\":\"https:\/\/revistavitrineibiuna.com.br\/?p=25319#webpage\"},\"commentCount\":0,\"publisher\":{\"@id\":\"http:\/\/revistavitrineibiuna.com.br\/#\/schema\/person\/e51ef49d6d88170ea21ceabff3f73deb\"},\"image\":{\"@id\":\"https:\/\/revistavitrineibiuna.com.br\/?p=25319#primaryimage\"},\"articleSection\":\"Not\\u00edcias\",\"inLanguage\":\"pt-BR\",\"potentialAction\":[{\"@type\":\"CommentAction\",\"name\":\"Comment\",\"target\":[\"https:\/\/revistavitrineibiuna.com.br\/?p=25319#respond\"]}]},{\"@type\":[\"Person\",\"Organization\"],\"@id\":\"http:\/\/revistavitrineibiuna.com.br\/#\/schema\/person\/e51ef49d6d88170ea21ceabff3f73deb\",\"name\":\"Carlos Rossini\",\"image\":{\"@type\":\"ImageObject\",\"@id\":\"http:\/\/revistavitrineibiuna.com.br\/#personlogo\",\"inLanguage\":\"pt-BR\",\"url\":\"https:\/\/secure.gravatar.com\/avatar\/4f2d0f99fac1f85c7d643f21f5c8d900?s=96&d=mm&r=g\",\"caption\":\"Carlos Rossini\"},\"logo\":{\"@id\":\"http:\/\/revistavitrineibiuna.com.br\/#personlogo\"},\"description\":\"Carlos Rossini \\u00e9 jornalista, soci\\u00f3logo, escritor e professor universit\\u00e1rio, tendo sido professor de jornalismo por vinte anos. Trabalhou em ve\\u00edculos de comunica\\u00e7\\u00e3o nas fun\\u00e7\\u00f5es de rep\\u00f3rter, redator, editor, articulista e colaborador, como Folha de S. Paulo, O Estado de S. Paulo, Di\\u00e1rio Popular, entre outros. Ao transferir a revista vitrine, vers\\u00e3o imprensa, de S\\u00e3o Paulo para Ibi\\u00fana h\\u00e1 alguns anos, iniciou uma nova experi\\u00eancia profissional, dedicando-se ao jornalismo regional, depois de cumprir uma trajet\\u00f3ria bem-sucedida na grande imprensa brasileira. Seu primeiro livro A Coragem de Comunicar foi lan\\u00e7ado na Bienal do Livro em S\\u00e3o Paulo no ano 2000, pela editora Madras.\"}]}<\/script>\n<!-- \/ Yoast SEO plugin. -->","_links":{"self":[{"href":"https:\/\/revistavitrineibiuna.com.br\/index.php?rest_route=\/wp\/v2\/posts\/25319"}],"collection":[{"href":"https:\/\/revistavitrineibiuna.com.br\/index.php?rest_route=\/wp\/v2\/posts"}],"about":[{"href":"https:\/\/revistavitrineibiuna.com.br\/index.php?rest_route=\/wp\/v2\/types\/post"}],"author":[{"embeddable":true,"href":"https:\/\/revistavitrineibiuna.com.br\/index.php?rest_route=\/wp\/v2\/users\/1"}],"replies":[{"embeddable":true,"href":"https:\/\/revistavitrineibiuna.com.br\/index.php?rest_route=%2Fwp%2Fv2%2Fcomments&post=25319"}],"version-history":[{"count":7,"href":"https:\/\/revistavitrineibiuna.com.br\/index.php?rest_route=\/wp\/v2\/posts\/25319\/revisions"}],"predecessor-version":[{"id":25329,"href":"https:\/\/revistavitrineibiuna.com.br\/index.php?rest_route=\/wp\/v2\/posts\/25319\/revisions\/25329"}],"wp:featuredmedia":[{"embeddable":true,"href":"https:\/\/revistavitrineibiuna.com.br\/index.php?rest_route=\/wp\/v2\/media\/25320"}],"wp:attachment":[{"href":"https:\/\/revistavitrineibiuna.com.br\/index.php?rest_route=%2Fwp%2Fv2%2Fmedia&parent=25319"}],"wp:term":[{"taxonomy":"category","embeddable":true,"href":"https:\/\/revistavitrineibiuna.com.br\/index.php?rest_route=%2Fwp%2Fv2%2Fcategories&post=25319"},{"taxonomy":"post_tag","embeddable":true,"href":"https:\/\/revistavitrineibiuna.com.br\/index.php?rest_route=%2Fwp%2Fv2%2Ftags&post=25319"}],"curies":[{"name":"wp","href":"https:\/\/api.w.org\/{rel}","templated":true}]}}