{"id":25330,"date":"2021-08-12T13:50:21","date_gmt":"2021-08-12T16:50:21","guid":{"rendered":"http:\/\/revistavitrineibiuna.com.br\/?p=25330"},"modified":"2021-08-12T14:23:03","modified_gmt":"2021-08-12T17:23:03","slug":"tarcisio-meira-morre-aos-85-anos-de-covid-19","status":"publish","type":"post","link":"https:\/\/revistavitrineibiuna.com.br\/?p=25330","title":{"rendered":"TARC\u00cdSIO MEIRA MORRE AOS 85 ANOS DE COVID-19"},"content":{"rendered":"\n<p><strong>Quando eu tralhava em uma das maiores ag\u00eancias de propaganda brasileira, um dia houve um grande alvoro\u00e7o feminino em todos os andares amplos e envidra\u00e7ados de um pr\u00e9dio localizado na Vila Mariana.<\/strong><\/p>\n\n\n\n<p><strong>\u00c9 que o gal\u00e3 e bonit\u00e3o Tarc\u00edsio Meira estava visitando a ag\u00eancia, acolhido pelo publicit\u00e1rio Mauro Salles. Todas queriam ver de perto, pedir aut\u00f3grafo e cumprimentar um dos maiores atores do Brasil. Ele desfilou seu famoso sorris\u00e3o e gestos de carinho por todos os departamentos por onde passou.<\/strong><\/p>\n\n\n\n<p><strong>Hoje (12), aos 85 anos, ele morreu no Hospital Albert Einstein, onde estava internado desde o dia 6 por ter contra\u00eddo covid-19 e n\u00e3o resistido \u00e0s complica\u00e7\u00f5es da doen\u00e7a.<\/strong><\/p>\n\n\n\n<p><strong>Casado com Gl\u00f3ria Menezes h\u00e1 59 anos, Gl\u00f3ria tamb\u00e9m contraiu o v\u00edrus, mas seu caso n\u00e3o se complicou como o do marido. Ela est\u00e1 internada em um quarto do mesmo hospital.<\/strong><\/p>\n\n\n\n<p><strong>Tarc\u00edsio foi intubado para tratar da doen\u00e7a e Gl\u00f3ria apresentou apenas sintomas leves.<\/strong><\/p>\n\n\n\n<p><strong>Ele marcou a hist\u00f3ria da TV e do cinema, tendo sido protagonista da primeira novela di\u00e1ria na extinta TV Excelsior, em 1963, chamada \u201c2-5499 Ocupado!\u201d.<\/strong><\/p>\n\n\n\n<p><strong>Tarc\u00edsio e Gl\u00f3ria s\u00e3o um dos mais longevos casais da TV e atuaram na TV Globo por mais de 50 anos. Sempre foram vistos juntos numa hist\u00f3ria de amor e coniv\u00eancia de rara beleza.<\/strong><\/p>\n\n\n\n<p><strong>&nbsp;Eles passaram a maior parte do per\u00edodo da pandemia isolados no munic\u00edpio de Porto Feliz, onde j\u00e1 haviam tomado as duas doses da vacina contra a covid-19. (C.R.)<\/strong><\/p>\n","protected":false},"excerpt":{"rendered":"<p>Quando eu tralhava em uma das maiores ag\u00eancias de propaganda brasileira, um dia houve um grande alvoro\u00e7o feminino em todos<\/p>\n","protected":false},"author":1,"featured_media":25331,"comment_status":"open","ping_status":"open","sticky":false,"template":"","format":"standard","meta":[],"categories":[3],"tags":[],"yoast_head":"<!-- This site is optimized with the Yoast SEO plugin v15.8 - https:\/\/yoast.com\/wordpress\/plugins\/seo\/ -->\n<title>TARC\u00cdSIO MEIRA MORRE AOS 85 ANOS DE COVID-19 - Revista Vitrine Online<\/title>\n<meta name=\"robots\" content=\"index, follow, max-snippet:-1, max-image-preview:large, max-video-preview:-1\" \/>\n<link rel=\"canonical\" href=\"https:\/\/revistavitrineibiuna.com.br\/?p=25330\" \/>\n<meta property=\"og:locale\" content=\"pt_BR\" \/>\n<meta property=\"og:type\" content=\"article\" \/>\n<meta property=\"og:title\" content=\"TARC\u00cdSIO MEIRA MORRE AOS 85 ANOS DE COVID-19 - Revista Vitrine Online\" \/>\n<meta property=\"og:description\" content=\"Quando eu tralhava em uma das maiores ag\u00eancias de propaganda brasileira, um dia houve um grande alvoro\u00e7o feminino em todos\" \/>\n<meta property=\"og:url\" content=\"https:\/\/revistavitrineibiuna.com.br\/?p=25330\" \/>\n<meta property=\"og:site_name\" content=\"Revista Vitrine Online\" \/>\n<meta property=\"article:published_time\" content=\"2021-08-12T16:50:21+00:00\" \/>\n<meta property=\"article:modified_time\" content=\"2021-08-12T17:23:03+00:00\" \/>\n<meta property=\"og:image\" content=\"https:\/\/revistavitrineibiuna.com.br\/wp-content\/uploads\/2021\/08\/Gloria-e-Tarcisio.png\" \/>\n\t<meta property=\"og:image:width\" content=\"740\" \/>\n\t<meta property=\"og:image:height\" content=\"493\" \/>\n<meta name=\"twitter:card\" content=\"summary\" \/>\n<meta name=\"twitter:label1\" content=\"Est. reading time\">\n\t<meta name=\"twitter:data1\" content=\"2 minutos\">\n<script type=\"application\/ld+json\" class=\"yoast-schema-graph\">{\"@context\":\"https:\/\/schema.org\",\"@graph\":[{\"@type\":\"WebSite\",\"@id\":\"http:\/\/revistavitrineibiuna.com.br\/#website\",\"url\":\"http:\/\/revistavitrineibiuna.com.br\/\",\"name\":\"Revista Vitrine Ibi\\u00fana\",\"description\":\"A Revista de Ibi\\u00fana e Regi\\u00e3o\",\"publisher\":{\"@id\":\"http:\/\/revistavitrineibiuna.com.br\/#\/schema\/person\/e51ef49d6d88170ea21ceabff3f73deb\"},\"potentialAction\":[{\"@type\":\"SearchAction\",\"target\":\"http:\/\/revistavitrineibiuna.com.br\/?s={search_term_string}\",\"query-input\":\"required name=search_term_string\"}],\"inLanguage\":\"pt-BR\"},{\"@type\":\"ImageObject\",\"@id\":\"https:\/\/revistavitrineibiuna.com.br\/?p=25330#primaryimage\",\"inLanguage\":\"pt-BR\",\"url\":\"https:\/\/revistavitrineibiuna.com.br\/wp-content\/uploads\/2021\/08\/Gloria-e-Tarcisio.png\",\"width\":740,\"height\":493},{\"@type\":\"WebPage\",\"@id\":\"https:\/\/revistavitrineibiuna.com.br\/?p=25330#webpage\",\"url\":\"https:\/\/revistavitrineibiuna.com.br\/?p=25330\",\"name\":\"TARC\\u00cdSIO MEIRA MORRE AOS 85 ANOS DE COVID-19 - Revista Vitrine Online\",\"isPartOf\":{\"@id\":\"http:\/\/revistavitrineibiuna.com.br\/#website\"},\"primaryImageOfPage\":{\"@id\":\"https:\/\/revistavitrineibiuna.com.br\/?p=25330#primaryimage\"},\"datePublished\":\"2021-08-12T16:50:21+00:00\",\"dateModified\":\"2021-08-12T17:23:03+00:00\",\"breadcrumb\":{\"@id\":\"https:\/\/revistavitrineibiuna.com.br\/?p=25330#breadcrumb\"},\"inLanguage\":\"pt-BR\",\"potentialAction\":[{\"@type\":\"ReadAction\",\"target\":[\"https:\/\/revistavitrineibiuna.com.br\/?p=25330\"]}]},{\"@type\":\"BreadcrumbList\",\"@id\":\"https:\/\/revistavitrineibiuna.com.br\/?p=25330#breadcrumb\",\"itemListElement\":[{\"@type\":\"ListItem\",\"position\":1,\"item\":{\"@type\":\"WebPage\",\"@id\":\"http:\/\/revistavitrineibiuna.com.br\/\",\"url\":\"http:\/\/revistavitrineibiuna.com.br\/\",\"name\":\"In\\u00edcio\"}},{\"@type\":\"ListItem\",\"position\":2,\"item\":{\"@type\":\"WebPage\",\"@id\":\"https:\/\/revistavitrineibiuna.com.br\/?p=25330\",\"url\":\"https:\/\/revistavitrineibiuna.com.br\/?p=25330\",\"name\":\"TARC\\u00cdSIO MEIRA MORRE AOS 85 ANOS DE COVID-19\"}}]},{\"@type\":\"Article\",\"@id\":\"https:\/\/revistavitrineibiuna.com.br\/?p=25330#article\",\"isPartOf\":{\"@id\":\"https:\/\/revistavitrineibiuna.com.br\/?p=25330#webpage\"},\"author\":{\"@id\":\"http:\/\/revistavitrineibiuna.com.br\/#\/schema\/person\/e51ef49d6d88170ea21ceabff3f73deb\"},\"headline\":\"TARC\\u00cdSIO MEIRA MORRE AOS 85 ANOS DE COVID-19\",\"datePublished\":\"2021-08-12T16:50:21+00:00\",\"dateModified\":\"2021-08-12T17:23:03+00:00\",\"mainEntityOfPage\":{\"@id\":\"https:\/\/revistavitrineibiuna.com.br\/?p=25330#webpage\"},\"commentCount\":0,\"publisher\":{\"@id\":\"http:\/\/revistavitrineibiuna.com.br\/#\/schema\/person\/e51ef49d6d88170ea21ceabff3f73deb\"},\"image\":{\"@id\":\"https:\/\/revistavitrineibiuna.com.br\/?p=25330#primaryimage\"},\"articleSection\":\"Not\\u00edcias\",\"inLanguage\":\"pt-BR\",\"potentialAction\":[{\"@type\":\"CommentAction\",\"name\":\"Comment\",\"target\":[\"https:\/\/revistavitrineibiuna.com.br\/?p=25330#respond\"]}]},{\"@type\":[\"Person\",\"Organization\"],\"@id\":\"http:\/\/revistavitrineibiuna.com.br\/#\/schema\/person\/e51ef49d6d88170ea21ceabff3f73deb\",\"name\":\"Carlos Rossini\",\"image\":{\"@type\":\"ImageObject\",\"@id\":\"http:\/\/revistavitrineibiuna.com.br\/#personlogo\",\"inLanguage\":\"pt-BR\",\"url\":\"https:\/\/secure.gravatar.com\/avatar\/4f2d0f99fac1f85c7d643f21f5c8d900?s=96&d=mm&r=g\",\"caption\":\"Carlos Rossini\"},\"logo\":{\"@id\":\"http:\/\/revistavitrineibiuna.com.br\/#personlogo\"},\"description\":\"Carlos Rossini \\u00e9 jornalista, soci\\u00f3logo, escritor e professor universit\\u00e1rio, tendo sido professor de jornalismo por vinte anos. Trabalhou em ve\\u00edculos de comunica\\u00e7\\u00e3o nas fun\\u00e7\\u00f5es de rep\\u00f3rter, redator, editor, articulista e colaborador, como Folha de S. Paulo, O Estado de S. Paulo, Di\\u00e1rio Popular, entre outros. Ao transferir a revista vitrine, vers\\u00e3o imprensa, de S\\u00e3o Paulo para Ibi\\u00fana h\\u00e1 alguns anos, iniciou uma nova experi\\u00eancia profissional, dedicando-se ao jornalismo regional, depois de cumprir uma trajet\\u00f3ria bem-sucedida na grande imprensa brasileira. Seu primeiro livro A Coragem de Comunicar foi lan\\u00e7ado na Bienal do Livro em S\\u00e3o Paulo no ano 2000, pela editora Madras.\"}]}<\/script>\n<!-- \/ Yoast SEO plugin. -->","_links":{"self":[{"href":"https:\/\/revistavitrineibiuna.com.br\/index.php?rest_route=\/wp\/v2\/posts\/25330"}],"collection":[{"href":"https:\/\/revistavitrineibiuna.com.br\/index.php?rest_route=\/wp\/v2\/posts"}],"about":[{"href":"https:\/\/revistavitrineibiuna.com.br\/index.php?rest_route=\/wp\/v2\/types\/post"}],"author":[{"embeddable":true,"href":"https:\/\/revistavitrineibiuna.com.br\/index.php?rest_route=\/wp\/v2\/users\/1"}],"replies":[{"embeddable":true,"href":"https:\/\/revistavitrineibiuna.com.br\/index.php?rest_route=%2Fwp%2Fv2%2Fcomments&post=25330"}],"version-history":[{"count":2,"href":"https:\/\/revistavitrineibiuna.com.br\/index.php?rest_route=\/wp\/v2\/posts\/25330\/revisions"}],"predecessor-version":[{"id":25333,"href":"https:\/\/revistavitrineibiuna.com.br\/index.php?rest_route=\/wp\/v2\/posts\/25330\/revisions\/25333"}],"wp:featuredmedia":[{"embeddable":true,"href":"https:\/\/revistavitrineibiuna.com.br\/index.php?rest_route=\/wp\/v2\/media\/25331"}],"wp:attachment":[{"href":"https:\/\/revistavitrineibiuna.com.br\/index.php?rest_route=%2Fwp%2Fv2%2Fmedia&parent=25330"}],"wp:term":[{"taxonomy":"category","embeddable":true,"href":"https:\/\/revistavitrineibiuna.com.br\/index.php?rest_route=%2Fwp%2Fv2%2Fcategories&post=25330"},{"taxonomy":"post_tag","embeddable":true,"href":"https:\/\/revistavitrineibiuna.com.br\/index.php?rest_route=%2Fwp%2Fv2%2Ftags&post=25330"}],"curies":[{"name":"wp","href":"https:\/\/api.w.org\/{rel}","templated":true}]}}